{"id":113785,"date":"2021-03-26T17:06:50","date_gmt":"2021-03-26T21:06:50","guid":{"rendered":"https:\/\/linitiative.ca\/International\/ugtt-noureddine-taboubi-ennahdha-est-a-lorigine-dun-certain-nombre-de-greves\/"},"modified":"2021-03-26T17:06:50","modified_gmt":"2021-03-26T21:06:50","slug":"ugtt-noureddine-taboubi-ennahdha-est-a-lorigine-dun-certain-nombre-de-greves","status":"publish","type":"post","link":"https:\/\/linitiative.ca\/International\/ugtt-noureddine-taboubi-ennahdha-est-a-lorigine-dun-certain-nombre-de-greves\/","title":{"rendered":"UGTT-Noureddine Taboubi : \u201cEnnahdha est \u00e0 l\u2019origine d\u2019un certain nombre de gr\u00e8ves\u201d"},"content":{"rendered":"<div class=\"post-cont-in left relative\">\n<div id=\"post-info-wrap\" class=\"left relative post-info-out\">\n<div class=\"post-info-img left relative\"><img decoding=\"async\" alt=\"\" src=\"https:\/\/secure.gravatar.com\/avatar\/ea481d7287ad38ca1787f44b5bb1b70e?s=50&amp;d=mm&amp;r=g\" srcset=\"https:\/\/secure.gravatar.com\/avatar\/ea481d7287ad38ca1787f44b5bb1b70e?s=100&amp;d=mm&amp;r=g 2x\" class=\"avatar avatar-50 photo\" height=\"50\" width=\"50\" loading=\"lazy\"\/><\/div>\n<div class=\"post-info-in\">\n<div class=\"post-info-right left relative post-info-name left relative\"><span><span class=\"post-info-text\">Par<\/span> <span class=\"author-name vcard fn author\"><a href=\"https:\/\/www.tunisienumerique.com\/author\/rania-ben-slimane\/\" title=\"Articles par rania ben slimane\" rel=\"author\">rania ben slimane<\/a><\/span><\/span> <span class=\"post-date updated\"><time class=\"post-date updated\" datetime=\"2021-03-26\">\u00a0| Il y a 13 secondes<\/time><\/span><br \/>\n<meta itemprop=\"dateModified\" content=\"2021-03-26\"\/><\/div>\n<div class=\"left relative\"><button id=\"listenButton1\" class=\"responsivevoice-button\" type=\"button\" value=\"Play\" title=\"\u00c9coutez l'article\"><span>\ud83d\udd0a \u00c9coutez l&rsquo;article<\/span><\/button>\n<\/div>\n<\/div>\n<\/div>\n<p>Le Secr\u00e9taire G\u00e9n\u00e9ral de l\u2019UGTT, Noureddine Taboubi a annonc\u00e9 ce soir, vendredi 26 mars 2021, qu\u2019il a eu aujourd\u2019hui une r\u00e9union au palais de Carthage avec le pr\u00e9sident de la R\u00e9publique, Kais Saied.<\/p>\n<div class=\"code-block code-block-1 c4\">\n <ins class=\"adsbygoogle c3\" data-ad-layout=\"in-article\" data-ad-format=\"fluid\" data-ad-client=\"ca-pub-2102118777505746\" data-ad-slot=\"7301775417\"\/>\n<\/div>\n<p>A l\u2019issue de leur r\u00e9union, Taboubi a exprim\u00e9 sa conviction que Saied non seulement adh\u00e8re \u00e0 l\u2019initiative de l\u2019organisation syndicale mais aussi il y tient.<\/p>\n<p>Dans une interview accord\u00e9e \u00e0 France 24, Taboubi a ajout\u00e9 qu\u2019\u201d<em>il y avait beaucoup de franchise (\u2026) Il y a un pas positif \u2026 un consensus s\u2019est produit sur tous les points \u2026 il y a un int\u00e9r\u00eat commun et c\u2019est l\u2019int\u00e9r\u00eat du pays<\/em>\u201c.<\/p>\n<p>\u00ab Je surmonterai certaines difficult\u00e9s gr\u00e2ce au soutien des parties restantes\u201d, a-t-il pr\u00e9cis\u00e9.<\/p>\n<p>\u00ab<em>Je savais \u00e0 quel point la situation allait \u00eatre \u2026 la veille de la s\u00e9ance de gain de confiance du Parlement, j\u2019ai appel\u00e9 le pr\u00e9sident de la R\u00e9publique et lui ai demand\u00e9 s\u2019il y avait des probl\u00e8mes constitutionnels li\u00e9s \u00e0 cet effet\u00bb, indiquant qu\u2019il a contact\u00e9 plus tard le Chef du gouvernement Hisham Mechichi et lui a demand\u00e9 de trouver une issue, soulignant qu\u2019il a \u00e9galement contact\u00e9 le pr\u00e9sident du Parlement, Rached Ghannouchi<\/em>\u00a0\u00bb, a-t-il d\u00e9clar\u00e9 concernant la crise du remaniement.<\/p>\n<p>En r\u00e9ponse \u00e0 une question enregistr\u00e9e, qui lui a \u00e9t\u00e9 adress\u00e9e par le chef du Conseil Echoura du parti Ennahdha, Abdelkarim Harouni sur la gestion syndicale des gr\u00e8ves \u00e0 la lumi\u00e8re de la crise socio-\u00e9conomique en Tunisie, Taboubi a d\u00e9clar\u00e9 que \u201c<em>certains politiciens, dont ceux d\u2019Ennahdha, sont \u00e0 l\u2019origine d\u2019un certain nombre de gr\u00e8ves, notamment celle des doctorants, et si Ennahdha avait r\u00e9ussi ses options apr\u00e8s la r\u00e9volution, nous n\u2019aurions pas atteint cette situation actuelle<\/em>.\u201d<\/p>\n<p>Dans le m\u00eame contexte, Taboubi a estim\u00e9 qu\u2019il existe une crise de confiance et que le r\u00f4le de l\u2019organisation syndicale est de tisser des liens et des ponts de confiance entre les diff\u00e9rentes parties ..<\/p>\n<p>\u201d <em>Malheureusement, la Tunisie souffre de l\u2019exaltation du \u00ab moi \u00bb .. Il est vrai que notre syst\u00e8me politique a quelques lacunes, mais il faudra un peu de temps pour y rem\u00e9dier<\/em>\u201d a-t-il expliqu\u00e9<\/p>\n<p>En outre, Taboubi a appel\u00e9 la classe politique \u00e0 cesser les conflits et \u00e0 ne pas sous-estimer le peuple, soulignant qu\u2019il n\u2019y a pas d\u2019alternatives outre que la n\u00e9gociation.<\/p>\n<div class=\"swp_social_panel swp_horizontal_panel swp_flat_fresh swp_default_full_color swp_individual_full_color swp_other_full_color scale-100 scale-\" data-min-width=\"1100\" data-float-color=\"#ffffff\" data-float=\"bottom\" data-float-mobile=\"bottom\" data-transition=\"slide\">\n<div class=\"nc_tweetContainer swp_share_button total_shares total_sharesalt\"><span class=\"swp_count\">0 <span class=\"swp_label\">Partages<\/span><\/span><\/div>\n<\/div>\n<p><strong>Que se passe-t-il en Tunisie?<\/strong><br \/>Nous expliquons sur notre <a href=\"https:\/\/www.youtube.com\/channel\/UCRzypVq0B_yBad5eGrwBx0Q?sub_confirmation=1\" target=\"_blank\" rel=\"noopener\">cha\u00eene YouTube<\/a> . <a href=\"https:\/\/www.youtube.com\/channel\/UCRzypVq0B_yBad5eGrwBx0Q?sub_confirmation=1\" target=\"_blank\" rel=\"noopener\">Abonnez-vous!<\/a><\/p>\n<div class=\"mvp-org-wrap\" itemprop=\"publisher\">\n<div class=\"mvp-org-logo\" itemprop=\"logo\"><img decoding=\"async\" src=\"https:\/\/www.tunisienumerique.com\/wp-content\/uploads\/2017\/02\/logo_tunisie_numerique.png\"\/><br \/>\n<meta itemprop=\"url\" content=\"https:\/\/www.tunisienumerique.com\/wp-content\/uploads\/2017\/02\/logo_tunisie_numerique.png\"\/><\/div>\n<p><meta content=\"Tunisie\"\/><\/div>\n<div class=\"mvp-related-posts left relative\">\n<h4 class=\"post-header\"><span class=\"post-header\">Lire aussi<\/span><\/h4>\n<\/div>\n<div id=\"article-ad\">\n <ins class=\"adsbygoogle c5\" data-ad-client=\"ca-pub-2102118777505746\" data-ad-slot=\"6513972734\" data-ad-format=\"auto\" data-full-width-responsive=\"true\"\/>\n<\/div>\n<\/div>\n<div id=\"post-sidebar-wrap\">\n <ins class=\"adsbygoogle c5\" data-ad-client=\"ca-pub-2102118777505746\" data-ad-slot=\"6168283410\" data-ad-format=\"auto\" data-full-width-responsive=\"true\"\/>\n<\/div>\n<p>Auteur: rania ben slimane<br \/>\n<a href=\"https:\/\/www.tunisienumerique.com\/ugtt-noureddine-taboubi-ennahdha-est-a-lorigine-dun-certain-nombre-de-greves\/\">Cliquez ici pour lire l&rsquo;article depuis sa source.<\/a><\/p>\n","protected":false},"excerpt":{"rendered":"<p>Par rania ben slimane \u00a0| Il y a 13 secondes \ud83d\udd0a \u00c9coutez l&rsquo;article Le Secr\u00e9taire G\u00e9n\u00e9ral de l\u2019UGTT, Noureddine Taboubi a annonc\u00e9 ce soir, vendredi 26 mars 2021, qu\u2019il a eu aujourd\u2019hui une r\u00e9union au palais de Carthage avec le pr\u00e9sident de la R\u00e9publique, Kais Saied. A l\u2019issue de leur r\u00e9union, Taboubi a exprim\u00e9 sa [&hellip;]<\/p>\n","protected":false},"author":1789,"featured_media":0,"comment_status":"closed","ping_status":"closed","sticky":false,"template":"","format":"standard","meta":{"fifu_image_url":"https:\/\/secure.gravatar.com\/avatar\/ea481d7287ad38ca1787f44b5bb1b70e?s=50&d=mm&r=g","fifu_image_alt":"UGTT-Noureddine Taboubi : \u201cEnnahdha est \u00e0 l\u2019origine d\u2019un certain nombre de gr\u00e8ves\u201d","footnotes":""},"categories":[73,55],"tags":[],"class_list":["post-113785","post","type-post","status-publish","format-standard","hentry","category-actualite","category-tunisie"],"_links":{"self":[{"href":"https:\/\/linitiative.ca\/International\/wp-json\/wp\/v2\/posts\/113785","targetHints":{"allow":["GET"]}}],"collection":[{"href":"https:\/\/linitiative.ca\/International\/wp-json\/wp\/v2\/posts"}],"about":[{"href":"https:\/\/linitiative.ca\/International\/wp-json\/wp\/v2\/types\/post"}],"author":[{"embeddable":true,"href":"https:\/\/linitiative.ca\/International\/wp-json\/wp\/v2\/users\/1789"}],"replies":[{"embeddable":true,"href":"https:\/\/linitiative.ca\/International\/wp-json\/wp\/v2\/comments?post=113785"}],"version-history":[{"count":0,"href":"https:\/\/linitiative.ca\/International\/wp-json\/wp\/v2\/posts\/113785\/revisions"}],"wp:attachment":[{"href":"https:\/\/linitiative.ca\/International\/wp-json\/wp\/v2\/media?parent=113785"}],"wp:term":[{"taxonomy":"category","embeddable":true,"href":"https:\/\/linitiative.ca\/International\/wp-json\/wp\/v2\/categories?post=113785"},{"taxonomy":"post_tag","embeddable":true,"href":"https:\/\/linitiative.ca\/International\/wp-json\/wp\/v2\/tags?post=113785"}],"curies":[{"name":"wp","href":"https:\/\/api.w.org\/{rel}","templated":true}]}}