{"id":113787,"date":"2021-03-25T19:01:43","date_gmt":"2021-03-25T23:01:43","guid":{"rendered":"https:\/\/linitiative.ca\/International\/interconnexion-ferroviaire-burkina-ghana-debut-des-travaux-en-2022\/"},"modified":"2021-03-25T19:01:43","modified_gmt":"2021-03-25T23:01:43","slug":"interconnexion-ferroviaire-burkina-ghana-debut-des-travaux-en-2022","status":"publish","type":"post","link":"https:\/\/linitiative.ca\/International\/interconnexion-ferroviaire-burkina-ghana-debut-des-travaux-en-2022\/","title":{"rendered":"Interconnexion ferroviaire Burkina-Ghana : D\u00e9but des travaux en 2022"},"content":{"rendered":"<div class=\"td-post-featured-image\"><a href=\"https:\/\/www.sidwaya.info\/wp-content\/uploads\/2021\/03\/gha.jpg\" data-caption=\"\"><img loading=\"lazy\" decoding=\"async\" width=\"696\" height=\"459\" class=\"entry-thumb td-modal-image\" src=\"https:\/\/www.sidwaya.info\/wp-content\/uploads\/2021\/03\/gha-696x459.jpg\" srcset=\"https:\/\/www.sidwaya.info\/wp-content\/uploads\/2021\/03\/gha-696x459.jpg 696w, https:\/\/www.sidwaya.info\/wp-content\/uploads\/2021\/03\/gha-300x198.jpg 300w, https:\/\/www.sidwaya.info\/wp-content\/uploads\/2021\/03\/gha-768x506.jpg 768w, https:\/\/www.sidwaya.info\/wp-content\/uploads\/2021\/03\/gha-150x99.jpg 150w, https:\/\/www.sidwaya.info\/wp-content\/uploads\/2021\/03\/gha-637x420.jpg 637w, https:\/\/www.sidwaya.info\/wp-content\/uploads\/2021\/03\/gha.jpg 787w\" sizes=\"auto, (max-width: 696px) 100vw, 696px\" alt=\"\" title=\"gha\"\/><\/a><\/div>\n<p><strong>Le Premier ministre, Christophe Joseph Marie Dabir\u00e9, a re\u00e7u en audience, le ministre ghan\u00e9en des Transports, John Peter Amewu le jeudi 25 mars 2021 \u00e0 la Primature.<\/strong> <strong>M. Amewu est venu s\u2019impr\u00e9gner du projet d\u2019interconnexion ferroviaire Burkina-Ghana.<\/strong><\/p>\n<p>Le projet d\u2019interconnexion ferroviaire Burkina-Ghana sera une r\u00e9alit\u00e9. En s\u00e9jour au pays des Hommes int\u00e8gres depuis mercredi dernier, le ministre ghan\u00e9en, John Peter Amewu, en compagnie de son homologue du Burkina Faso, Vincent T. Dabilgou, a \u00e9t\u00e9 re\u00e7u en audience le jeudi 25 mars 2021 par le Premier ministre Christophe Joseph Marie Dabir\u00e9 pour \u00e9changer sur l\u2019\u00e9tat d\u2019avancement du projet. Pr\u00e9c\u00e9demment ministre en charge de l\u2019\u00e9nergie, John Peter Amewu dit \u00eatre venu en tant que ministre des Transports pour s\u2019impr\u00e9gner du projet. \u00ab Nous sommes sur la m\u00eame longueur d\u2019onde. Les aspects techniques sont termin\u00e9s. Il reste la phase de construction \u00bb, a-t-il rassur\u00e9.<\/p>\n<p>Mais bien avant, John Peter Amewu a ajout\u00e9 qu\u2019il reste la phase de passation du march\u00e9. Pour lui, au regard du grand nombre de travaux d\u2019ing\u00e9nierie, les travaux du projet d\u2019interconnexion ferroviaire Burkina-Ghana vont d\u00e9buter concr\u00e8tement en 2022. A la suite du ministre ghan\u00e9en, le chef du gouvernement burkinab\u00e8 a re\u00e7u le directeur de African global developpement (AGD), P. K. Smart. Avec ce dernier, il a \u00e9t\u00e9 question du processus d\u2019acquisition d\u2019Air Burkina. \u00ab Avec le Premier ministre, nous sommes revenus sur notre plan d\u2019affaires quinquennal en ce qui concerne les investissements \u00e0 faire. Nous allons achever ce processus de transaction dans un futur tr\u00e8s proche\u00bb, a livr\u00e9 le directeur de AGD. Il a remerci\u00e9 le gouvernement du Burkina Faso pour l\u2019accompagnement de ce processus.<\/p>\n<p class=\"c1\"><strong>Pat\u00e9n\u00e9ma Oumar OUEDRAOGO<\/strong><\/p>\n<div class=\"td-a-rec td-a-rec-id-content_bottom tdi_33_e55 td_block_template_1\">\n<p><img loading=\"lazy\" decoding=\"async\" class=\"aligncenter size-full wp-image-27454\" src=\"https:\/\/www.sidwaya.info\/wp-content\/uploads\/2020\/10\/PUB-Bandeau-paiement-mobile-siteweb.jpg\" alt=\"\" width=\"728\" height=\"90\"\/><\/div>\n<p>Auteur: JK. Sidwaya<br \/>\n<a href=\"https:\/\/www.sidwaya.info\/blog\/2021\/03\/25\/interconnexion-ferroviaire-burkina-ghana-debut-des-travaux-en-2022\/\">Cliquez ici pour lire l&rsquo;article depuis sa source.<\/a><\/p>\n","protected":false},"excerpt":{"rendered":"<p>Le Premier ministre, Christophe Joseph Marie Dabir\u00e9, a re\u00e7u en audience, le ministre ghan\u00e9en des Transports, John Peter Amewu le jeudi 25 mars 2021 \u00e0 la Primature. M. Amewu est venu s\u2019impr\u00e9gner du projet d\u2019interconnexion ferroviaire Burkina-Ghana. Le projet d\u2019interconnexion ferroviaire Burkina-Ghana sera une r\u00e9alit\u00e9. En s\u00e9jour au pays des Hommes int\u00e8gres depuis mercredi dernier, [&hellip;]<\/p>\n","protected":false},"author":1816,"featured_media":0,"comment_status":"closed","ping_status":"closed","sticky":false,"template":"","format":"standard","meta":{"fifu_image_url":"https:\/\/www.sidwaya.info\/wp-content\/uploads\/2021\/03\/gha-696x459.jpg","fifu_image_alt":"Interconnexion ferroviaire Burkina-Ghana : D\u00e9but des travaux en 2022","footnotes":""},"categories":[73,81],"tags":[],"class_list":["post-113787","post","type-post","status-publish","format-standard","hentry","category-actualite","category-burkina-faso"],"_links":{"self":[{"href":"https:\/\/linitiative.ca\/International\/wp-json\/wp\/v2\/posts\/113787","targetHints":{"allow":["GET"]}}],"collection":[{"href":"https:\/\/linitiative.ca\/International\/wp-json\/wp\/v2\/posts"}],"about":[{"href":"https:\/\/linitiative.ca\/International\/wp-json\/wp\/v2\/types\/post"}],"author":[{"embeddable":true,"href":"https:\/\/linitiative.ca\/International\/wp-json\/wp\/v2\/users\/1816"}],"replies":[{"embeddable":true,"href":"https:\/\/linitiative.ca\/International\/wp-json\/wp\/v2\/comments?post=113787"}],"version-history":[{"count":0,"href":"https:\/\/linitiative.ca\/International\/wp-json\/wp\/v2\/posts\/113787\/revisions"}],"wp:attachment":[{"href":"https:\/\/linitiative.ca\/International\/wp-json\/wp\/v2\/media?parent=113787"}],"wp:term":[{"taxonomy":"category","embeddable":true,"href":"https:\/\/linitiative.ca\/International\/wp-json\/wp\/v2\/categories?post=113787"},{"taxonomy":"post_tag","embeddable":true,"href":"https:\/\/linitiative.ca\/International\/wp-json\/wp\/v2\/tags?post=113787"}],"curies":[{"name":"wp","href":"https:\/\/api.w.org\/{rel}","templated":true}]}}