{"id":113789,"date":"2021-03-25T19:11:11","date_gmt":"2021-03-25T23:11:11","guid":{"rendered":"https:\/\/linitiative.ca\/International\/centre-hospitalier-souro-sanou-de-bobo-dioulasso-des-agents-en-sit-in\/"},"modified":"2021-03-25T19:11:11","modified_gmt":"2021-03-25T23:11:11","slug":"centre-hospitalier-souro-sanou-de-bobo-dioulasso-des-agents-en-sit-in","status":"publish","type":"post","link":"https:\/\/linitiative.ca\/International\/centre-hospitalier-souro-sanou-de-bobo-dioulasso-des-agents-en-sit-in\/","title":{"rendered":"Centre hospitalier Souro-Sanou de Bobo-Dioulasso : Des agents en sit-in"},"content":{"rendered":"<div class=\"td-post-featured-image\">\n<figure><a href=\"https:\/\/www.sidwaya.info\/wp-content\/uploads\/2021\/03\/sanou.jpg\" data-caption=\"Des travailleurs du Centre hospitalier Souro-Sanou de Bobo-Dioulasso disent d\u00e9noncer leurs conditions de vie et de travail.\"><img loading=\"lazy\" decoding=\"async\" width=\"696\" height=\"522\" class=\"entry-thumb td-modal-image\" src=\"https:\/\/www.sidwaya.info\/wp-content\/uploads\/2021\/03\/sanou-696x522.jpg\" srcset=\"https:\/\/www.sidwaya.info\/wp-content\/uploads\/2021\/03\/sanou-696x522.jpg 696w, https:\/\/www.sidwaya.info\/wp-content\/uploads\/2021\/03\/sanou-300x225.jpg 300w, https:\/\/www.sidwaya.info\/wp-content\/uploads\/2021\/03\/sanou-768x576.jpg 768w, https:\/\/www.sidwaya.info\/wp-content\/uploads\/2021\/03\/sanou-150x112.jpg 150w, https:\/\/www.sidwaya.info\/wp-content\/uploads\/2021\/03\/sanou-560x420.jpg 560w, https:\/\/www.sidwaya.info\/wp-content\/uploads\/2021\/03\/sanou-80x60.jpg 80w, https:\/\/www.sidwaya.info\/wp-content\/uploads\/2021\/03\/sanou-265x198.jpg 265w, https:\/\/www.sidwaya.info\/wp-content\/uploads\/2021\/03\/sanou.jpg 787w\" sizes=\"auto, (max-width: 696px) 100vw, 696px\" alt=\"\" title=\"sanou\"\/><\/a><figcaption class=\"wp-caption-text\">Des travailleurs du Centre hospitalier Souro-Sanou de Bobo-Dioulasso disent d\u00e9noncer leurs conditions de vie et de travail.<\/figcaption><\/figure>\n<\/div>\n<p><strong>Le Syndicat des travailleurs de la sant\u00e9 humaine et animale (SYNTSHA) sous-section du Centre hospitalier Souro- Sanou de Bobo-Dioulasso observe des sit-in les 25 et 26 mars 2021 pour d\u00e9noncer la situation \u00ab\u00a0chaotique\u00a0\u00bb de l\u2019h\u00f4pital.<\/strong><\/p>\n<p>Des travailleurs du Centre hospitalier Souro Sanou (CHUSS) de Bobo-Dioulasso observent un arr\u00eat de travail de 7 heures \u00e0 11 heures les 25 et 26 mars 2021 \u00e0 l\u2019appel de la sous-section du Syndicat des travailleurs de la sant\u00e9 humaine et animale (SYNTSHA) afin de d\u00e9noncer leurs conditions de vie et de travail. En effet, les travailleurs disent exprimer leur indignation sur la situation \u00ab\u00a0chaotique\u00a0\u00bb de l\u2019h\u00f4pital. Selon le secr\u00e9taire g\u00e9n\u00e9ral de la sous-section du SYNTSHA, Yaya Traor\u00e9, le dernier conseil de direction du CHUSS a confort\u00e9 le syndicat dans sa position quant \u00e0 l\u2019incapacit\u00e9 de l\u2019autorit\u00e9 de l\u2019\u00e9tablissement \u00e0 trouver des solutions qui minent l\u2019h\u00f4pital. Yaya Traor\u00e9 \u00e9voque, entre autres, les probl\u00e8mes de gouvernance, du dysfonctionnement de la majorit\u00e9 des services, les coupures intempestives d\u2019eau, la mauvaise gestion des carri\u00e8res, le non-paiement \u00e0 bonne date de la prime de motivation trimestrielle, l\u2019insalubrit\u00e9 du r\u00e9fectoire et la mauvaise qualit\u00e9 de la restauration, la privatisation des soins publics, etc.<\/p>\n<p>En ce qui concerne les coupures intempestives d\u2019eau, il a soulign\u00e9 que l\u2019eau est une denr\u00e9e indispensable dans la prise en charge des patients. \u00ab\u00a0Il arrive m\u00eame que les accompagnants d\u00e9boursent de leur poche pour acheter l\u2019eau\u00a0\u00bb, a-t-il d\u00e9plor\u00e9. Face \u00e0 cette situation, M. Traor\u00e9 d\u00e9nonce le mutisme et l\u2019attitude \u00ab\u00a0m\u00e9prisante\u00a0\u00bb de l\u2019administration du CHUSS alors que le syndicat a manifest\u00e9 sa disponibilit\u00e9 \u00e0 prendre part \u00e0 tout cadre d\u2019\u00e9changes francs afin de trouver des solutions. Pour sa part, le directeur g\u00e9n\u00e9ral du CHUSS, Bakary Gustave Sanon, qui consid\u00e8re ce sit-in comme une gr\u00e8ve, a indiqu\u00e9 que ce mouvement d\u2019humeur est un non \u00e9v\u00e8nement et ne peut \u00eatre justifi\u00e9. Car, dit-il, le ministre de la Sant\u00e9, Pr Charlemagne Ou\u00e9draogo sera en visite \u00e0 Bobo-Dioulasso (Ndlr\u00a0: le 26 mars 2021). Tout en disant ne pas comprendre cet \u00ab\u00a0acharnement\u00a0\u00bb contre l\u2019administration, il a affirm\u00e9 que la motivation r\u00e9elle de ce sit-in se trouve ailleurs.<\/p>\n<p>Sur la question de coupure d\u2019eau, il a soulign\u00e9 que sa structure, de concert avec l\u2019ONEA, travaille \u00e0 la r\u00e9solution du probl\u00e8me. Il est pr\u00e9vu, d\u2019apr\u00e8s le premier responsable, la r\u00e9alisation de deux forages. En ce qui concerne la question d\u2019\u00e9quipements, Bakary Gustave Sanon, a relev\u00e9 que l\u2019h\u00f4pital est souvent victime des actes de sabotage par des agents. Sur le probl\u00e8me du r\u00e9fectoire et de la restauration, M. Sanon dit \u00eatre conscient de ce probl\u00e8me. Il a par ailleurs rassur\u00e9 que des mesures sont en train d\u2019\u00eatre prises pour y faire face. \u00ab\u00a0J\u2019ai instruit mes services techniques d\u2019\u00e9valuer le co\u00fbt des travaux de r\u00e9novation du r\u00e9fectoire et de la cuisine\u00a0\u00bb, a-t-il d\u00e9clar\u00e9.<\/p>\n<p class=\"c1\"><strong>Boudayinga J-M THIENON<\/strong><\/p>\n<div class=\"td-a-rec td-a-rec-id-content_bottom tdi_33_5b5 td_block_template_1\">\n<p><img loading=\"lazy\" decoding=\"async\" class=\"aligncenter size-full wp-image-27454\" src=\"https:\/\/www.sidwaya.info\/wp-content\/uploads\/2020\/10\/PUB-Bandeau-paiement-mobile-siteweb.jpg\" alt=\"\" width=\"728\" height=\"90\"\/><\/div>\n<p>Auteur: JK. Sidwaya<br \/>\n<a href=\"https:\/\/www.sidwaya.info\/blog\/2021\/03\/25\/centre-hospitalier-souro-sanou-de-bobo-dioulasso-des-agents-en-sit-in\/\">Cliquez ici pour lire l&rsquo;article depuis sa source.<\/a><\/p>\n","protected":false},"excerpt":{"rendered":"<p>Des travailleurs du Centre hospitalier Souro-Sanou de Bobo-Dioulasso disent d\u00e9noncer leurs conditions de vie et de travail. Le Syndicat des travailleurs de la sant\u00e9 humaine et animale (SYNTSHA) sous-section du Centre hospitalier Souro- Sanou de Bobo-Dioulasso observe des sit-in les 25 et 26 mars 2021 pour d\u00e9noncer la situation \u00ab\u00a0chaotique\u00a0\u00bb de l\u2019h\u00f4pital. Des travailleurs du [&hellip;]<\/p>\n","protected":false},"author":1816,"featured_media":0,"comment_status":"closed","ping_status":"closed","sticky":false,"template":"","format":"standard","meta":{"fifu_image_url":"https:\/\/www.sidwaya.info\/wp-content\/uploads\/2021\/03\/sanou-696x522.jpg","fifu_image_alt":"Centre hospitalier Souro-Sanou de Bobo-Dioulasso : Des agents en sit-in","footnotes":""},"categories":[73,81],"tags":[],"class_list":["post-113789","post","type-post","status-publish","format-standard","hentry","category-actualite","category-burkina-faso"],"_links":{"self":[{"href":"https:\/\/linitiative.ca\/International\/wp-json\/wp\/v2\/posts\/113789","targetHints":{"allow":["GET"]}}],"collection":[{"href":"https:\/\/linitiative.ca\/International\/wp-json\/wp\/v2\/posts"}],"about":[{"href":"https:\/\/linitiative.ca\/International\/wp-json\/wp\/v2\/types\/post"}],"author":[{"embeddable":true,"href":"https:\/\/linitiative.ca\/International\/wp-json\/wp\/v2\/users\/1816"}],"replies":[{"embeddable":true,"href":"https:\/\/linitiative.ca\/International\/wp-json\/wp\/v2\/comments?post=113789"}],"version-history":[{"count":0,"href":"https:\/\/linitiative.ca\/International\/wp-json\/wp\/v2\/posts\/113789\/revisions"}],"wp:attachment":[{"href":"https:\/\/linitiative.ca\/International\/wp-json\/wp\/v2\/media?parent=113789"}],"wp:term":[{"taxonomy":"category","embeddable":true,"href":"https:\/\/linitiative.ca\/International\/wp-json\/wp\/v2\/categories?post=113789"},{"taxonomy":"post_tag","embeddable":true,"href":"https:\/\/linitiative.ca\/International\/wp-json\/wp\/v2\/tags?post=113789"}],"curies":[{"name":"wp","href":"https:\/\/api.w.org\/{rel}","templated":true}]}}