{"id":113790,"date":"2021-03-25T19:16:14","date_gmt":"2021-03-25T23:16:14","guid":{"rendered":"https:\/\/linitiative.ca\/International\/allons-a-la-majorite\/"},"modified":"2021-03-25T19:16:14","modified_gmt":"2021-03-25T23:16:14","slug":"allons-a-la-majorite","status":"publish","type":"post","link":"https:\/\/linitiative.ca\/International\/allons-a-la-majorite\/","title":{"rendered":"Allons \u00e0 la Majorit\u00e9\u00a0!"},"content":{"rendered":"<div class=\"td-post-featured-image\"><a href=\"https:\/\/www.sidwaya.info\/wp-content\/uploads\/2021\/03\/Chronique.jpg\" data-caption=\"\"><img loading=\"lazy\" decoding=\"async\" width=\"696\" height=\"464\" class=\"entry-thumb td-modal-image\" src=\"https:\/\/www.sidwaya.info\/wp-content\/uploads\/2021\/03\/Chronique-696x464.jpg\" srcset=\"https:\/\/www.sidwaya.info\/wp-content\/uploads\/2021\/03\/Chronique-696x464.jpg 696w, https:\/\/www.sidwaya.info\/wp-content\/uploads\/2021\/03\/Chronique-300x200.jpg 300w, https:\/\/www.sidwaya.info\/wp-content\/uploads\/2021\/03\/Chronique-150x100.jpg 150w, https:\/\/www.sidwaya.info\/wp-content\/uploads\/2021\/03\/Chronique-630x420.jpg 630w, https:\/\/www.sidwaya.info\/wp-content\/uploads\/2021\/03\/Chronique.jpg 738w\" sizes=\"auto, (max-width: 696px) 100vw, 696px\" alt=\"\" title=\"Chronique\"\/><\/a><\/div>\n<p>Est-ce qu\u2019il y a encore de la place \u00e0 la Majorit\u00e9 pour un dernier arrivage ? Mon voisin aussi veut frapper au portail du s\u00e9rail. Il m\u2019a dit qu\u2019il a d\u00e9cid\u00e9 de faire le pas le plus patriotique et historique de sa vie. Apr\u00e8s r\u00e9flexion, il s\u2019est finalement rendu compte qu\u2019en r\u00e9alit\u00e9, il n\u2019y a pas de raison de s\u2019opposer \u00e0 qui que ce soit sous nos tropiques. On ne peut pas s\u2019opposer pour construire un pays. Ce serait comme courir et se gratter quelque part. Il a m\u00eame remis \u00e0 plat et en cause la d\u00e9mocratie en fustigeant le multipartisme. Pour lui, on ne peut pas avoir plus de cent partis politiques, parce qu\u2019on n\u2019a pas besoin de plus de cent visions pour b\u00e2tir une nation.<\/p>\n<p>Le pluralisme est le fondement de la d\u00e9mocratie mais \u00e0 quoi bon se multiplier quand on peut s\u2019additionner pour ne pas se diviser et mieux compter les uns sur les autres ? Et puis, quand la patrie vous appelle et vous tend la main, vous ne pouvez pas faire le muet et jouer le manchot. Il faut vite aller r\u00e9pondre et \u00eatre disponible \u00e0 servir avec ou sans soupe. Mon voisin n\u2019a pas entendu d\u2019appel de la patrie mais il a d\u00e9j\u00e0 dit oui. Il a m\u00eame paraphras\u00e9 un grand homme en ces termes : \u00ab il ne faut pas attendre que la Majorit\u00e9 vous appelle ; il faut aller vers la Majorit\u00e9 \u00bb. Il souhaite que tous les partis politiques entrent dans la Majorit\u00e9 pour donner du sens \u00e0 la d\u00e9mocratie et booster le d\u00e9veloppement du pays.<\/p>\n<p>Il trouve m\u00eame que c\u2019est du g\u00e2chis de financer des partis politiques \u00e0 co\u00fbt de milliards et dont la grosse part va dans les poches des \u00ab dealers \u00bb, pardon, des<br \/>\u00ab leaders \u00bb. Pour lui, il faut ouvrir la Majorit\u00e9 aux bonnes volont\u00e9s de tout bord. Parce qu\u2019il n\u2019y a rien de plus beau qu\u2019un homme qui se donne, s\u2019adonne et s\u2019abandonne \u00e0 ses adversaires pour que de l\u2019adversit\u00e9 renaisse l\u2019unit\u00e9 dans la communaut\u00e9.<br \/>Est-ce qu\u2019il y a encore de l\u2019espace \u00e0 la Majorit\u00e9 pour h\u00e9berger les passagers de l\u2019impasse ? Autant la nature a horreur du vide, autant le comble attire le manque.<\/p>\n<p>La politique est un jeu et seuls ceux qui la pratiquent avec praxis savent que tout est possible. L\u2019impossible n\u2019est qu\u2019une vue de l\u2019esprit et ce qui n\u2019a jamais \u00e9t\u00e9 existe d\u00e9j\u00e0 en politique. On peut vraiment penser que l\u2019horizon est la ligne qui marque la rencontre entre le ciel et la terre et professer que l\u2019avenir se conjugue au pr\u00e9sent. Il para\u00eet que c\u2019est le terrain qui commande la man\u0153uvre. On ne n\u00e9gocie pas un virage \u00e0 180 degr\u00e9 en contemplant son r\u00e9troviseur. On regarde devant soi, parce que chaque iota pass\u00e9 est d\u00e9j\u00e0 d\u00e9pass\u00e9, suffisamment loin pour \u00eatre un frein \u00e0 la marche en avant du r\u00eave \u00e9prouv\u00e9. En v\u00e9rit\u00e9, on ne va jamais \u00e0 la Majorit\u00e9 la t\u00eate haute et l\u2019honneur \u00e0 pique\u2026<\/p>\n<p>lire l\u2019article sur <a href=\"https:\/\/www.sidwaya.info\/numerique\/2021\/03\/25\/sidwaya-du-26-au-28-03-2021\/\">Sidwaya num\u00e9rique<\/a><\/p>\n<div class=\"td-a-rec td-a-rec-id-content_bottom tdi_33_465 td_block_template_1\">\n<p><img loading=\"lazy\" decoding=\"async\" class=\"aligncenter size-full wp-image-27454\" src=\"https:\/\/www.sidwaya.info\/wp-content\/uploads\/2020\/10\/PUB-Bandeau-paiement-mobile-siteweb.jpg\" alt=\"\" width=\"728\" height=\"90\"\/><\/div>\n<p>Auteur: JK. Sidwaya<br \/>\n<a href=\"https:\/\/www.sidwaya.info\/blog\/2021\/03\/25\/allons-a-la-majorite\/\">Cliquez ici pour lire l&rsquo;article depuis sa source.<\/a><\/p>\n","protected":false},"excerpt":{"rendered":"<p>Est-ce qu\u2019il y a encore de la place \u00e0 la Majorit\u00e9 pour un dernier arrivage ? Mon voisin aussi veut frapper au portail du s\u00e9rail. Il m\u2019a dit qu\u2019il a d\u00e9cid\u00e9 de faire le pas le plus patriotique et historique de sa vie. Apr\u00e8s r\u00e9flexion, il s\u2019est finalement rendu compte qu\u2019en r\u00e9alit\u00e9, il n\u2019y a [&hellip;]<\/p>\n","protected":false},"author":1816,"featured_media":0,"comment_status":"closed","ping_status":"closed","sticky":false,"template":"","format":"standard","meta":{"fifu_image_url":"https:\/\/www.sidwaya.info\/wp-content\/uploads\/2021\/03\/Chronique-696x464.jpg","fifu_image_alt":"Allons \u00e0 la Majorit\u00e9\u00a0!","footnotes":""},"categories":[73,81],"tags":[],"class_list":["post-113790","post","type-post","status-publish","format-standard","hentry","category-actualite","category-burkina-faso"],"_links":{"self":[{"href":"https:\/\/linitiative.ca\/International\/wp-json\/wp\/v2\/posts\/113790","targetHints":{"allow":["GET"]}}],"collection":[{"href":"https:\/\/linitiative.ca\/International\/wp-json\/wp\/v2\/posts"}],"about":[{"href":"https:\/\/linitiative.ca\/International\/wp-json\/wp\/v2\/types\/post"}],"author":[{"embeddable":true,"href":"https:\/\/linitiative.ca\/International\/wp-json\/wp\/v2\/users\/1816"}],"replies":[{"embeddable":true,"href":"https:\/\/linitiative.ca\/International\/wp-json\/wp\/v2\/comments?post=113790"}],"version-history":[{"count":0,"href":"https:\/\/linitiative.ca\/International\/wp-json\/wp\/v2\/posts\/113790\/revisions"}],"wp:attachment":[{"href":"https:\/\/linitiative.ca\/International\/wp-json\/wp\/v2\/media?parent=113790"}],"wp:term":[{"taxonomy":"category","embeddable":true,"href":"https:\/\/linitiative.ca\/International\/wp-json\/wp\/v2\/categories?post=113790"},{"taxonomy":"post_tag","embeddable":true,"href":"https:\/\/linitiative.ca\/International\/wp-json\/wp\/v2\/tags?post=113790"}],"curies":[{"name":"wp","href":"https:\/\/api.w.org\/{rel}","templated":true}]}}