{"id":113791,"date":"2021-03-26T10:40:53","date_gmt":"2021-03-26T14:40:53","guid":{"rendered":"https:\/\/linitiative.ca\/International\/soutien-a-la-productique-journalistique-sur-leconomie-la-chambre-de-commerce-injecte-50-millions-fcfa-a-travers-ecomedias\/"},"modified":"2021-03-26T10:40:53","modified_gmt":"2021-03-26T14:40:53","slug":"soutien-a-la-productique-journalistique-sur-leconomie-la-chambre-de-commerce-injecte-50-millions-fcfa-a-travers-ecomedias","status":"publish","type":"post","link":"https:\/\/linitiative.ca\/International\/soutien-a-la-productique-journalistique-sur-leconomie-la-chambre-de-commerce-injecte-50-millions-fcfa-a-travers-ecomedias\/","title":{"rendered":"Soutien \u00e0 la productique journalistique sur l\u2019\u00e9conomie: La Chambre de commerce injecte 50 millions FCFA \u00e0 travers \u00ab\u00a0EcoM\u00e9dias\u00a0\u00bb"},"content":{"rendered":"<div class=\"td-post-featured-image\"><a href=\"https:\/\/www.sidwaya.info\/wp-content\/uploads\/2021\/03\/1-42.jpg\" data-caption=\"\"><img loading=\"lazy\" decoding=\"async\" width=\"696\" height=\"372\" class=\"entry-thumb td-modal-image\" src=\"https:\/\/www.sidwaya.info\/wp-content\/uploads\/2021\/03\/1-42-696x372.jpg\" srcset=\"https:\/\/www.sidwaya.info\/wp-content\/uploads\/2021\/03\/1-42-696x372.jpg 696w, https:\/\/www.sidwaya.info\/wp-content\/uploads\/2021\/03\/1-42-300x160.jpg 300w, https:\/\/www.sidwaya.info\/wp-content\/uploads\/2021\/03\/1-42-768x410.jpg 768w, https:\/\/www.sidwaya.info\/wp-content\/uploads\/2021\/03\/1-42-150x80.jpg 150w, https:\/\/www.sidwaya.info\/wp-content\/uploads\/2021\/03\/1-42-786x420.jpg 786w, https:\/\/www.sidwaya.info\/wp-content\/uploads\/2021\/03\/1-42.jpg 900w\" sizes=\"auto, (max-width: 696px) 100vw, 696px\" alt=\"\" title=\"1\"\/><\/a><\/div>\n<p><strong>La Chambre de commerce et d\u2019industrie du Burkina Faso (CCI-BF) a lanc\u00e9 la 2<sup>e<\/sup> \u00e9dition de son projet \u00ab\u00a0EcoM\u00e9dias\u00a0\u00bb, le jeudi 25 mars 2021, \u00e0 Ouagadougou, sous le parrainage du ministre de la communication et des relations avec le parlement, porte-parole du gouvernement, Ousseni Tamboura. Il s\u2019agit d\u2019un appel \u00e0 projet d\u2019une valeur de 50 millions FCFA, qui vise \u00e0 soutenir les productions journalistiques dans le domaine \u00e9conomique et financier.<\/strong><\/p>\n<p>Les sujets \u00e9conomiques et financiers ne sont pas suffisamment pr\u00e9sents dans les contenus des m\u00e9dias burkinab\u00e8. La Chambre de commerce et d\u2019industrie du Burkina Faso (CCI-BF) veut contribuer \u00e0 changer la donne. A cet effet, elle a lanc\u00e9 la 2<sup>e<\/sup> \u00e9dition de son projet \u00ab\u00a0EcoM\u00e9dias\u00a0\u00bb, le jeudi 25 mars 2021, sous le parrainage du ministre de la communication et des relations avec le parlement, porte-parole du gouvernement, Ousseni Tamboura. D\u2019un co\u00fbt global de <strong>50 millions FCFA,<\/strong> <strong>\u00ab\u00a0EcoM\u00e9dias\u00a0\u00bb<\/strong> est une initiative d\u2019accompagnement des entreprises de presse en vue de la production de contenus d\u00e9di\u00e9s \u00e0 l\u2019\u00e9conomie, aux finances et \u00e0 la promotion du secteur priv\u00e9 au Burkina Faso, a indiqu\u00e9 le vice-pr\u00e9sident de la CCI-BF charg\u00e9 des services, S\u00e9kou Oumar Doudou Doumbia.<\/p>\n<p>Peuvent postuler \u00e0 cet appel \u00e0 projets, tous les m\u00e9dias, publics et priv\u00e9s, y compris ceux des r\u00e9gions, l\u00e9galement reconnus, \u00e0 jour de leurs cotisations fiscales, disposant d\u2019un si\u00e8ge social et fonctionnant avec au moins trois journalistes professionnels, a indiqu\u00e9 le directeur de l\u2019information et de la communication de la CCI-BF, Gilbert Ou\u00e9draogo.<\/p>\n<p><strong>Les centres d\u2019int\u00e9r\u00eat du projet<\/strong><\/p>\n<p>Les offres de productions doivent porter, entre autres, sur des Grands dossiers (reportage ou focus) sur les diff\u00e9rents secteurs d\u2019activit\u00e9s et leur contribution \u00e0 l\u2019\u00e9conomie nationale, des \u00e9missions de promotion des fili\u00e8res \u00e9conomiques porteuses, de valorisation et de promotion des mod\u00e8les de r\u00e9ussite dans le secteur priv\u00e9 burkinab\u00e8 et de promotion de l\u2019entrepreneuriat priv\u00e9, des opportunit\u00e9s d\u2019affaires au Burkina Faso, dans les pays de la sous-r\u00e9gion ou \u00e0 l\u2019international, a-t-il pr\u00e9cis\u00e9.<\/p>\n<p>A l\u2019issue du processus, 10 projets les plus pertinents seront retenus, soit 3 en t\u00e9l\u00e9, 2 en presse en ligne, 3 en presse \u00e9crite et 2 en radio. Chaque m\u00e9dia retenu recevra de la CCI-BF un financement de 5 millions de FCFA pour la mise en \u0153uvre de ces projets de productions journalistiques, \u00e0 l\u2019issue d\u2019une signature de contrat entre les deux parties.<\/p>\n<p>Mais contrairement \u00e0 la premi\u00e8re \u00e9dition, la pr\u00e9sente va se d\u00e9rouler en deux \u00e9tapes. Il y aura d\u2019abord une manifestation d\u2019int\u00e9r\u00eat qui permettra de pr\u00e9s\u00e9lectionner les candidats remplissant les crit\u00e8res minima en vue de leur participation \u00e0 une session de formation sur les techniques de montage de projets. A la suite de cette session, les postulants pr\u00e9s\u00e9lectionn\u00e9s devraient peaufiner leurs offres de projets pour une soumission d\u00e9finitive. Le processus de s\u00e9lection a d\u00e9marr\u00e9 le 25 mars 2021 avec le d\u00e9p\u00f4t des manifestations d\u2019int\u00e9r\u00eat et se terminera en fin juillet 2021 avec la d\u00e9lib\u00e9ration du Comit\u00e9 technique de s\u00e9lection (CTS) et la proclamation des r\u00e9sultats d\u00e9finitifs par le bureau consulaire.<\/p>\n<p><img decoding=\"async\" loading=\"lazy\" class=\"alignleft size-full wp-image-33812\" src=\"https:\/\/www.sidwaya.info\/wp-content\/uploads\/2021\/03\/3-3.jpg\" alt=\"\" width=\"900\" height=\"675\" srcset=\"https:\/\/www.sidwaya.info\/wp-content\/uploads\/2021\/03\/3-3.jpg 900w, https:\/\/www.sidwaya.info\/wp-content\/uploads\/2021\/03\/3-3-300x225.jpg 300w, https:\/\/www.sidwaya.info\/wp-content\/uploads\/2021\/03\/3-3-768x576.jpg 768w, https:\/\/www.sidwaya.info\/wp-content\/uploads\/2021\/03\/3-3-150x113.jpg 150w, https:\/\/www.sidwaya.info\/wp-content\/uploads\/2021\/03\/3-3-696x522.jpg 696w, https:\/\/www.sidwaya.info\/wp-content\/uploads\/2021\/03\/3-3-560x420.jpg 560w, https:\/\/www.sidwaya.info\/wp-content\/uploads\/2021\/03\/3-3-80x60.jpg 80w, https:\/\/www.sidwaya.info\/wp-content\/uploads\/2021\/03\/3-3-265x198.jpg 265w\" sizes=\"auto, (max-width: 900px) 100vw, 900px\"\/>L\u2019une des innovations de cette 2<sup>e<\/sup> \u00e9dition de \u00ab\u00a0Ecom\u00e9dias\u00a0\u00bb est aussi l\u2019harmonisation de montant du financement qui est de 5 millions pour toutes les cat\u00e9gories de m\u00e9dias et l\u2019assouplissement de la condition de nombre de journalistes professionnels que les entreprises de presse postulant doivent avoir et qui passe de 5 \u00e0 3.<\/p>\n<p><strong>La coh\u00e9rence avec la vision du gouvernement<\/strong><\/p>\n<p>Les journalistes ont voulu savoir s\u2019il sera possible de permettre aux m\u00e9dias retenus de revoir leur offre \u00e0 la hausse au cas o\u00f9 les projets s\u00e9lectionn\u00e9s ne couvrement l\u2019enveloppe de 50 millions pr\u00e9vue\u00a0; comme c\u2019est le cas de l\u2019\u00e9dition de 2019, o\u00f9 sur un budget initial de 52 millions seulement 22 millions FCFA ont \u00e9t\u00e9 absorb\u00e9s par les projets choisis. A cette question, le directeur g\u00e9n\u00e9ral de la CCI-BF, Issaka Kargougou, a laiss\u00e9 entendre qu\u2019il appartient au comit\u00e9 de s\u00e9lection d\u2019examiner et de faire des recommandations au bureau consulaire qui appr\u00e9ciera\u00a0!<\/p>\n<p>Revenant sur la mise en place de cette initiative, M. Doumbia a indiqu\u00e9 qu\u2019elle r\u00e9pond \u00e0 la volont\u00e9 du repr\u00e9sentant institutionnel du secteur priv\u00e9 burkinab\u00e8 de contribuer, de mani\u00e8re significative, \u00e0 la transformation du paysage m\u00e9diatique du pays des hommes int\u00e8gres. Il s\u2019agit \u00e9galement pour la CCI-BF de combler une lacune, qui est la non prise en compte des entreprises de presse dans ses projets d\u2019accompagnement du secteur priv\u00e9 burkinab\u00e8, a ajout\u00e9 Gilbert Ou\u00e9draogo.<\/p>\n<p>Le ministre en charge de la communication et parrain de \u00ab\u00a0EcoM\u00e9dia\u00a0\u00bb 2 a salu\u00e9 cette initiative <em>\u00ab\u00a0non n\u00e9gligeable\u00a0\u00bb<\/em> de la CCI-BF de renforcer les capacit\u00e9s productives des m\u00e9dias burkinab\u00e8 sur les sujets \u00e9conomiques et la promotion du secteur priv\u00e9 national. Pour lui, ce projet inclusif qui s\u2019adresse \u00e0 la fois \u00e0 la presse priv\u00e9e et publique est en phase avec la vision du gouvernement burkinab\u00e8. \u00a0<em>\u00ab\u00a0Avec EcoM\u00e9dias, vous ajoutez de la terre \u00e0 la terre\u00a0\u00bb<\/em>, a-t-il soutenu. M. Tamboura a promis de contribuer \u00e0 susciter une grande participation des m\u00e9dias au projet, \u00e0 travers sa promotion aupr\u00e8s des patrons de presse et des organisations professionnelles. Le ministre a \u00e9galement invit\u00e9 la CCI-BF \u00e0 la r\u00e9flexion afin trouver un m\u00e9canisme appropri\u00e9 pour une large diffusion des meilleures productions journalistiques aupr\u00e8s du grand public.<\/p>\n<p class=\"c1\"><strong>Mahamadi SEBOGO<\/strong><\/p>\n<p class=\"c1\"><strong><a href=\"mailto:Windmad76@gmail.com\">Windmad76@gmail.com<\/a><\/strong><\/p>\n<div class=\"td-a-rec td-a-rec-id-content_bottom tdi_33_954 td_block_template_1\">\n<p><img loading=\"lazy\" decoding=\"async\" class=\"aligncenter size-full wp-image-27454\" src=\"https:\/\/www.sidwaya.info\/wp-content\/uploads\/2020\/10\/PUB-Bandeau-paiement-mobile-siteweb.jpg\" alt=\"\" width=\"728\" height=\"90\"\/><\/div>\n<p>Auteur: BS. Sidwaya<br \/>\n<a href=\"https:\/\/www.sidwaya.info\/blog\/2021\/03\/26\/soutien-a-la-productique-journalistique-sur-leconomie-la-chambre-de-commerce-injecte-50-millions-fcfa-a-travers-ecomedias\/\">Cliquez ici pour lire l&rsquo;article depuis sa source.<\/a><\/p>\n","protected":false},"excerpt":{"rendered":"<p>La Chambre de commerce et d\u2019industrie du Burkina Faso (CCI-BF) a lanc\u00e9 la 2e \u00e9dition de son projet \u00ab\u00a0EcoM\u00e9dias\u00a0\u00bb, le jeudi 25 mars 2021, \u00e0 Ouagadougou, sous le parrainage du ministre de la communication et des relations avec le parlement, porte-parole du gouvernement, Ousseni Tamboura. Il s\u2019agit d\u2019un appel \u00e0 projet d\u2019une valeur de 50 [&hellip;]<\/p>\n","protected":false},"author":1816,"featured_media":0,"comment_status":"closed","ping_status":"closed","sticky":false,"template":"","format":"standard","meta":{"fifu_image_url":"https:\/\/www.sidwaya.info\/wp-content\/uploads\/2021\/03\/1-42-696x372.jpg","fifu_image_alt":"Soutien \u00e0 la productique journalistique sur l\u2019\u00e9conomie: La Chambre de commerce injecte 50 millions FCFA \u00e0 travers \u00ab\u00a0EcoM\u00e9dias\u00a0\u00bb","footnotes":""},"categories":[73,81],"tags":[],"class_list":["post-113791","post","type-post","status-publish","format-standard","hentry","category-actualite","category-burkina-faso"],"_links":{"self":[{"href":"https:\/\/linitiative.ca\/International\/wp-json\/wp\/v2\/posts\/113791","targetHints":{"allow":["GET"]}}],"collection":[{"href":"https:\/\/linitiative.ca\/International\/wp-json\/wp\/v2\/posts"}],"about":[{"href":"https:\/\/linitiative.ca\/International\/wp-json\/wp\/v2\/types\/post"}],"author":[{"embeddable":true,"href":"https:\/\/linitiative.ca\/International\/wp-json\/wp\/v2\/users\/1816"}],"replies":[{"embeddable":true,"href":"https:\/\/linitiative.ca\/International\/wp-json\/wp\/v2\/comments?post=113791"}],"version-history":[{"count":0,"href":"https:\/\/linitiative.ca\/International\/wp-json\/wp\/v2\/posts\/113791\/revisions"}],"wp:attachment":[{"href":"https:\/\/linitiative.ca\/International\/wp-json\/wp\/v2\/media?parent=113791"}],"wp:term":[{"taxonomy":"category","embeddable":true,"href":"https:\/\/linitiative.ca\/International\/wp-json\/wp\/v2\/categories?post=113791"},{"taxonomy":"post_tag","embeddable":true,"href":"https:\/\/linitiative.ca\/International\/wp-json\/wp\/v2\/tags?post=113791"}],"curies":[{"name":"wp","href":"https:\/\/api.w.org\/{rel}","templated":true}]}}