{"id":113792,"date":"2021-03-26T07:35:14","date_gmt":"2021-03-26T11:35:14","guid":{"rendered":"https:\/\/linitiative.ca\/International\/cameroun-jour-de-match-entre-requin-bleu-du-cap-vert-et-lions-indomptables\/"},"modified":"2021-03-26T07:35:14","modified_gmt":"2021-03-26T11:35:14","slug":"cameroun-jour-de-match-entre-requin-bleu-du-cap-vert-et-lions-indomptables","status":"publish","type":"post","link":"https:\/\/linitiative.ca\/International\/cameroun-jour-de-match-entre-requin-bleu-du-cap-vert-et-lions-indomptables\/","title":{"rendered":"Cameroun : jour de match entre Requin bleu du Cap-Vert et Lions indomptables"},"content":{"rendered":"<div readability=\"32\">\n<p>Publi\u00e9 le 26.03.2021 \u00e0 12h35 par Journal du Cameroun<\/p>\n<\/div>\n<div readability=\"59\">\n<h5 class=\"c9\">La rencontre compte pour la 5e journ\u00e9e des \u00e9liminatoires de la Coupe d\u2019Afrique des nations. Le Cameroun d\u00e9j\u00e0 qualifi\u00e9 veut gagner le match et poursuivre son but qui est de remporter le tournoi avec le maximum de points possibles.<\/h5>\n<p class=\"c10\">Cap-Vert \u2013 Cameroun, coup d\u2019envoi 17 heures. Match de la 5e journ\u00e9e des \u00e9liminatoires de la CAN. \u00a0A quelques heures du match contre le Cap-Vert, le s\u00e9lectionneur du Cameroun Antonio Concei\u00e7ao est optimiste. \u00ab\u00a0 <em>Chaque match a son histoire. On attend un match diff\u00e9rent, on a un groupe diff\u00e9rent. Il y a certains joueurs qui n\u2019ont pas pu voyager, \u00a0par exemple ceux qui \u00e9voluent dans le championnat fran\u00e7ais du fait des restrictions du gouvernement, d\u2019autres qui reviennent de blessure et qui n\u2019ont pas encore trouv\u00e9 le rythme. Mais moi je compte sur ces joueurs que j\u2019ai convoqu\u00e9s je compte \u00e9norm\u00e9ment sur eux, j\u2019ai confiance en eux<\/em>\u00a0\u00bb<\/p>\n<p class=\"c10\">La rencontre va se disputer sur une pelouse synth\u00e9tique. \u00ab\u00a0<em>\u00c7a va \u00eatre difficile pour les joueurs qui jouent d\u2019habitude sur le terrain naturel. (\u2026) On va s\u2019adapter, les joueurs sont avis\u00e9s pour cela. On va donner le maximum comme on l\u2019a fait depuis le d\u00e9but\u00a0<\/em>\u00bb, promet le s\u00e9lectionneur.<\/p>\n<p class=\"c10\">Sur l\u2019ambiance dans le groupe, le technicien portugais rassure qu\u2019il fait bon vivre dans la tani\u00e8re.\u00a0\u00ab\u00a0 <em>Ils (es joueurs) \u00a0vivent bien ensemble et pour moi c\u2019est le plus important. \u00c7a se voit au jour le jour comment le groupe vit ensemble. Ils sont bien ensemble et quand c\u2019est comme \u00e7a on est beaucoup plus pr\u00eats pour atteindre les objectifs qu\u2019on s\u2019est fix\u00e9s\u00a0<\/em>\u00bb.<\/p>\n<p class=\"c10\">Le groupe est form\u00e9 de 25 joueurs\u00a0\u00a0 Andr\u00e9 Franck Zambo Anguissa n\u2019a pas voyag\u00e9 \u00e0 cause du protocole sanitaire stricte de l\u2019Angleterre qui ne permet pas qu\u2019il se rende dans un pays tel que le Cap-Vert. Il retrouvera le reste de l\u2019\u00e9quipe pour le match suivant contre le Rwanda le 30 Mars \u00e0 Douala<\/p>\n<\/div>\n<p>Auteur: Christian DJIMADEU<br \/>\n<a href=\"https:\/\/www.journalducameroun.com\/cameroun-jour-de-match-entre-requin-bleu-du-cap-vert-et-lions-indomptables-cameroun\/\">Cliquez ici pour lire l&rsquo;article depuis sa source.<\/a><\/p>\n","protected":false},"excerpt":{"rendered":"<p>Publi\u00e9 le 26.03.2021 \u00e0 12h35 par Journal du Cameroun La rencontre compte pour la 5e journ\u00e9e des \u00e9liminatoires de la Coupe d\u2019Afrique des nations. Le Cameroun d\u00e9j\u00e0 qualifi\u00e9 veut gagner le match et poursuivre son but qui est de remporter le tournoi avec le maximum de points possibles. Cap-Vert \u2013 Cameroun, coup d\u2019envoi 17 heures. [&hellip;]<\/p>\n","protected":false},"author":1965,"featured_media":0,"comment_status":"closed","ping_status":"closed","sticky":false,"template":"","format":"standard","meta":{"fifu_image_url":"","fifu_image_alt":"","footnotes":""},"categories":[73,82],"tags":[],"class_list":["post-113792","post","type-post","status-publish","format-standard","hentry","category-actualite","category-cameroun"],"_links":{"self":[{"href":"https:\/\/linitiative.ca\/International\/wp-json\/wp\/v2\/posts\/113792","targetHints":{"allow":["GET"]}}],"collection":[{"href":"https:\/\/linitiative.ca\/International\/wp-json\/wp\/v2\/posts"}],"about":[{"href":"https:\/\/linitiative.ca\/International\/wp-json\/wp\/v2\/types\/post"}],"author":[{"embeddable":true,"href":"https:\/\/linitiative.ca\/International\/wp-json\/wp\/v2\/users\/1965"}],"replies":[{"embeddable":true,"href":"https:\/\/linitiative.ca\/International\/wp-json\/wp\/v2\/comments?post=113792"}],"version-history":[{"count":0,"href":"https:\/\/linitiative.ca\/International\/wp-json\/wp\/v2\/posts\/113792\/revisions"}],"wp:attachment":[{"href":"https:\/\/linitiative.ca\/International\/wp-json\/wp\/v2\/media?parent=113792"}],"wp:term":[{"taxonomy":"category","embeddable":true,"href":"https:\/\/linitiative.ca\/International\/wp-json\/wp\/v2\/categories?post=113792"},{"taxonomy":"post_tag","embeddable":true,"href":"https:\/\/linitiative.ca\/International\/wp-json\/wp\/v2\/tags?post=113792"}],"curies":[{"name":"wp","href":"https:\/\/api.w.org\/{rel}","templated":true}]}}