{"id":113793,"date":"2021-03-26T10:25:03","date_gmt":"2021-03-26T14:25:03","guid":{"rendered":"https:\/\/linitiative.ca\/International\/cameroun-coronavirus-le-centre-est-la-region-la-plus-touchee\/"},"modified":"2021-03-26T10:25:03","modified_gmt":"2021-03-26T14:25:03","slug":"cameroun-coronavirus-le-centre-est-la-region-la-plus-touchee","status":"publish","type":"post","link":"https:\/\/linitiative.ca\/International\/cameroun-coronavirus-le-centre-est-la-region-la-plus-touchee\/","title":{"rendered":"Cameroun-Coronavirus : le Centre est la r\u00e9gion la plus touch\u00e9e"},"content":{"rendered":"<div readability=\"32\">\n<p>Publi\u00e9 le 26.03.2021 \u00e0 15h25 par JournalduCameroun.com<\/p>\n<\/div>\n<div readability=\"49\">\n<h5 class=\"c9\">Les autorit\u00e9s de la r\u00e9gion prennent de nouvelles mesures pour stopper la propagation du virus.<\/h5>\n<p class=\"c10\">Naseri Paul Bea, le gouverneur de la <strong>r\u00e9gion du Centre<\/strong> le reconna\u00eet,\u00a0<em>\u00ab\u00a0la r\u00e9gion du Centre est consid\u00e9r\u00e9e comme l\u2019\u00e9picentre de cette lutte. Nous avons enregistr\u00e9s plus de 18\u00a0000 cas cumul\u00e9s, avec 272 morts\u00a0\u00bb<\/em>. Pour cette raison, l\u2019autorit\u00e9 administrative a interdit tout rassemblement \u00e0 caract\u00e8re festif. De son c\u00f4t\u00e9, le pr\u00e9fet de Yaound\u00e9 I a interdit le concert de l\u2019artiste Petit Pays pr\u00e9vu dans ce vendredi 26 mars dans un contexte de r\u00e9surgence du <strong>coronavirus<\/strong>.<\/p>\n<p class=\"c10\"><em>\u00ab\u00a0La situation continue, en terme d\u2019acc\u00e9l\u00e9ration de la transmission au niveaux des communaut\u00e9s\u00a0\u00bb<\/em>, indiqu\u00e9 ce jour Manaouda Malachie, le ministre de la Sant\u00e9 publique. \u00a0Il ajoute, <em>\u00ab\u00a0les clusters continuent de se multiplier. Nous avons un taux d\u2019occupation des lits qui est remont\u00e9 de \u00a014% \u00e0 16% aujourd\u2019hui. Les formes asymptomatiques sont beaucoup plus observ\u00e9es que les formes s\u00e9v\u00e8res et critiques.\u00a0 Nous observons que qu\u2019il y a encore des d\u00e9c\u00e8s qui sont constat\u00e9s. Cette semaine nous avons 67 d\u00e9c\u00e8s \u00e0 travers le pays. Nous pensons que c\u2019est \u00e9normes\u00a0\u00bb<\/em>.<\/p>\n<\/div>\n<p>Auteur: journalducameroun<br \/>\n<a href=\"https:\/\/www.journalducameroun.com\/cameroun-coronavirus-le-centre-est-la-region-la-plus-touchee-cameroun\/\">Cliquez ici pour lire l&rsquo;article depuis sa source.<\/a><\/p>\n","protected":false},"excerpt":{"rendered":"<p>Publi\u00e9 le 26.03.2021 \u00e0 15h25 par JournalduCameroun.com Les autorit\u00e9s de la r\u00e9gion prennent de nouvelles mesures pour stopper la propagation du virus. Naseri Paul Bea, le gouverneur de la r\u00e9gion du Centre le reconna\u00eet,\u00a0\u00ab\u00a0la r\u00e9gion du Centre est consid\u00e9r\u00e9e comme l\u2019\u00e9picentre de cette lutte. Nous avons enregistr\u00e9s plus de 18\u00a0000 cas cumul\u00e9s, avec 272 morts\u00a0\u00bb. [&hellip;]<\/p>\n","protected":false},"author":1965,"featured_media":0,"comment_status":"closed","ping_status":"closed","sticky":false,"template":"","format":"standard","meta":{"fifu_image_url":"","fifu_image_alt":"","footnotes":""},"categories":[73,82],"tags":[],"class_list":["post-113793","post","type-post","status-publish","format-standard","hentry","category-actualite","category-cameroun"],"_links":{"self":[{"href":"https:\/\/linitiative.ca\/International\/wp-json\/wp\/v2\/posts\/113793","targetHints":{"allow":["GET"]}}],"collection":[{"href":"https:\/\/linitiative.ca\/International\/wp-json\/wp\/v2\/posts"}],"about":[{"href":"https:\/\/linitiative.ca\/International\/wp-json\/wp\/v2\/types\/post"}],"author":[{"embeddable":true,"href":"https:\/\/linitiative.ca\/International\/wp-json\/wp\/v2\/users\/1965"}],"replies":[{"embeddable":true,"href":"https:\/\/linitiative.ca\/International\/wp-json\/wp\/v2\/comments?post=113793"}],"version-history":[{"count":0,"href":"https:\/\/linitiative.ca\/International\/wp-json\/wp\/v2\/posts\/113793\/revisions"}],"wp:attachment":[{"href":"https:\/\/linitiative.ca\/International\/wp-json\/wp\/v2\/media?parent=113793"}],"wp:term":[{"taxonomy":"category","embeddable":true,"href":"https:\/\/linitiative.ca\/International\/wp-json\/wp\/v2\/categories?post=113793"},{"taxonomy":"post_tag","embeddable":true,"href":"https:\/\/linitiative.ca\/International\/wp-json\/wp\/v2\/tags?post=113793"}],"curies":[{"name":"wp","href":"https:\/\/api.w.org\/{rel}","templated":true}]}}