{"id":113794,"date":"2021-03-26T11:14:09","date_gmt":"2021-03-26T15:14:09","guid":{"rendered":"https:\/\/linitiative.ca\/International\/coupures-denergie-electrique-le-dg-de-la-sonatrel-se-defausse-sur-eneo\/"},"modified":"2021-03-26T11:14:09","modified_gmt":"2021-03-26T15:14:09","slug":"coupures-denergie-electrique-le-dg-de-la-sonatrel-se-defausse-sur-eneo","status":"publish","type":"post","link":"https:\/\/linitiative.ca\/International\/coupures-denergie-electrique-le-dg-de-la-sonatrel-se-defausse-sur-eneo\/","title":{"rendered":"Coupures d\u2019\u00e9nergie \u00e9lectrique : le Dg de la Sonatrel se d\u00e9fausse sur Eneo"},"content":{"rendered":"<div readability=\"32\">\n<p>Publi\u00e9 le 26.03.2021 \u00e0 16h14 par JournalduCameroun.com<\/p>\n<\/div>\n<div readability=\"61\">\n<h5 class=\"c9\">Victor Mbemi Nyaknga, manager de la Soci\u00e9t\u00e9 nationale de transport de l\u2019\u00e9lectricit\u00e9 dit ne pas \u00eatre responsables des coupures intempestives et appelle Eneo \u00e0 g\u00e9rer l\u2019\u00e9nergie <em>\u00ab\u00a0\u00e0 bon escient<\/em>\u00a0\u00bb.<\/h5>\n<p class=\"c10\">Dans un entretien \u00e0 la radio nationale ce 26 mars, le Directeur g\u00e9n\u00e9ral de la Soci\u00e9t\u00e9 nationale de transport de l\u2019\u00e9lectricit\u00e9 (Sonatrel) met \u00e0 l\u2019index <strong>Eneo<\/strong>, qui produit et distribue le courant, dans un contexte de coupures intempestives qui provoquent la col\u00e8re des populations. <em>\u00ab\u00a0Quand vous voyez les petites coupures dans les quartiers et dans les villes. Cela ne concerne g\u00e9n\u00e9ralement pas la Sonatrel. Cela concerne le distributeur parce que nous ne travaillons pas avec les poteaux bois. Nous ne\u00a0 travaillons pas avec les lignes basses tensions. Nous travaillons avec la haute tension. Il faut que ce soit clair pour les consommateurs\u00a0\u00bb<\/em>, a d\u00e9clar\u00e9 le DG de Sonatrel.<\/p>\n<p class=\"c10\">Une accusation qui arrive apr\u00e8s une gigantesque panne de courant qui a priv\u00e9 la capitale Yaound\u00e9 d\u2019\u00e9lectricit\u00e9 pendant deux jours. Tentant de d\u00e9gager sa responsabilit\u00e9, le Dg de la Sonatrel indique que la situation est revenue \u00e0 la normale sur l\u2019ensemble du r\u00e9seau de distribution. <em>\u00ab\u00a0La ligne a \u00e9t\u00e9 r\u00e9tablie apr\u00e8s intervention prompte de la Sonatrel. Nous sommes descendus, moi-m\u00eame j\u2019\u00e9tais dans les mar\u00e9cages o\u00f9 l\u2019arbre a \u00e9t\u00e9 abattu. Avec nos \u00e9quipes, nous avons pu r\u00e9tablir la ligne. Le r\u00e9seau de transport se porte bien. Il est stable sur l\u2019ensemble du territoire national\u00a0\u00bb<\/em>, s\u2019est-il f\u00e9licit\u00e9.<\/p>\n<p class=\"c10\">Quelques jours plut\u00f4t, la <strong>Sonatrel<\/strong> avait inform\u00e9 qu\u2019un arbre abattu par un paysan, \u00e0 40 km de Yaound\u00e9, \u00e9tait tomb\u00e9 sur une ligne de transport, privant la ville d\u2019\u00e9nergie. <em>\u00ab\u00a0Il revient maintenant \u00e0 Eneo, le distributeur et producteur d\u2019utiliser cette \u00e9nergie \u00e0 bon escient pour la satisfaction des besoins de tous nos consommateurs\u00a0\u00bb<\/em>, interpelle Victor Mbemi Nyaknga. Et de rappeler\u00a0: <em>\u00ab\u00a0Le secteur \u00e9lectrique est constitu\u00e9 de trois parties essentielles, la production, la distribution et le transport. La Sonatrel s\u2019occupe exclusivement du transport de l\u2019\u00e9nergie \u00e9lectrique\u00a0\u00bb<\/em>.<\/p>\n<\/div>\n<p>Auteur: journalducameroun<br \/>\n<a href=\"https:\/\/www.journalducameroun.com\/coupures-denergie-electrique-le-dg-de-la-sonatrel-se-defausse-sur-eneo-cameroun\/\">Cliquez ici pour lire l&rsquo;article depuis sa source.<\/a><\/p>\n","protected":false},"excerpt":{"rendered":"<p>Publi\u00e9 le 26.03.2021 \u00e0 16h14 par JournalduCameroun.com Victor Mbemi Nyaknga, manager de la Soci\u00e9t\u00e9 nationale de transport de l\u2019\u00e9lectricit\u00e9 dit ne pas \u00eatre responsables des coupures intempestives et appelle Eneo \u00e0 g\u00e9rer l\u2019\u00e9nergie \u00ab\u00a0\u00e0 bon escient\u00a0\u00bb. Dans un entretien \u00e0 la radio nationale ce 26 mars, le Directeur g\u00e9n\u00e9ral de la Soci\u00e9t\u00e9 nationale de transport [&hellip;]<\/p>\n","protected":false},"author":1965,"featured_media":0,"comment_status":"closed","ping_status":"closed","sticky":false,"template":"","format":"standard","meta":{"fifu_image_url":"","fifu_image_alt":"","footnotes":""},"categories":[73,82],"tags":[],"class_list":["post-113794","post","type-post","status-publish","format-standard","hentry","category-actualite","category-cameroun"],"_links":{"self":[{"href":"https:\/\/linitiative.ca\/International\/wp-json\/wp\/v2\/posts\/113794","targetHints":{"allow":["GET"]}}],"collection":[{"href":"https:\/\/linitiative.ca\/International\/wp-json\/wp\/v2\/posts"}],"about":[{"href":"https:\/\/linitiative.ca\/International\/wp-json\/wp\/v2\/types\/post"}],"author":[{"embeddable":true,"href":"https:\/\/linitiative.ca\/International\/wp-json\/wp\/v2\/users\/1965"}],"replies":[{"embeddable":true,"href":"https:\/\/linitiative.ca\/International\/wp-json\/wp\/v2\/comments?post=113794"}],"version-history":[{"count":0,"href":"https:\/\/linitiative.ca\/International\/wp-json\/wp\/v2\/posts\/113794\/revisions"}],"wp:attachment":[{"href":"https:\/\/linitiative.ca\/International\/wp-json\/wp\/v2\/media?parent=113794"}],"wp:term":[{"taxonomy":"category","embeddable":true,"href":"https:\/\/linitiative.ca\/International\/wp-json\/wp\/v2\/categories?post=113794"},{"taxonomy":"post_tag","embeddable":true,"href":"https:\/\/linitiative.ca\/International\/wp-json\/wp\/v2\/tags?post=113794"}],"curies":[{"name":"wp","href":"https:\/\/api.w.org\/{rel}","templated":true}]}}