{"id":113795,"date":"2021-03-26T11:22:31","date_gmt":"2021-03-26T15:22:31","guid":{"rendered":"https:\/\/linitiative.ca\/International\/cameroun-coronavirus-699-cas-et-2-deces-dans-les-prisons\/"},"modified":"2021-03-26T11:22:31","modified_gmt":"2021-03-26T15:22:31","slug":"cameroun-coronavirus-699-cas-et-2-deces-dans-les-prisons","status":"publish","type":"post","link":"https:\/\/linitiative.ca\/International\/cameroun-coronavirus-699-cas-et-2-deces-dans-les-prisons\/","title":{"rendered":"Cameroun-Coronavirus : 699 cas et 2 d\u00e9c\u00e8s dans les prisons"},"content":{"rendered":"<div readability=\"32\">\n<p>Publi\u00e9 le 26.03.2021 \u00e0 16h22 par JournalduCameroun.com<\/p>\n<\/div>\n<div readability=\"51\">\n<h5 class=\"c9\">Le ministre de la Justice assure que toutes les mesures sont prises pour limiter les contagions dans un univers carc\u00e9ral o\u00f9 l\u2019on compte plus de 27\u00a0000 prisonniers r\u00e9partis dans 70 prisons.<\/h5>\n<p class=\"c10\">Sur les 699 cas de <strong>coronavirus<\/strong> d\u00e9tect\u00e9s dans 21 prisons du Cameroun, 225 sont en cours de traitement et deux d\u00e9c\u00e8s ont d\u00e9j\u00e0 \u00e9t\u00e9 enregistr\u00e9s. Ces chiffres sont de Laurent Esso, ministre de la Justice garde des Sceaux. Ce dernier pr\u00e9cise que les deux personnes disparues sont mortes au cours de leur transf\u00e8rement dans un centre de prise en charge. <em>\u00ab\u00a0Le Centre le plus proche c\u2019est Orca. Nous avons certains (malades) \u00e0 l\u2019h\u00f4pital Jamot. Nous avons d\u2019autres \u00e0 l\u2019h\u00f4pital Central\u00a0\u00bb<\/em>, renseigne le ministre, alors qu\u2019il \u00e9tait l\u2019invit\u00e9 du 13h au poste national de la Crtv.<\/p>\n<p class=\"c10\">Laurent Esso souligne que les cas enregistr\u00e9s ont \u00e9t\u00e9 d\u00e9pist\u00e9s dans 21 <strong>prisons<\/strong>, sur les 70 que compte le <strong>Cameroun<\/strong>, pour une population de d\u00e9tenus \u00e9valu\u00e9e \u00e0 plus de 27\u00a0000. Le garde des Sceaux reconnait que termes de mesures barri\u00e8res, la distanciation sociale est difficile \u00e0 respecter dans les prisons. Cependant, d\u2019autres mesures sont prises pour limiter les contagions et la propagation. <em>\u00ab\u00a0Nous faisons du mieux que nous pouvons pour respecter les mesures barri\u00e8res<\/em> explique-t-il. <em>Les corv\u00e9es ext\u00e9rieures sont suspendues, nous g\u00e9rons strictement les communications, les gens viennent rendre visite et nous limitons strictement ces visites\u00a0\u00bb.<\/em> Il ajoute\u00a0: <em>\u00ab\u00a0nous avons suspendu nos activit\u00e9s socioculturelles. M\u00eame nos partenaires habituels ne sont pas autoris\u00e9s \u00e0 mener des activit\u00e9s socioculturelles. Le port du masque est obligatoire. Avant toute incarc\u00e9ration, on fait un contr\u00f4le pour les gens qui sont d\u00e9f\u00e9r\u00e9s par les parquets. Ceux qui sont positifs vont tout de suite dans un centre appropri\u00e9. Les autres sont gard\u00e9s trois jours pour qu\u2018on s\u2019assure qu\u2019ils peuvent \u00eatre incarc\u00e9r\u00e9s\u00a0\u00bb<\/em>.<\/p>\n<\/div>\n<p>Auteur: journalducameroun<br \/>\n<a href=\"https:\/\/www.journalducameroun.com\/cameroun-coronavirus-699-cas-et-2-deces-dans-les-prisons-cameroun\/\">Cliquez ici pour lire l&rsquo;article depuis sa source.<\/a><\/p>\n","protected":false},"excerpt":{"rendered":"<p>Publi\u00e9 le 26.03.2021 \u00e0 16h22 par JournalduCameroun.com Le ministre de la Justice assure que toutes les mesures sont prises pour limiter les contagions dans un univers carc\u00e9ral o\u00f9 l\u2019on compte plus de 27\u00a0000 prisonniers r\u00e9partis dans 70 prisons. Sur les 699 cas de coronavirus d\u00e9tect\u00e9s dans 21 prisons du Cameroun, 225 sont en cours de [&hellip;]<\/p>\n","protected":false},"author":1965,"featured_media":0,"comment_status":"closed","ping_status":"closed","sticky":false,"template":"","format":"standard","meta":{"fifu_image_url":"","fifu_image_alt":"","footnotes":""},"categories":[73,82],"tags":[],"class_list":["post-113795","post","type-post","status-publish","format-standard","hentry","category-actualite","category-cameroun"],"_links":{"self":[{"href":"https:\/\/linitiative.ca\/International\/wp-json\/wp\/v2\/posts\/113795","targetHints":{"allow":["GET"]}}],"collection":[{"href":"https:\/\/linitiative.ca\/International\/wp-json\/wp\/v2\/posts"}],"about":[{"href":"https:\/\/linitiative.ca\/International\/wp-json\/wp\/v2\/types\/post"}],"author":[{"embeddable":true,"href":"https:\/\/linitiative.ca\/International\/wp-json\/wp\/v2\/users\/1965"}],"replies":[{"embeddable":true,"href":"https:\/\/linitiative.ca\/International\/wp-json\/wp\/v2\/comments?post=113795"}],"version-history":[{"count":0,"href":"https:\/\/linitiative.ca\/International\/wp-json\/wp\/v2\/posts\/113795\/revisions"}],"wp:attachment":[{"href":"https:\/\/linitiative.ca\/International\/wp-json\/wp\/v2\/media?parent=113795"}],"wp:term":[{"taxonomy":"category","embeddable":true,"href":"https:\/\/linitiative.ca\/International\/wp-json\/wp\/v2\/categories?post=113795"},{"taxonomy":"post_tag","embeddable":true,"href":"https:\/\/linitiative.ca\/International\/wp-json\/wp\/v2\/tags?post=113795"}],"curies":[{"name":"wp","href":"https:\/\/api.w.org\/{rel}","templated":true}]}}