{"id":113796,"date":"2021-03-26T11:41:36","date_gmt":"2021-03-26T15:41:36","guid":{"rendered":"https:\/\/linitiative.ca\/International\/me-christian-bomo-ntimbane-maurice-kamto-nest-pas-la-propriete-politique-des-bamileke\/"},"modified":"2021-03-26T11:41:36","modified_gmt":"2021-03-26T15:41:36","slug":"me-christian-bomo-ntimbane-maurice-kamto-nest-pas-la-propriete-politique-des-bamileke","status":"publish","type":"post","link":"https:\/\/linitiative.ca\/International\/me-christian-bomo-ntimbane-maurice-kamto-nest-pas-la-propriete-politique-des-bamileke\/","title":{"rendered":"Me Christian Bomo Ntimbane : Maurice Kamto n\u2019est pas la propri\u00e9t\u00e9 politique des Bamileke"},"content":{"rendered":"<div readability=\"32\">\n<p>Publi\u00e9 le 26.03.2021 \u00e0 16h41 par JournalduCameroun.com<\/p>\n<\/div>\n<div readability=\"100\">\n<h5 class=\"c9\">L\u2019avocat, qui avait soutenu l\u2019opposant au r\u00e9gime de Yaound\u00e9 lors de la pr\u00e9sidentielle de 2018, s\u2019insurge contre les extr\u00e9mistes du Mouvement pour la renaissance du Cameroun (Mrc).<\/h5>\n<p class=\"c10\">Je constate depuis un certain temps que toute observation ou critique politique sur le \u00a0leader de la r\u00e9volution camerounaise Maurice Kamto et son parti le MRC\u00a0 sont analys\u00e9es\u00a0 par certains ethnofascistes bamileke des r\u00e9seaux sociaux, d\u2019ailleurs minoritaires, m\u00eame s\u2019ils sont tr\u00e8s excit\u00e9s, comme du tribalisme ou\u00a0 des attaques contre le\u00a0 grand peuple bamileke, que je respecte et que je consid\u00e8re personnellement avec reconnaissance\u00a0 comme le plus grand\u00a0 martyr de\u00a0 la lutte pour la lib\u00e9ration du Cameroun. Pr\u00e8s d\u2019un\u00a0 million de\u00a0 jeunes bamileke sont morts pour\u00a0 l\u2019ind\u00e9pendance\u00a0 du Cameroun !<\/p>\n<p class=\"c10\">Maurice Kamto est un leader politique qui a propos\u00e9 un programme politique pour diriger tous les camerounais. Il est de notre droit de v\u00e9rifier s\u2019il est capable de le faire \u00a0et s\u2019il\u00a0 fait ce qu\u2019il promet. Mon regard critique sur ses agissements n\u2019a donc rien \u00e0 voir avec un certain tribalisme contre\u00a0 sa tribu dont certains essaient de m\u2019affabuler avec peu de succ\u00e8s. Je ne voudrais pas rentrer dans les liens filiaux de ma famille tr\u00e8s \u00e9troit avec les Bamileke pour d\u00e9montrer quoi que ce soit.<\/p>\n<p class=\"c10\">Je suis simplement\u00a0 surpris par toutes ces insinuations qui indiquent qu\u2019en\u00a0 critiquant Maurice Kamto et son parti pour le rendre plus performant, c\u2019est attaquer le grand peuple, je repr\u00e9cise le grand peuple bamileke, sans lequel, le Cameroun ne serait pas ce qu\u2019il est aujourd\u2019hui. De m\u00eame, il est important de rappeler \u00e0 ces quelques\u00a0 ethnofascistes des r\u00e9seaux sociaux\u00a0 que Maurice Kamto et le MRC\u00a0 ne sont\u00a0 pas les propri\u00e9taires du grand peuple bamileke.<\/p>\n<p class=\"c10\">De nombreux jeunes bamileke qui me contactent de plus en plus pour appr\u00e9cier mon travail pour une alternance d\u00e9mocratique au Cameroun avant 2025,ont le sentiment qu\u2019ils sont oblig\u00e9s de tout accepter et de ne pas critiquer le MRC et son leader, de peur d\u2019\u00eatre vus et\u00a0 tax\u00e9s de fingon, une expression qui veut dire tra\u00eetre \u00e0 l\u2019ouest du Cameroun.<\/p>\n<p class=\"c10\">Je voudrais \u00e0 cet effet, une fois de plus, signifier que soutenir <strong>Maurice Kamto<\/strong> et le <strong>MRC<\/strong> , pour un ressortissant bamileke n\u2019est pas une obligation. \u00c7a commence \u00e0 ressembler \u00e0 ce que vivent les populations bulu, interdites de dire non \u00e0\u00a0\u00a0 Paul Biya au risque d\u2019\u00eatre tortur\u00e9es et stigmatis\u00e9es comme je le suis en ce moment dans ma r\u00e9gion. Maurice Kamto est un acteur politique et ses fr\u00e8res de tribu sont libres de ne pas suivre sa vision politique ou m\u00eame la critiquer sans subir des attaques ad hominem. Il est absurde de penser comme on l\u2019entend souvent dire qu\u2019il est le seul.<\/p>\n<p class=\"c10\">Avant Maurice Kamto, il y a eu en politique\u00a0 de valeureux enfants de l\u2019ouest comme Ernest OUANDIE, Kemajou Daniel qui fit d\u2019Ahidjo pr\u00e9sident de la R\u00e9publique, Mathias Djoumessi et plus r\u00e9cemment encore, m\u00eame si\u00a0 je suis contre\u00a0 leur calomnie \u00e0 l\u2019 \u00e9gard\u00a0 de Maurice Kamto :\u00a0 C\u00e9lestin Monga ou Djeukam Tchameni. M\u00eame sur le plan intellectuel, je suis d\u00e9sol\u00e9, Maurice Kamto n\u2019est pas la plus grande\u00a0 \u00e9minence\u00a0 grise de cette r\u00e9gion. \u00a0Il y en a tellement, qu\u2019il serait fastidieux de les \u00e9num\u00e9rer, et dans tous les domaines, y compris en droit.<\/p>\n<p class=\"c10\">Intimider ou obliger les\u00a0 ressortissants bamileke \u00e0 devenir des adeptes du MRC, est inadmissible et intol\u00e9rable. Ils sont libres d\u2019adh\u00e9rer au mouvement politique de leur choix, de critiquer tout acteur politique que ce soit, sans avoir \u00e0 subir toutes ces insultes et rejets.\u00a0 Les forces de l\u2019esprit d\u00e9mocratique camerounaise , veilleront \u00e0 ce que les enfants bamileke soient\u00a0 libres d\u2019adh\u00e9rer , d\u2019avoir d\u2019autres leaders, de\u00a0 militer au parti de leur choix et de suivre le leader qu\u2019ils ont d\u00e9cid\u00e9 de choisir. Nous n\u2019accepterons pas que ce qui se passe avec les bulu, oblig\u00e9s de militer de militer dans le\u00a0 Rdpc, le parti de ce que ces ethnofascistes Beti\u00a0 appellent\u00a0 le parti de leur fr\u00e8re ou du patriarche Beti.<\/p>\n<p class=\"c10\">Christian Ntimbane Bomo<\/p>\n<p class=\"c10\">Soci\u00e9t\u00e9 Civile Critique.<\/p>\n<\/div>\n<p>Auteur: journalducameroun<br \/>\n<a href=\"https:\/\/www.journalducameroun.com\/me-christian-bomo-ntimbane-maurice-kamto-nest-pas-la-propriete-politique-des-bamileke\/\">Cliquez ici pour lire l&rsquo;article depuis sa source.<\/a><\/p>\n","protected":false},"excerpt":{"rendered":"<p>Publi\u00e9 le 26.03.2021 \u00e0 16h41 par JournalduCameroun.com L\u2019avocat, qui avait soutenu l\u2019opposant au r\u00e9gime de Yaound\u00e9 lors de la pr\u00e9sidentielle de 2018, s\u2019insurge contre les extr\u00e9mistes du Mouvement pour la renaissance du Cameroun (Mrc). Je constate depuis un certain temps que toute observation ou critique politique sur le \u00a0leader de la r\u00e9volution camerounaise Maurice Kamto [&hellip;]<\/p>\n","protected":false},"author":1965,"featured_media":0,"comment_status":"closed","ping_status":"closed","sticky":false,"template":"","format":"standard","meta":{"fifu_image_url":"","fifu_image_alt":"","footnotes":""},"categories":[73,82],"tags":[],"class_list":["post-113796","post","type-post","status-publish","format-standard","hentry","category-actualite","category-cameroun"],"_links":{"self":[{"href":"https:\/\/linitiative.ca\/International\/wp-json\/wp\/v2\/posts\/113796","targetHints":{"allow":["GET"]}}],"collection":[{"href":"https:\/\/linitiative.ca\/International\/wp-json\/wp\/v2\/posts"}],"about":[{"href":"https:\/\/linitiative.ca\/International\/wp-json\/wp\/v2\/types\/post"}],"author":[{"embeddable":true,"href":"https:\/\/linitiative.ca\/International\/wp-json\/wp\/v2\/users\/1965"}],"replies":[{"embeddable":true,"href":"https:\/\/linitiative.ca\/International\/wp-json\/wp\/v2\/comments?post=113796"}],"version-history":[{"count":0,"href":"https:\/\/linitiative.ca\/International\/wp-json\/wp\/v2\/posts\/113796\/revisions"}],"wp:attachment":[{"href":"https:\/\/linitiative.ca\/International\/wp-json\/wp\/v2\/media?parent=113796"}],"wp:term":[{"taxonomy":"category","embeddable":true,"href":"https:\/\/linitiative.ca\/International\/wp-json\/wp\/v2\/categories?post=113796"},{"taxonomy":"post_tag","embeddable":true,"href":"https:\/\/linitiative.ca\/International\/wp-json\/wp\/v2\/tags?post=113796"}],"curies":[{"name":"wp","href":"https:\/\/api.w.org\/{rel}","templated":true}]}}