{"id":113797,"date":"2021-03-26T03:10:57","date_gmt":"2021-03-26T07:10:57","guid":{"rendered":"https:\/\/linitiative.ca\/International\/cameroun-bresil-les-deputes-tablent-sur-lextradition-et-le-transferement-des-prisonniers\/"},"modified":"2021-03-26T03:10:57","modified_gmt":"2021-03-26T07:10:57","slug":"cameroun-bresil-les-deputes-tablent-sur-lextradition-et-le-transferement-des-prisonniers","status":"publish","type":"post","link":"https:\/\/linitiative.ca\/International\/cameroun-bresil-les-deputes-tablent-sur-lextradition-et-le-transferement-des-prisonniers\/","title":{"rendered":"Cameroun-Br\u00e9sil : les d\u00e9put\u00e9s tablent sur l\u2019extradition et le transf\u00e8rement des prisonniers"},"content":{"rendered":"<p>Le 03 septembre 2019 \u00e0 Brasilia, le ministre d\u2019Etat, ministre de la Justice, Garde des Sceaux, Laurent Esso et le ministre d\u2019Etat, ministre des Relations ext\u00e9rieures br\u00e9silien, Ernesto Araujo ont sign\u00e9 deux Accords. Le premier porte sur le transf\u00e8rement des personnes condamn\u00e9es \u00e0 une peine privative de libert\u00e9, tandis que le second porte sur l\u2019extradition.\u00a0\u00a0Dans le d\u00e9tail, le projet de loi relatif au transf\u00e8rement des personnes condamn\u00e9es \u00e0 une peine privative de libert\u00e9 fixe notamment les conditions \u00e0 remplir pour que ce processus\u00a0\u00a0ait lieu.\u00a0La personne condamn\u00e9e ne peut \u00eatre transf\u00e9r\u00e9e que si\u00a0: \u00ab\u00a0il est ressortissant, r\u00e9sident habituel ou une personne ayant des liens \u00e9troits avec la partie requ\u00e9rante\u00a0; la d\u00e9cision judiciaire est d\u00e9finitive et ex\u00e9cutoire, la peine encourue est encore d\u2019une dur\u00e9e de six (06)mois au moment de la r\u00e9ception de la demande de transf\u00e8rement, l\u2019infraction ayant donn\u00e9 lieu \u00e0 la condamnation constitue \u00e9galement une infraction dans la loi de l\u2019Etat requis\u00a0; le transf\u00e8rement est consenti par la personne condamn\u00e9e ou par son repr\u00e9sentant l\u00e9gal, l\u2019Etat de condamnation (Etat o\u00f9 le jugement est rendu) et\u00a0<em>l\u2019Etat d\u2019ex\u00e9cution<\/em>\u00a0( partie o\u00f9 le condamn\u00e9 peut \u00eatre transf\u00e9r\u00e9)\u00a0conviennent du transf\u00e8rement\u00a0\u00bb.<\/p>\n<p>L\u2019application de la peine dans le cadre d\u2019un\u00a0\u00a0transf\u00e8rement des prisonniers d\u2019un \u00c9tat \u00e0 un autre ob\u00e9it elle \u00e9galement \u00e0 certaines r\u00e8gles. L\u2019Etat d\u2019ex\u00e9cution doit imp\u00e9rativement appliquer la m\u00eame dur\u00e9e\u00a0\u00a0de privation de libert\u00e9 impos\u00e9e par l\u2019Etat de condamnation. Toutefois, dans les cas de condamnation \u00e0 mort ou \u00e0 vie, si les\u00a0\u00a0lois de la\u00a0\u00a0partie d\u2019ex\u00e9cution ne pr\u00e9voient pas ce type de peine, l\u2019Etat o\u00f9 est dit le jugement doit appliquer la peine maximale pr\u00e9vue par ses lois. Avant le transf\u00e8rement.<\/p>\n<p><strong>Extradition<\/strong><\/p>\n<p>Le Second projet de loi porte sur l\u2019extradition. Celle-ci ne peut intervenir que dans le cas o\u00f9 l\u2019infraction concern\u00e9e est punie d\u2019au moins deux ans par les lois camerounaises et br\u00e9siliennes. Toutefois, des cas de refus sont pr\u00e9vus. L\u2019extradition est donc refus\u00e9e si\u00a0: La partie requise consid\u00e8re que l\u2019extradition pourrait porter atteinte \u00e0 sa souverainet\u00e9, si elle pense que les droits humains de la personne \u00e0 extrader ne seront pas respect\u00e9s, si elle pense que la demande d\u2019extradition a pour but de punir la personne \u00e0 extrader, si la partie requise a accord\u00e9 l\u2019asile ou le statut de r\u00e9fugi\u00e9 politique \u00e0 la personne demand\u00e9e, en cas de g\u00e9nocide, crime de guerre\u00a0etc. La partie requise ne doit en outre pas appliquer de peine de mort ou d\u2019emprisonnement \u00e0 vie \u00e0 l\u2019endroit de la personne demand\u00e9e.<\/p>\n<p>Auteur: EcoMatin<br \/>\n<a href=\"https:\/\/ecomatin.net\/cameroun-bresil-les-deputess-tablent-sur-lextradition-et-le-transferement-des-prisonniers\/\">Cliquez ici pour lire l&rsquo;article depuis sa source.<\/a><\/p>\n","protected":false},"excerpt":{"rendered":"<p>Le 03 septembre 2019 \u00e0 Brasilia, le ministre d\u2019Etat, ministre de la Justice, Garde des Sceaux, Laurent Esso et le ministre d\u2019Etat, ministre des Relations ext\u00e9rieures br\u00e9silien, Ernesto Araujo ont sign\u00e9 deux Accords. Le premier porte sur le transf\u00e8rement des personnes condamn\u00e9es \u00e0 une peine privative de libert\u00e9, tandis que le second porte sur l\u2019extradition.\u00a0\u00a0Dans [&hellip;]<\/p>\n","protected":false},"author":1969,"featured_media":0,"comment_status":"closed","ping_status":"closed","sticky":false,"template":"","format":"standard","meta":{"fifu_image_url":"","fifu_image_alt":"","footnotes":""},"categories":[82,78],"tags":[],"class_list":["post-113797","post","type-post","status-publish","format-standard","hentry","category-cameroun","category-economie"],"_links":{"self":[{"href":"https:\/\/linitiative.ca\/International\/wp-json\/wp\/v2\/posts\/113797","targetHints":{"allow":["GET"]}}],"collection":[{"href":"https:\/\/linitiative.ca\/International\/wp-json\/wp\/v2\/posts"}],"about":[{"href":"https:\/\/linitiative.ca\/International\/wp-json\/wp\/v2\/types\/post"}],"author":[{"embeddable":true,"href":"https:\/\/linitiative.ca\/International\/wp-json\/wp\/v2\/users\/1969"}],"replies":[{"embeddable":true,"href":"https:\/\/linitiative.ca\/International\/wp-json\/wp\/v2\/comments?post=113797"}],"version-history":[{"count":0,"href":"https:\/\/linitiative.ca\/International\/wp-json\/wp\/v2\/posts\/113797\/revisions"}],"wp:attachment":[{"href":"https:\/\/linitiative.ca\/International\/wp-json\/wp\/v2\/media?parent=113797"}],"wp:term":[{"taxonomy":"category","embeddable":true,"href":"https:\/\/linitiative.ca\/International\/wp-json\/wp\/v2\/categories?post=113797"},{"taxonomy":"post_tag","embeddable":true,"href":"https:\/\/linitiative.ca\/International\/wp-json\/wp\/v2\/tags?post=113797"}],"curies":[{"name":"wp","href":"https:\/\/api.w.org\/{rel}","templated":true}]}}