{"id":113799,"date":"2021-03-26T10:28:40","date_gmt":"2021-03-26T14:28:40","guid":{"rendered":"https:\/\/linitiative.ca\/International\/les-accidents-de-la-route-baissent-de-5651-entre-2011-et-2019-au-cameroun\/"},"modified":"2021-03-26T10:28:40","modified_gmt":"2021-03-26T14:28:40","slug":"les-accidents-de-la-route-baissent-de-5651-entre-2011-et-2019-au-cameroun","status":"publish","type":"post","link":"https:\/\/linitiative.ca\/International\/les-accidents-de-la-route-baissent-de-5651-entre-2011-et-2019-au-cameroun\/","title":{"rendered":"Les accidents de la route baissent de 56,51% entre 2011 et 2019 au Cameroun"},"content":{"rendered":"<p>\u00ab\u00a0Le rapport global des accidents ainsi que des personnes tu\u00e9es au Cameroun, est pass\u00e9 de 3525 accidents et 1588 personnes tu\u00e9es en 2011 \u00e0 1533 accidents et 627 personnes tu\u00e9es en 2019\u00bb, a indiqu\u00e9 le ministre des Transports Jean Ernest Massena Ngalle Bibehe lors de son passage devant les parlementaires au cours d\u2019une s\u00e9ance pl\u00e9ni\u00e8re sp\u00e9ciale sur la s\u00e9curit\u00e9 routi\u00e8re.<\/p>\n<p>De fa\u00e7on plus pr\u00e9cise d\u2019apr\u00e8s une \u00e9tude faite par le Cabinet \u00abCYSCOM\u00bb sur l\u2019impact des mesures de s\u00e9curit\u00e9 routi\u00e8re mises en place au Cameroun et les statistiques des accidents de la circulation routi\u00e8re de la Gendarmerie Nationale de 2018 et 2019, l\u2019on a enregistr\u00e9 sur nos axes routiers en 2011, 3 525 accidents et 1 588 tu\u00e9s; en 2012, 3327 accidents et 1 187 tu\u00e9s; en 2013, 2 997 accidents et 1 1lors d\u2019une s\u00e9ance sp\u00e960 tu\u00e9s; en 2014, 3 065 accidents et 1 081 tu\u00e9s; en 2015, 2 896 accidents et 1 091 tu\u00e9s; en 2016, 2 954 accidents et 1 241 tu\u00e9s; en 2017, 2 341 accidents et 929 tu\u00e9s; en 2018, 1 898 accidents et 782 tu\u00e9s; Et en 2019, 1 533 accidents et 627 tu\u00e9s. Ces accidents sont li\u00e9es \u00e0 35% \u00e0 l\u2019exc\u00e8s de vitesse\u00a0; 17% \u00e0 l\u2019\u00e9tat du v\u00e9hicule\u00a0; 10,5% \u00e0 la conduite en \u00e9tat d\u2019\u00e9bri\u00e9t\u00e9\u00a0; 10,5% \u00e0 la non maitrise du volant\u00a0; 10% \u00e0 l\u2019\u00e9tat de la route\u00a0; 7% au mauvais d\u00e9passement et 10 % aux autres causes.<\/p>\n<p><strong>Lire aussi<\/strong> : <strong><a href=\"https:\/\/ecomatin.net\/accidents-de-la-route-les-parlementaires-recommandent-lindemnisation-effective-des-victimes\/\">Accidents de la route : les parlementaires recommandent l\u2019indemnisation effective des victimes<\/a><\/strong><\/p>\n<p>Pour parvenir \u00e0 cette baisse significative, le ministre des transports a balay\u00e9 devant les parlementaires, les diff\u00e9rentes actions mises en place par le gouvernement en mati\u00e8re de pr\u00e9vention et s\u00e9curit\u00e9 routi\u00e8re. Sur le plan de la s\u00e9curit\u00e9 routi\u00e8re\u00a0l\u2019on a par exemple la mise en place du Conseil national de la route (Conaroute), organisme directeur plac\u00e9 sous l\u2019autorit\u00e9 du Premier ministre, charg\u00e9 d\u2019orienter la politique de pr\u00e9vention et s\u00e9curit\u00e9 routi\u00e8res\u00a0; la mise en place du Comit\u00e9 national de s\u00e9curit\u00e9 routi\u00e8re, plac\u00e9 sous l\u2019autorit\u00e9 du ministre des Transports, qui \u00e9tudie et propose toutes les mesures susceptibles d\u2019optimiser les actions de pr\u00e9vention et s\u00e9curit\u00e9 routi\u00e8res\u00a0; l\u2019\u00e9laboration d\u2019un cahier de charges en vue d\u2019accompagner les Collectivit\u00e9s territoriales d\u00e9centralis\u00e9es dans la mise en \u0153uvre des comp\u00e9tences transf\u00e9r\u00e9es notamment l\u2019animation des activit\u00e9s de s\u00e9curit\u00e9 routi\u00e8re.<\/p>\n<p>Sur le volet s\u00e9curit\u00e9 des routes et mobilit\u00e9\u00a0il a \u00e9t\u00e9 entrepris notamment la d\u00e9duction de 10% du montant global destin\u00e9 \u00e0 la r\u00e9alisation de chaque ouvrage routier pour allouer au volet s\u00e9curit\u00e9 routi\u00e8re\u00a0; la dotation des routes des signalisations verticales et horizontales, aux normes internationales\u00a0; la construction des axes routiers mieux adapt\u00e9s au volume du trafic, dot\u00e9s des syst\u00e8mes de gestion de transports intelligents et tenant compte des donn\u00e9es pr\u00e9visionnelles li\u00e9es au boom d\u00e9mographique.<\/p>\n<p><strong>Lire aussi<\/strong> : <strong><a href=\"https:\/\/ecomatin.net\/securite-routiere-le-mintransports-mets-sur-pied-un-dispositif-de-limitation-de-vitesse\/\">S\u00e9curit\u00e9 routiere : le Mintransports met sur pied un dispositif de limitation de vitesse<\/a><\/strong><\/p>\n<p>S\u2019agissante de la s\u00e9curit\u00e9 des usagers de la route\u00a0l\u2019on a la formation de 800 riverains des axes routiers r\u00e9put\u00e9s accidentog\u00e8nes aux gestes de premiers secours\u00a0;\u00a0l\u2019\u00e9laboration et l\u2019\u00e9tude des modalit\u00e9s d\u2019insertion des modules de s\u00e9curit\u00e9 routi\u00e8re dans les programmes scolaires\u00a0; la formation de 2500 pairs \u00e9ducateurs et de 9000 pairs sensibilisateurs aux gestes de premier secours\u00a0; la production et la distribution d\u2019environ 30 000 cahiers, avec les couvertures portant les messages de sensibilisations, dans les \u00e9tablissements scolaires.\u00a0\u00a0Les mesures prises concernent aussi la s\u00e9curit\u00e9 des v\u00e9hicules.<\/p>\n<p>Dans son allocution dans laquelle, il plaidait pour une symbiose coordonn\u00e9e dans la lutte contre les accidents de la route, le ministre est aussi revenu les dispositions l\u00e9gales en termes de s\u00e9curit\u00e9 routi\u00e8re. Le secteur est ainsi r\u00e9glement\u00e9 par 09 conventions, 06 lois, 09 d\u00e9crets, 14 arr\u00eat\u00e9s, 07 d\u00e9cisions et 06 circulaires.<\/p>\n<p><strong>Lire aussi<\/strong> : <strong><a href=\"https:\/\/ecomatin.net\/automobile-36-centres-de-controle-technique-en-situation-irreguliere-au-cameroun\/\">Automobile : 36 centres de contr\u00f4le technique en situation irr\u00e9guli\u00e8re au Cameroun<\/a><\/strong><\/p>\n<p>Auteur: Cindy MBALA<br \/>\n<a href=\"https:\/\/ecomatin.net\/les-accidents-de-la-route-baissent-de-5651-entres-2011-et-2019-au-cameroun\/\">Cliquez ici pour lire l&rsquo;article depuis sa source.<\/a><\/p>\n","protected":false},"excerpt":{"rendered":"<p>\u00ab\u00a0Le rapport global des accidents ainsi que des personnes tu\u00e9es au Cameroun, est pass\u00e9 de 3525 accidents et 1588 personnes tu\u00e9es en 2011 \u00e0 1533 accidents et 627 personnes tu\u00e9es en 2019\u00bb, a indiqu\u00e9 le ministre des Transports Jean Ernest Massena Ngalle Bibehe lors de son passage devant les parlementaires au cours d\u2019une s\u00e9ance pl\u00e9ni\u00e8re [&hellip;]<\/p>\n","protected":false},"author":1969,"featured_media":0,"comment_status":"closed","ping_status":"closed","sticky":false,"template":"","format":"standard","meta":{"fifu_image_url":"","fifu_image_alt":"","footnotes":""},"categories":[82,78],"tags":[],"class_list":["post-113799","post","type-post","status-publish","format-standard","hentry","category-cameroun","category-economie"],"_links":{"self":[{"href":"https:\/\/linitiative.ca\/International\/wp-json\/wp\/v2\/posts\/113799","targetHints":{"allow":["GET"]}}],"collection":[{"href":"https:\/\/linitiative.ca\/International\/wp-json\/wp\/v2\/posts"}],"about":[{"href":"https:\/\/linitiative.ca\/International\/wp-json\/wp\/v2\/types\/post"}],"author":[{"embeddable":true,"href":"https:\/\/linitiative.ca\/International\/wp-json\/wp\/v2\/users\/1969"}],"replies":[{"embeddable":true,"href":"https:\/\/linitiative.ca\/International\/wp-json\/wp\/v2\/comments?post=113799"}],"version-history":[{"count":0,"href":"https:\/\/linitiative.ca\/International\/wp-json\/wp\/v2\/posts\/113799\/revisions"}],"wp:attachment":[{"href":"https:\/\/linitiative.ca\/International\/wp-json\/wp\/v2\/media?parent=113799"}],"wp:term":[{"taxonomy":"category","embeddable":true,"href":"https:\/\/linitiative.ca\/International\/wp-json\/wp\/v2\/categories?post=113799"},{"taxonomy":"post_tag","embeddable":true,"href":"https:\/\/linitiative.ca\/International\/wp-json\/wp\/v2\/tags?post=113799"}],"curies":[{"name":"wp","href":"https:\/\/api.w.org\/{rel}","templated":true}]}}