{"id":113801,"date":"2021-03-26T14:15:56","date_gmt":"2021-03-26T18:15:56","guid":{"rendered":"https:\/\/linitiative.ca\/International\/relations-diplomatiques-lingerence-des-pays-etrangers-irrite-les-deputes-camerounais\/"},"modified":"2021-03-26T14:15:56","modified_gmt":"2021-03-26T18:15:56","slug":"relations-diplomatiques-lingerence-des-pays-etrangers-irrite-les-deputes-camerounais","status":"publish","type":"post","link":"https:\/\/linitiative.ca\/International\/relations-diplomatiques-lingerence-des-pays-etrangers-irrite-les-deputes-camerounais\/","title":{"rendered":"Relations diplomatiques: l\u2019ing\u00e9rence des pays \u00e9trangers irrite les d\u00e9put\u00e9s camerounais"},"content":{"rendered":"<p>La premi\u00e8re s\u00e9ance de questions orales dans le cadre de la 10<sup>\u00e8me<\/sup>\u00a0l\u00e9gislature a eu lieu ce jour \u00e0 l\u2019Assembl\u00e9e nationale. Au rang des ministres interpell\u00e9s, le ministre des Relations ext\u00e9rieures, Le Jeune Mbella Mbella qui s\u2019est fait repr\u00e9senter. C\u2019est donc Felix Mbayu, le ministre d\u00e9l\u00e9gu\u00e9 aupr\u00e8s du Minrex, charg\u00e9 de la coop\u00e9ration avec le Commonwealth qui a d\u00fb r\u00e9pondre aux questions de trois d\u00e9put\u00e9es portant sur les attaques dont est victime le Cameroun.<\/p>\n<p>Concr\u00e8tement, l\u2019honorable Mariam Goni du Rdpc s\u2019est attard\u00e9e sur les commentaires suscit\u00e9s par la crise dans le Noso. \u00a0\u00ab\u00a0La situation s\u00e9curitaire dans les r\u00e9gions du Nord-Ouest et du Sud-Ouest nous donne \u00e0 tous l\u2019occasion de faire le constat\u00a0 d\u2019attaques et de d\u00e9clarations incompr\u00e9hensibles sur notre pays dans certaines institutions et m\u00e9dias \u00e9trangers. Qu\u2019est ce qui se passe avec le Cameroun Monsieur le ministre\u00a0? Pourquoi des pays dit amis ont des propos durs, des jugements si h\u00e2tifs, des pr\u00e9jug\u00e9s sur notre pays\u00a0?\u00a0\u00bb\u00a0\u00a0<\/p>\n<p>Une approche similaire \u00e0 celle de l\u2019honorable Rolande Ngo Issi du Pcrn pour qui \u00ab\u00a0l\u2019on assiste de plus en plus \u00e0 l\u2019interf\u00e9rence des parlementaires de certains pays \u00e9trangers dans les affaires int\u00e9rieures de notre pays, avec des propos pratiquement injurieux \u00e0 l\u2019endroit de notre pays et du gouvernement\u2026Ceci m\u2019am\u00e8ne \u00e0 vous poser la question de savoir, que font vos diplomates si nombreux dans nos ambassades \u00e0 l\u2019\u00e9tranger, qu\u2019envisage le gouvernement face \u00e0 ces actions r\u00e9currentes visant \u00e0 tenir l\u2019image du Cameroun et \u00e0 porter atteinte \u00e0 sa stabilit\u00e9\u00a0?\u00a0\u00bb<\/p>\n<p>L\u2019honorable Joanna Ebangha \u00e9pouse Agbor Ntui quant \u00e0 elle a interpell\u00e9 le gouvernement sur la r\u00e9plique \u00e0 la mont\u00e9e de ces discours d\u00e9sobligeants\u00a0: \u00ab\u00a0qu\u2019attend le gouvernement pour r\u00e9agir et rappeler \u00e0 ces pays le n\u00e9cessaire respect de notre pays et des r\u00e8gles diplomatiques\u00a0?\u00a0\u00bb<em>\u00a0<\/em>demande la d\u00e9put\u00e9e du Rdpc.<\/p>\n<p><strong>Convoitises et agendas cach\u00e9s<\/strong><\/p>\n<p>Selon le ministre Felix Mbayu la mauvaise presse dont est victime le Cameroun ces derniers mois, r\u00e9sulte des convoitises mal cach\u00e9es des pays qui se disent amis du Cameroun. \u00ab\u00a0La r\u00e9ponse premi\u00e8re est que le Cameroun concentre de nombreux int\u00e9r\u00eats qui attisent les convoitises qui, elles m\u00eame tirent leurs sources de dynamiques souvent inimaginables. S\u2019agissant sp\u00e9cifiquement de la crise dans les r\u00e9gions du Nord-Ouest et du Sud-Ouest\u2026elle s\u2019est mu\u00e9e fin 2017 en conflits arm\u00e9s\u00a0entra\u00eenant\u00a0des regards des acteurs internationaux sur l\u2019\u00e9volution de cette crise. Ces derniers qui de fa\u00e7on globale encouragent le gouvernement pour la r\u00e9solution d\u00e9finitive de cette crise, ne manquent pas parfois de s\u2019impliquer dans la situation qui pr\u00e9vaut dans notre pays d\u2019une mani\u00e8re qui ne correspond pas toujours aux canons de la diplomatie et avec des agendas cach\u00e9s pour certains\u00a0\u00bb\u00a0\u00a0assure le membre du gouvernement.<\/p>\n<p><strong>Gestion<\/strong><\/p>\n<p>Le ministre d\u00e9l\u00e9gu\u00e9 aupr\u00e8s du Minrex charg\u00e9 de la coop\u00e9ration avec le Commonwealth ne rate pas l\u2019occasion de tacler les \u00ab\u00a0pays amis\u00a0\u00bb du Cameroun. \u00ab\u00a0La position de notre pays vis-\u00e0-vis des attaques est rest\u00e9e ferme et a contribu\u00e9 \u00e0 infl\u00e9chir les d\u00e9marches parfois sournoises amorc\u00e9es par nos \u00ab\u00a0AMIS\u00a0\u00bb\u00a0indique-t-il ironique. Ainsi, selon ce dernier, les remarques de pays tels que la France, les Etats-Unis d\u2019Am\u00e9rique sur la situation au Cameroun ont \u00e9t\u00e9 g\u00e9r\u00e9es par le gouvernement \u00e0 travers plusieurs proc\u00e9d\u00e9s. \u00ab\u00a0Des \u00e9changes \u00e9pistolaires \u00e0 travers des notes verbales adress\u00e9es aux chanceliers des pays amis lorsque leurs prises de position heurtent manifestement notre souverainet\u00e9 nationale, la convocation des ambassadeurs de ces \u00c9tat\u2026l\u2019organisation d\u2019\u00e9changes directes avec les partenaires en vue de pr\u00e9senter la situation s\u00e9curitaire, de r\u00e9tablir les faits et de d\u00e9noncer les ing\u00e9rences\u2026la saisine de nos ambassades accr\u00e9dit\u00e9es dans ces pays \u00e0 l\u2019effet d\u2019informer les gouvernements et l\u2019opinion publique de ces pays pour exprimer la d\u00e9sapprobation\u2026\u00a0\u00bb<\/p>\n<p>Le gouvernement entend conserver ces approches pour redorer le blason du Cameroun \u00e0 l\u2019international. Il est de fait pr\u00e9vu des missions gouvernementales aupr\u00e8s de chancelleries pour discuter du soutien attendu par le Cameroun, une plus grande place accord\u00e9e \u00e0 la diplomatie parlementaire et la sensibilisation permanente des Camerounais vivants \u00e0 l\u2019\u00e9tranger et sur le territoire national.<\/p>\n<p>Ces interpellations du ministre des Relations ext\u00e9rieures interviennent au lendemain de la pol\u00e9mique r\u00e9sultant d\u2019une lettre adress\u00e9e par 66 d\u00e9put\u00e9s au Congr\u00e8s am\u00e9ricain. Ces derniers voient d\u2019un mauvais \u0153il l\u2019image que se font les parlementaires am\u00e9ricains du Cameroun.\u00a0<\/p>\n<p>Auteur: EcoMatin<br \/>\n<a href=\"https:\/\/ecomatin.net\/relations-diplomatiques-lingerence-des-pays-etrangers-irrite-les-deputes-camerounais\/\">Cliquez ici pour lire l&rsquo;article depuis sa source.<\/a><\/p>\n","protected":false},"excerpt":{"rendered":"<p>La premi\u00e8re s\u00e9ance de questions orales dans le cadre de la 10\u00e8me\u00a0l\u00e9gislature a eu lieu ce jour \u00e0 l\u2019Assembl\u00e9e nationale. Au rang des ministres interpell\u00e9s, le ministre des Relations ext\u00e9rieures, Le Jeune Mbella Mbella qui s\u2019est fait repr\u00e9senter. C\u2019est donc Felix Mbayu, le ministre d\u00e9l\u00e9gu\u00e9 aupr\u00e8s du Minrex, charg\u00e9 de la coop\u00e9ration avec le Commonwealth [&hellip;]<\/p>\n","protected":false},"author":1969,"featured_media":0,"comment_status":"closed","ping_status":"closed","sticky":false,"template":"","format":"standard","meta":{"fifu_image_url":"","fifu_image_alt":"","footnotes":""},"categories":[82,78],"tags":[],"class_list":["post-113801","post","type-post","status-publish","format-standard","hentry","category-cameroun","category-economie"],"_links":{"self":[{"href":"https:\/\/linitiative.ca\/International\/wp-json\/wp\/v2\/posts\/113801","targetHints":{"allow":["GET"]}}],"collection":[{"href":"https:\/\/linitiative.ca\/International\/wp-json\/wp\/v2\/posts"}],"about":[{"href":"https:\/\/linitiative.ca\/International\/wp-json\/wp\/v2\/types\/post"}],"author":[{"embeddable":true,"href":"https:\/\/linitiative.ca\/International\/wp-json\/wp\/v2\/users\/1969"}],"replies":[{"embeddable":true,"href":"https:\/\/linitiative.ca\/International\/wp-json\/wp\/v2\/comments?post=113801"}],"version-history":[{"count":0,"href":"https:\/\/linitiative.ca\/International\/wp-json\/wp\/v2\/posts\/113801\/revisions"}],"wp:attachment":[{"href":"https:\/\/linitiative.ca\/International\/wp-json\/wp\/v2\/media?parent=113801"}],"wp:term":[{"taxonomy":"category","embeddable":true,"href":"https:\/\/linitiative.ca\/International\/wp-json\/wp\/v2\/categories?post=113801"},{"taxonomy":"post_tag","embeddable":true,"href":"https:\/\/linitiative.ca\/International\/wp-json\/wp\/v2\/tags?post=113801"}],"curies":[{"name":"wp","href":"https:\/\/api.w.org\/{rel}","templated":true}]}}