{"id":113803,"date":"2021-03-27T09:30:24","date_gmt":"2021-03-27T13:30:24","guid":{"rendered":"https:\/\/linitiative.ca\/International\/leadership-marocain-au-feminin\/"},"modified":"2021-03-27T09:30:24","modified_gmt":"2021-03-27T13:30:24","slug":"leadership-marocain-au-feminin","status":"publish","type":"post","link":"https:\/\/linitiative.ca\/International\/leadership-marocain-au-feminin\/","title":{"rendered":"Leadership marocain au f\u00e9minin"},"content":{"rendered":"<figure class=\"post-thumbnail\" itemprop=\"associatedMedia\" itemscope=\"itemscope\" itemtype=\"http:\/\/schema.org\/ImageObject\"><img decoding=\"async\" class=\"post_layout_5_img\" src=\"http:\/\/aujourdhui.ma\/wp-content\/uploads\/2021\/03\/Bahia-Benkhar-Sougrati.jpg\" alt=\"Leadership marocain au f\u00e9minin\"\/><\/figure>\n<p><span class=\"c5\"><strong>Femmes de mon pays, femmes africaines, femmes arabes, femmes du monde, retenez ceci : L\u2019\u00e9ducation, l\u2019ind\u00e9pendance intellectuelle, la comp\u00e9tence, le s\u00e9rieux, les principes et la pers\u00e9v\u00e9rance paient.<\/strong><\/span><span id=\"more-372163\"\/><\/p>\n<p>Femmes de mon pays, vous \u00eates aujourd\u2019hui toutes \u00e0 l\u2019honneur derri\u00e8re un Roi qui ne fait que confirmer depuis plus de vingt ans que la femme et ses droits et la place qu\u2019elle doit occuper sont une priorit\u00e9 strat\u00e9gique imminente du Royaume.<br \/>Aujourd\u2019hui la nomination de Mme Zineb El Adaoui comme premi\u00e8re femme pr\u00e9sidente de la Cour supr\u00eame des comptes n\u2019est qu\u2019un signal fort que Sa Majest\u00e9, que Dieu le glorifie, met en avant la femme qui m\u00e9rite, par sa comp\u00e9tence et capacit\u00e9 de gouvernance, d\u2019occuper des postes de haut rang.<\/p>\n<p>Il n\u2019est que suivre la politique de promotion de la femme qui est devenue bien pr\u00e9sente dans tous les programmes de d\u00e9veloppement de l\u2019Etat. Minist\u00e8res, Initiative nationale pour le d\u00e9veloppement humain (INDH), Fondation Mohammed V pour la solidarit\u00e9\u2026qui ont des volets sp\u00e9cifiques \u00abgenre\u00bb depuis 2003 Sa Majest\u00e9 passe \u00e0 l\u2019action le reste doit suivre! Car aujourd\u2019hui le d\u00e9calage entre la politique tr\u00e8s volontariste de l\u2019\u00c9tat, port\u00e9e par le Roi, et une soci\u00e9t\u00e9 qui c\u00e8de aux sir\u00e8nes du conservatisme est toujours palpable. Au Maroc, la route vers la parit\u00e9, promue dans la Constitution de 2011, est encore longue. Le d\u00e9veloppement de la question de la femme passera encore par des traitements de choc! Majest\u00e9, majestueux Majest\u00e9.. n\u2019arr\u00eatez jamais de Nommer plus de femmes ainsi vous donnez l\u2019exemple car sans vos initiatives nous serons encore en train de d\u00e9battre sur la passation de nationalit\u00e9 de la m\u00e8re marocaine \u00e0 ses enfants ou \u00e0 la capacit\u00e9 d\u2019une femme de r\u00e9diger un acte de mariage, \u00e0 votre \u00e8re les femmes sont devenues Adouls, peuvent donner des cours religieux en votre solennelle pr\u00e9sence, peuvent avorter si cela constitue un danger pour leur sant\u00e9, les femmes soulaliyates ne sont plus exclues, le quota de repr\u00e9sentation politique de la femme est \u00e9lev\u00e9 plus que jamais, leur acc\u00e8s \u00e0 la fonction publique et aux postes de responsabilit\u00e9 ne d\u00e9pend d\u00e9sormais que de leur comp\u00e9tence\u2026<\/p>\n<div class=\"base-box mom_box_sc_custom mom_box_sc clear c6\">\n<p><a href=\"https:http:\/\/aujourdhui.ma\/wp-content\/uploads\/2021\/03\/Leadership-marocain-au-feminin.jpg\"><img decoding=\"async\" loading=\"lazy\" class=\"alignnone size-full wp-image-372166\" src=\"http:\/\/aujourdhui.ma\/wp-content\/uploads\/2021\/03\/Leadership-marocain-au-feminin.jpg\" alt=\"\" width=\"746\" height=\"380\" srcset=\"http:\/\/aujourdhui.ma\/wp-content\/uploads\/2021\/03\/Leadership-marocain-au-feminin.jpg 746w, \/\/aujourdhui.ma\/wp-content\/uploads\/2021\/03\/Leadership-marocain-au-feminin-300x153.jpg 300w, \/\/aujourdhui.ma\/wp-content\/uploads\/2021\/03\/Leadership-marocain-au-feminin-274x140.jpg 274w, \/\/aujourdhui.ma\/wp-content\/uploads\/2021\/03\/Leadership-marocain-au-feminin-165x84.jpg 165w, \/\/aujourdhui.ma\/wp-content\/uploads\/2021\/03\/Leadership-marocain-au-feminin-702x358.jpg 702w\" sizes=\"auto, (max-width: 746px) 100vw, 746px\"\/><\/a><\/p>\n<\/div>\n<p>Reste le plus dur : changer les mentalit\u00e9s dans une soci\u00e9t\u00e9 patriarcale et machiste qui compte pr\u00e8s de 50 % d\u2019analphab\u00e8tes!<br \/>\u2013 \u00ab Pas du tout \u00bb chers machistes, chers conservateurs : R\u00e9veillez-vous et prenez l\u2019exemple! \u2013 Majestueux, Majest\u00e9 et Commandeur des croyants : Merci infiniment au nom de toutes les Marocaines et de tous les Marocains pour cette belle image que nous v\u00e9hiculons au monde entier gr\u00e2ce \u00e0 votre clairvoyance, modernit\u00e9 et justesse!<br \/>Je me permet de rappeler en arabe ceci avant de terminer mon petit papier :<\/p>\n<p>F\u00e9licitations alors \u00e0 nous toutes, femmes marocaines, et f\u00e9licitations encore \u00e0 Mme Zineb El Adaoui, pour cette nomination amplement m\u00e9rit\u00e9e et tr\u00e8s bien plac\u00e9e, avec un background tr\u00e8s riche autant que premi\u00e8re femme magistrate dans la Cour des comptes, premi\u00e8re pr\u00e9sidente r\u00e9gionale d\u2019une Cour de comptes, premi\u00e8re wali.. qui n\u2019arr\u00eate de faire ses preuves avec pers\u00e9v\u00e9rance l\u00e0 o\u00f9 elle passe. et nous sommes plus que certains qu\u2019elle sera \u00e0 la hauteur de la confiance de Sidna et des citoyens marocains pour son leadership exemplaire, et sa gouvernance juste, efficace et b\u00e9n\u00e9fique pour la bonne marche de nos institutions et de l\u2019int\u00e9r\u00eat du pays. Beaucoup de femmes font briller ce beau Maroc, la femme n\u2019est-elle pas beaut\u00e9 ? Beaut\u00e9 d\u2019\u00e2me, beaut\u00e9 d\u2019engagement, beaut\u00e9 de style manag\u00e9rial qui reste objectif certes mais ne se vide jamais de cette belle empathie qui donne tout le sens \u00e0 toute relation humaine et pousse au meilleur rendement.<\/p>\n<p>Fi\u00e8re d\u2019\u00eatre une femme de ce beau Maroc, et fi\u00e8re de le servir de ma petite \u00e9chelle, car nous sommes toutes et tous des ambassadeurs et commis au quotidien de ce beau Royaume qui attend de nous un engagement citoyen et un ancrage patriotique qui se traduit dans toutes nos actions, m\u00eame les plus \u00abpetites\u00bb!<br \/>La civilisation et le d\u00e9veloppement d\u2019une nation se jouent sur deux diapasons : La volont\u00e9 de l\u2019Etat et du peuple!<\/p>\n<p>Auteur: ALM<br \/>\n<a href=\"https:\/\/aujourdhui.ma\/societe\/leadership-marocain-au-feminin\">Cliquez ici pour lire l&rsquo;article depuis sa source.<\/a><\/p>\n","protected":false},"excerpt":{"rendered":"<p>Femmes de mon pays, femmes africaines, femmes arabes, femmes du monde, retenez ceci : L\u2019\u00e9ducation, l\u2019ind\u00e9pendance intellectuelle, la comp\u00e9tence, le s\u00e9rieux, les principes et la pers\u00e9v\u00e9rance paient. Femmes de mon pays, vous \u00eates aujourd\u2019hui toutes \u00e0 l\u2019honneur derri\u00e8re un Roi qui ne fait que confirmer depuis plus de vingt ans que la femme et ses [&hellip;]<\/p>\n","protected":false},"author":1759,"featured_media":0,"comment_status":"closed","ping_status":"closed","sticky":false,"template":"","format":"standard","meta":{"fifu_image_url":"http:\/\/aujourdhui.ma\/wp-content\/uploads\/2021\/03\/Bahia-Benkhar-Sougrati.jpg","fifu_image_alt":"Leadership marocain au f\u00e9minin","footnotes":""},"categories":[73,54],"tags":[],"class_list":["post-113803","post","type-post","status-publish","format-standard","hentry","category-actualite","category-maroc"],"_links":{"self":[{"href":"https:\/\/linitiative.ca\/International\/wp-json\/wp\/v2\/posts\/113803","targetHints":{"allow":["GET"]}}],"collection":[{"href":"https:\/\/linitiative.ca\/International\/wp-json\/wp\/v2\/posts"}],"about":[{"href":"https:\/\/linitiative.ca\/International\/wp-json\/wp\/v2\/types\/post"}],"author":[{"embeddable":true,"href":"https:\/\/linitiative.ca\/International\/wp-json\/wp\/v2\/users\/1759"}],"replies":[{"embeddable":true,"href":"https:\/\/linitiative.ca\/International\/wp-json\/wp\/v2\/comments?post=113803"}],"version-history":[{"count":0,"href":"https:\/\/linitiative.ca\/International\/wp-json\/wp\/v2\/posts\/113803\/revisions"}],"wp:attachment":[{"href":"https:\/\/linitiative.ca\/International\/wp-json\/wp\/v2\/media?parent=113803"}],"wp:term":[{"taxonomy":"category","embeddable":true,"href":"https:\/\/linitiative.ca\/International\/wp-json\/wp\/v2\/categories?post=113803"},{"taxonomy":"post_tag","embeddable":true,"href":"https:\/\/linitiative.ca\/International\/wp-json\/wp\/v2\/tags?post=113803"}],"curies":[{"name":"wp","href":"https:\/\/api.w.org\/{rel}","templated":true}]}}