{"id":113804,"date":"2021-03-27T09:52:40","date_gmt":"2021-03-27T13:52:40","guid":{"rendered":"https:\/\/linitiative.ca\/International\/agro-alimentaire-focus-a-rabat-sur-les-opportunites-dinvestissement\/"},"modified":"2021-03-27T09:52:40","modified_gmt":"2021-03-27T13:52:40","slug":"agro-alimentaire-focus-a-rabat-sur-les-opportunites-dinvestissement","status":"publish","type":"post","link":"https:\/\/linitiative.ca\/International\/agro-alimentaire-focus-a-rabat-sur-les-opportunites-dinvestissement\/","title":{"rendered":"Agro-alimentaire : Focus \u00e0 Rabat sur les opportunit\u00e9s d\u2019investissement"},"content":{"rendered":"<figure class=\"post-thumbnail\" itemprop=\"associatedMedia\" itemscope=\"itemscope\" itemtype=\"http:\/\/schema.org\/ImageObject\"><img decoding=\"async\" class=\"post_layout_5_img\" src=\"http:\/\/aujourdhui.ma\/wp-content\/uploads\/2020\/09\/alimentaires-agricoles.jpg\" alt=\"Agro-alimentaire : Focus \u00e0 Rabat sur les opportunit\u00e9s d\u2019investissement\"\/><\/figure>\n<p><span class=\"c5\"><strong>Les opportunit\u00e9s d\u2019investissement et les m\u00e9canismes d\u2019appui \u00e0 la relance du secteur de l\u2019agroalimentaire, ont \u00e9t\u00e9 au centre d\u2019un panel, tenu samedi \u00e0 Rabat, lors de la 20\u00e8me \u00e9dition du forum Industries Agricoles et Alimentaires (IAA)-Entreprises.<\/strong><\/span><span id=\"more-372255\"\/><\/p>\n<p>Lors de cet \u00e9v\u00e9nement, initi\u00e9 par l\u2019Association des El\u00e8ves Ing\u00e9nieurs en Industries Agricoles et Alimentaires (ASSELEING IAA) de l\u2019Institut Agronomique et V\u00e9t\u00e9rinaire (IAV) Hassan-II, les participants ont mis l\u2019accent sur les atouts du secteur, les nouvelles opportunit\u00e9s de d\u00e9veloppement et d\u2019investissement des fili\u00e8res agricoles, mais aussi sur les grands d\u00e9fis auxquels ce secteur fait face.<\/p>\n<p>Les participants ont, \u00e0 cet effet, identifi\u00e9 plusieurs axes de d\u00e9veloppement, notamment les nouvelles opportunit\u00e9s de d\u00e9veloppement et d\u2019investissement en aval des fili\u00e8res, offertes par la strat\u00e9gie \u00ab\u00a0G\u00e9n\u00e9ration Green\u00a0\u00bb.<\/p>\n<p>Il s\u2019agit \u00e9galement de la n\u00e9cessit\u00e9 de mettre en place des m\u00e9canismes d\u2019accompagnement et d\u2019incitation pour la relance et le d\u00e9veloppement du secteur des Industries Agricoles et Alimentaires (IAA).<\/p>\n<p>Dans ce cadre, Sihame Zarrou, de la direction des Industries Agro-alimentaires au minist\u00e8re de l\u2019Industrie, du commerce, de l\u2019\u00e9conomie verte et num\u00e9rique a mis en avant le potentiel \u00e9norme du secteur des IAA en termes de production de mati\u00e8res premi\u00e8res v\u00e9g\u00e9tales et produits de la p\u00eache, renforc\u00e9 notamment par le lancement des plans de d\u00e9veloppement sectoriels (G\u00e9n\u00e9ration green et Halieutis).<\/p>\n<p>Mme Zarrou a \u00e9galement soulign\u00e9 la qualit\u00e9 de l\u2019infrastructure d\u2019accueil et comp\u00e9titive du secteur, l\u2019existence du savoir-faire, et de la logistique, de plus en plus performante, mettant en exergue l\u2019acc\u00e8s pr\u00e9f\u00e9rentiel \u00e0 certains march\u00e9s, notamment europ\u00e9en et am\u00e9ricain, pour plusieurs produits agricoles et agro-industriels.<\/p>\n<p>Elle, a en outre, not\u00e9 que les principaux d\u00e9fis \u00e0 relever par le secteur sont notamment la concurrence, l\u2019int\u00e9gration amont\/aval (transformation \u00e0 forte valeur ajout\u00e9e, innovation, etc..), l\u2019\u00e9volution des habitudes alimentaires des consommateurs, l\u2019\u00e9volution technologique (proc\u00e9d\u00e9s techniques, biotechnologie, etc..) et le potentiel \u00e0 l\u2019export sous-exploit\u00e9.<\/p>\n<p>De son c\u00f4t\u00e9, Mustapha Chehhar, directeur du domaine vert du groupe Cr\u00e9dit Agricole du Maroc a indiqu\u00e9 que l\u2019industrie agroalimentaire est \u00ab\u00a0hautement strat\u00e9gique\u00a0\u00bb dans l\u2019autonomie alimentaire de la nation, notant que celle-ci repr\u00e9sente 150.000 emplois et 115 milliards de dirhams du Chiffre d\u2019affaires (CA).<\/p>\n<p>\u00ab\u00a0Notre nation fait face \u00e0 une crise sans pr\u00e9c\u00e9dent dans laquelle elle s\u2019est distingu\u00e9e par une approche proactive dans les domaines sanitaire et \u00e9conomique\u00a0\u00bb, a-t-il dit, relevant que le secteur des IAA, touch\u00e9 en plein fouet par la crise du Covid-19, a maintenu l\u2019approvisionnement du march\u00e9 sur l\u2019ensemble des fili\u00e8res, et a assur\u00e9 une stabilit\u00e9 des prix de vente.<\/p>\n<p>Il a, \u00e0 ce propos, rappel\u00e9 les mesures efficaces prises dans ce sens notamment le soutien du pouvoir d\u2019achat des populations vuln\u00e9rables (soutien de la demande interne), le report des cr\u00e9dit aux particuliers, le report des \u00e9ch\u00e9ances des entreprises, l\u2019assouplissement des r\u00e8gles prudentielles des banques ainsi que l\u2019autorisation du surseoir momentan\u00e9ment au paiement des cotisations sociales.<\/p>\n<p>Pour sa part, Hamid Felloun, directeur de la F\u00e9d\u00e9ration Nationale de l\u2019Agro-alimentaire (FENAGRI) a insist\u00e9 sur l\u2019am\u00e9lioration de la comp\u00e9titivit\u00e9 syst\u00e9mique des cha\u00eenes de valeur, en soutenant l\u2019expansion de la production agricole primaire et en am\u00e9liorant la durabilit\u00e9 des intrants produits localement.<\/p>\n<p>Il s\u2019agit aussi d\u2019encourager le secteur informel dans la transition vers le respect des r\u00e8glements et des normes, encourager l\u2019am\u00e9lioration de la gouvernance dans les chaines de valeur et renforcer les capacit\u00e9s de l\u2019interprofession, renforcer l\u2019introduction des principes de production d\u00e9carbon\u00e9e et d\u2019\u00e9conomie circulaire dans l\u2019ensemble des fili\u00e8res (transport, chaine de froid, digitalisation) et encourager l\u2019introduction de technologie \u00e0 haut rendement \u00e9nerg\u00e9tique, a-t-il relev\u00e9.<\/p>\n<p>Plac\u00e9 sous le th\u00e8me \u00ab\u00a0l\u2019Agro-alimentaire au Maroc : leviers de performance d\u2019un secteur r\u00e9silient et aux perspectives prometteuses\u00a0\u00bb, ce forum, organis\u00e9 en mode hybride (en mode pr\u00e9sentiel pour les conf\u00e9renciers, panelistes et invit\u00e9s et \u00e0 distance pour le grand public), s\u2019inscrit dans le cadre des activit\u00e9s d\u2019ouverture des jeunes sur le milieu professionnel, notamment le secteur des IAA.<\/p>\n<p>Auteur: ALM<br \/>\n<a href=\"https:\/\/aujourdhui.ma\/economie\/agro-alimentaire-focus-a-rabat-sur-les-opportunites-dinvestissement\">Cliquez ici pour lire l&rsquo;article depuis sa source.<\/a><\/p>\n","protected":false},"excerpt":{"rendered":"<p>Les opportunit\u00e9s d\u2019investissement et les m\u00e9canismes d\u2019appui \u00e0 la relance du secteur de l\u2019agroalimentaire, ont \u00e9t\u00e9 au centre d\u2019un panel, tenu samedi \u00e0 Rabat, lors de la 20\u00e8me \u00e9dition du forum Industries Agricoles et Alimentaires (IAA)-Entreprises. Lors de cet \u00e9v\u00e9nement, initi\u00e9 par l\u2019Association des El\u00e8ves Ing\u00e9nieurs en Industries Agricoles et Alimentaires (ASSELEING IAA) de l\u2019Institut [&hellip;]<\/p>\n","protected":false},"author":1759,"featured_media":0,"comment_status":"closed","ping_status":"closed","sticky":false,"template":"","format":"standard","meta":{"fifu_image_url":"http:\/\/aujourdhui.ma\/wp-content\/uploads\/2020\/09\/alimentaires-agricoles.jpg","fifu_image_alt":"Agro-alimentaire : Focus \u00e0 Rabat sur les opportunit\u00e9s d\u2019investissement","footnotes":""},"categories":[73,54],"tags":[],"class_list":["post-113804","post","type-post","status-publish","format-standard","hentry","category-actualite","category-maroc"],"_links":{"self":[{"href":"https:\/\/linitiative.ca\/International\/wp-json\/wp\/v2\/posts\/113804","targetHints":{"allow":["GET"]}}],"collection":[{"href":"https:\/\/linitiative.ca\/International\/wp-json\/wp\/v2\/posts"}],"about":[{"href":"https:\/\/linitiative.ca\/International\/wp-json\/wp\/v2\/types\/post"}],"author":[{"embeddable":true,"href":"https:\/\/linitiative.ca\/International\/wp-json\/wp\/v2\/users\/1759"}],"replies":[{"embeddable":true,"href":"https:\/\/linitiative.ca\/International\/wp-json\/wp\/v2\/comments?post=113804"}],"version-history":[{"count":0,"href":"https:\/\/linitiative.ca\/International\/wp-json\/wp\/v2\/posts\/113804\/revisions"}],"wp:attachment":[{"href":"https:\/\/linitiative.ca\/International\/wp-json\/wp\/v2\/media?parent=113804"}],"wp:term":[{"taxonomy":"category","embeddable":true,"href":"https:\/\/linitiative.ca\/International\/wp-json\/wp\/v2\/categories?post=113804"},{"taxonomy":"post_tag","embeddable":true,"href":"https:\/\/linitiative.ca\/International\/wp-json\/wp\/v2\/tags?post=113804"}],"curies":[{"name":"wp","href":"https:\/\/api.w.org\/{rel}","templated":true}]}}