{"id":113808,"date":"2021-03-27T07:40:00","date_gmt":"2021-03-27T11:40:00","guid":{"rendered":"https:\/\/linitiative.ca\/International\/la-periode-dacquittement-prendra-fin-mercredi-prochain-dgi\/"},"modified":"2021-03-27T07:40:00","modified_gmt":"2021-03-27T11:40:00","slug":"la-periode-dacquittement-prendra-fin-mercredi-prochain-dgi","status":"publish","type":"post","link":"https:\/\/linitiative.ca\/International\/la-periode-dacquittement-prendra-fin-mercredi-prochain-dgi\/","title":{"rendered":"La p\u00e9riode d&rsquo;acquittement prendra fin mercredi prochain (DGI)"},"content":{"rendered":"<div id=\"originalText\" readability=\"68\">\n<p>La p\u00e9riode l\u00e9gale d&rsquo;acquittement de la vignette automobile pour l&rsquo;ann\u00e9e 2021, entam\u00e9e le 1 mars en cours, expirera mercredi prochain, a rappel\u00e9 la Direction g\u00e9n\u00e9rale des Imp\u00f4ts (DGI) dans un communiqu\u00e9.<\/p>\n<p>\u00a0\u00bbIl est rappel\u00e9 \u00e0 l&rsquo;attention des titulaires de v\u00e9hicules automobiles que\u00a0 la date limite de l&rsquo;acquittement de la vignette automobile, au titre\u00a0 de l&rsquo;ann\u00e9e 2021, arrive \u00e0 \u00e9ch\u00e9ance le mercredi 31 mars 2021\u00a0\u00bb, est-il indiqu\u00e9 dans le communiqu\u00e9 de la DGI, publi\u00e9 sur son site web.<\/p>\n<p>A cet effet, la DGI a invit\u00e9 les personnes n&rsquo;ayant pas encore proc\u00e9d\u00e9 \u00e0 l&rsquo;acquisition de leur vignette \u00e0 se rapprocher, dans les meilleurs d\u00e9lais, des recettes des imp\u00f4ts et des bureaux de poste les plus proches.<\/p>\n<p>Le montant de la vignette d\u00e9pend, notamment, de l&rsquo;\u00e2ge du v\u00e9hicule et de sa\u00a0cat\u00e9gorie (v\u00e9hicule de tourisme, bus camions et autres).<\/p>\n<p>\u00ab\u00a0Les tarifs sont affich\u00e9s au niveau des recettes des imp\u00f4ts et des bureaux\u00a0de poste\u00a0\u00bb, note la Direction g\u00e9n\u00e9rale des Imp\u00f4ts.<\/p>\n<p>Pour rappel, ces tarifs restent inchang\u00e9s par rapport \u00e0 ceux appliqu\u00e9s en\u00a0 2020.<\/p>\n<p>La\u00a0 vignette\u00a0 automobile\u00a0 a\u00a0 \u00e9t\u00e9\u00a0 instaur\u00e9e\u00a0 en\u00a0Alg\u00e9rie\u00a0 en 1998.\u00a0 Une part de 20%\u00a0de ses recettes est vers\u00e9e au Tr\u00e9sor public et 80% au Fonds commun des\u00a0collectivit\u00e9s locales.<br \/>\u00a0<\/p>\n<p class=\"c6\"><strong>APS<\/strong><\/p>\n<\/div>\n<div id=\"text_core\" readability=\"68\">\n<p>La p\u00e9riode l\u00e9gale d&rsquo;acquittement de la vignette automobile pour l&rsquo;ann\u00e9e 2021, entam\u00e9e le 1 mars en cours, expirera mercredi prochain, a rappel\u00e9 la Direction g\u00e9n\u00e9rale des Imp\u00f4ts (DGI) dans un communiqu\u00e9.<\/p>\n<p>\u00a0\u00bbIl est rappel\u00e9 \u00e0 l&rsquo;attention des titulaires de v\u00e9hicules automobiles que\u00a0 la date limite de l&rsquo;acquittement de la vignette automobile, au titre\u00a0 de l&rsquo;ann\u00e9e 2021, arrive \u00e0 \u00e9ch\u00e9ance le mercredi 31 mars 2021\u00a0\u00bb, est-il indiqu\u00e9 dans le communiqu\u00e9 de la DGI, publi\u00e9 sur son site web.<\/p>\n<p>A cet effet, la DGI a invit\u00e9 les personnes n&rsquo;ayant pas encore proc\u00e9d\u00e9 \u00e0 l&rsquo;acquisition de leur vignette \u00e0 se rapprocher, dans les meilleurs d\u00e9lais, des recettes des imp\u00f4ts et des bureaux de poste les plus proches.<\/p>\n<p>Le montant de la vignette d\u00e9pend, notamment, de l&rsquo;\u00e2ge du v\u00e9hicule et de sa\u00a0cat\u00e9gorie (v\u00e9hicule de tourisme, bus camions et autres).<\/p>\n<p>\u00ab\u00a0Les tarifs sont affich\u00e9s au niveau des recettes des imp\u00f4ts et des bureaux\u00a0de poste\u00a0\u00bb, note la Direction g\u00e9n\u00e9rale des Imp\u00f4ts.<\/p>\n<p>Pour rappel, ces tarifs restent inchang\u00e9s par rapport \u00e0 ceux appliqu\u00e9s en\u00a0 2020.<\/p>\n<p>La\u00a0 vignette\u00a0 automobile\u00a0 a\u00a0 \u00e9t\u00e9\u00a0 instaur\u00e9e\u00a0 en\u00a0Alg\u00e9rie\u00a0 en 1998.\u00a0 Une part de 20%\u00a0de ses recettes est vers\u00e9e au Tr\u00e9sor public et 80% au Fonds commun des\u00a0collectivit\u00e9s locales.<br \/>\u00a0<\/p>\n<p class=\"c6\"><strong>APS<\/strong><\/p>\n<\/div>\n<p>Auteur:<br \/>\n<a href=\"https:\/\/www.liberte-algerie.com\/actualite\/la-periode-dacquittement-prendra-fin-mercredi-prochain-dgi-356222\">Cliquez ici pour lire l&rsquo;article depuis sa source.<\/a><\/p>\n","protected":false},"excerpt":{"rendered":"<p>La p\u00e9riode l\u00e9gale d&rsquo;acquittement de la vignette automobile pour l&rsquo;ann\u00e9e 2021, entam\u00e9e le 1 mars en cours, expirera mercredi prochain, a rappel\u00e9 la Direction g\u00e9n\u00e9rale des Imp\u00f4ts (DGI) dans un communiqu\u00e9. \u00a0\u00bbIl est rappel\u00e9 \u00e0 l&rsquo;attention des titulaires de v\u00e9hicules automobiles que\u00a0 la date limite de l&rsquo;acquittement de la vignette automobile, au titre\u00a0 de l&rsquo;ann\u00e9e [&hellip;]<\/p>\n","protected":false},"author":1742,"featured_media":0,"comment_status":"closed","ping_status":"closed","sticky":false,"template":"","format":"standard","meta":{"fifu_image_url":"","fifu_image_alt":"","footnotes":""},"categories":[73,53],"tags":[],"class_list":["post-113808","post","type-post","status-publish","format-standard","hentry","category-actualite","category-algerie"],"_links":{"self":[{"href":"https:\/\/linitiative.ca\/International\/wp-json\/wp\/v2\/posts\/113808","targetHints":{"allow":["GET"]}}],"collection":[{"href":"https:\/\/linitiative.ca\/International\/wp-json\/wp\/v2\/posts"}],"about":[{"href":"https:\/\/linitiative.ca\/International\/wp-json\/wp\/v2\/types\/post"}],"author":[{"embeddable":true,"href":"https:\/\/linitiative.ca\/International\/wp-json\/wp\/v2\/users\/1742"}],"replies":[{"embeddable":true,"href":"https:\/\/linitiative.ca\/International\/wp-json\/wp\/v2\/comments?post=113808"}],"version-history":[{"count":0,"href":"https:\/\/linitiative.ca\/International\/wp-json\/wp\/v2\/posts\/113808\/revisions"}],"wp:attachment":[{"href":"https:\/\/linitiative.ca\/International\/wp-json\/wp\/v2\/media?parent=113808"}],"wp:term":[{"taxonomy":"category","embeddable":true,"href":"https:\/\/linitiative.ca\/International\/wp-json\/wp\/v2\/categories?post=113808"},{"taxonomy":"post_tag","embeddable":true,"href":"https:\/\/linitiative.ca\/International\/wp-json\/wp\/v2\/tags?post=113808"}],"curies":[{"name":"wp","href":"https:\/\/api.w.org\/{rel}","templated":true}]}}