{"id":113809,"date":"2021-03-27T08:00:00","date_gmt":"2021-03-27T12:00:00","guid":{"rendered":"https:\/\/linitiative.ca\/International\/la-marche-de-soutien-pour-cherif-mellal-empechee-par-la-police\/"},"modified":"2021-03-27T08:00:00","modified_gmt":"2021-03-27T12:00:00","slug":"la-marche-de-soutien-pour-cherif-mellal-empechee-par-la-police","status":"publish","type":"post","link":"https:\/\/linitiative.ca\/International\/la-marche-de-soutien-pour-cherif-mellal-empechee-par-la-police\/","title":{"rendered":"La marche de soutien pour Ch\u00e9rif Mellal emp\u00each\u00e9e par la police"},"content":{"rendered":"<div id=\"originalText\" readability=\"72\">\n<p>La marche de soutien \u00e0 laquelle avaient appel\u00e9, depuis quelques jours d\u00e9j\u00e0,\u00a0 des supporters kabyles, pour soutenir le pr\u00e9sident actuel de la JSKabylie Ch\u00e9rif Mellal, a \u00e9t\u00e9 finalement emp\u00each\u00e9e, ce matin, par les services de police de Tizi-Ouzou.\u00a0<\/p>\n<p>Si les initiateurs d\u2019une telle manifestation avaient pr\u00e9vu de se rassembler, le matin \u00e0 dix heures, au niveau de la place \u00ab Matoub Loun\u00e8s \u00bb situ\u00e9e \u00e0 l\u2019entr\u00e9e-ouest de la \u00ab ville des gen\u00eats \u00bb et \u00e0 proximit\u00e9 du si\u00e8ge de la S\u00fbret\u00e9 de wilaya et de la Cour de Tizi-Ouzou, pour sillonner les principales art\u00e8res de la ville et tenir un sit-in devant le si\u00e8ge de la wilaya, un dispositif policier impressionnant avait \u00e9t\u00e9 d\u00e9ploy\u00e9 tout autour de la place \u00ab Matoub Loun\u00e8s \u00bb pour emp\u00eacher les supporters d\u2019organiser leur manifestation.\u00a0<\/p>\n<p>D\u00e8s leur arriv\u00e9e \u00e0 proximit\u00e9 de la \u00ab place de l\u2019olivier \u00bb jouxtant le si\u00e8ge de la S\u00fbret\u00e9 de wilaya, les premiers supporters arriv\u00e9s sur les lieux de la protesta avaient \u00e9t\u00e9 aussit\u00f4t encercl\u00e9s par les brigades anti\u00e9meutes et emp\u00each\u00e9s d\u2019entamer leur marche. Il s\u2019en \u00e9tait suivi des tentatives de n\u00e9gociations entre les manifestants et les policiers pour tenter d\u2019organiser tout au moins un rassemblement pacifique sur place mais les officiers de police en faction n\u2019ont rien voulu savoir.<\/p>\n<p>La tension \u00e9tait alors mont\u00e9e d\u2019un cran et les supporters en col\u00e8re ont r\u00e9pliqu\u00e9 par\u00a0 de nombreux slogans de soutien au pr\u00e9sident de la JSK tels que \u00ab Mellal pr\u00e9sident \u00bb\u00a0 ou encore \u00ab La JSK n\u2019est pas \u00e0 vendre \u00bb. Les \u00e9l\u00e9ments des brigades anti\u00e9meutes sont aussit\u00f4t entr\u00e9s en action pour disperser brutalement la foule alors que les meneurs de la manifestation avaient \u00e9t\u00e9 embarqu\u00e9s manu-militari dans les fourgons de police et conduits vers le si\u00e8ge de la S\u00fbret\u00e9 de la wilaya.\u00a0<\/p>\n<p>Ce n\u2019est que vers midi que la situation s\u2019\u00e9tait finalement calm\u00e9e et l\u2019on a su que les manifestants arr\u00eat\u00e9s par la police avaient \u00e9t\u00e9 finalement rel\u00e2ch\u00e9s en cours d\u2019apr\u00e8s-midi.\u00a0<\/p>\n<p>Enfin, il est \u00e0 rappeler qu\u2019un sit-in de soutien pacifique au profit du pr\u00e9sident Ch\u00e9rif Mellal avait \u00e9t\u00e9 organis\u00e9 mercredi dernier, en fin d\u2019apr\u00e8s-midi, \u00e0 Larbaa Nath Irathen et s\u2019\u00e9tait\u00a0 d\u00e9roul\u00e9 dans le calme et la retenue.<br \/>\u00a0<\/p>\n<p class=\"c6\"><strong>M. HAOUCHINE pour la R\u00e9daction Web\u00a0<\/strong><br \/>\u00a0<\/p>\n<\/div>\n<div id=\"text_core\" readability=\"72\">\n<p>La marche de soutien \u00e0 laquelle avaient appel\u00e9, depuis quelques jours d\u00e9j\u00e0,\u00a0 des supporters kabyles, pour soutenir le pr\u00e9sident actuel de la JSKabylie Ch\u00e9rif Mellal, a \u00e9t\u00e9 finalement emp\u00each\u00e9e, ce matin, par les services de police de Tizi-Ouzou.\u00a0<\/p>\n<p>Si les initiateurs d\u2019une telle manifestation avaient pr\u00e9vu de se rassembler, le matin \u00e0 dix heures, au niveau de la place \u00ab Matoub Loun\u00e8s \u00bb situ\u00e9e \u00e0 l\u2019entr\u00e9e-ouest de la \u00ab ville des gen\u00eats \u00bb et \u00e0 proximit\u00e9 du si\u00e8ge de la S\u00fbret\u00e9 de wilaya et de la Cour de Tizi-Ouzou, pour sillonner les principales art\u00e8res de la ville et tenir un sit-in devant le si\u00e8ge de la wilaya, un dispositif policier impressionnant avait \u00e9t\u00e9 d\u00e9ploy\u00e9 tout autour de la place \u00ab Matoub Loun\u00e8s \u00bb pour emp\u00eacher les supporters d\u2019organiser leur manifestation.\u00a0<\/p>\n<p>D\u00e8s leur arriv\u00e9e \u00e0 proximit\u00e9 de la \u00ab place de l\u2019olivier \u00bb jouxtant le si\u00e8ge de la S\u00fbret\u00e9 de wilaya, les premiers supporters arriv\u00e9s sur les lieux de la protesta avaient \u00e9t\u00e9 aussit\u00f4t encercl\u00e9s par les brigades anti\u00e9meutes et emp\u00each\u00e9s d\u2019entamer leur marche. Il s\u2019en \u00e9tait suivi des tentatives de n\u00e9gociations entre les manifestants et les policiers pour tenter d\u2019organiser tout au moins un rassemblement pacifique sur place mais les officiers de police en faction n\u2019ont rien voulu savoir.<\/p>\n<p>La tension \u00e9tait alors mont\u00e9e d\u2019un cran et les supporters en col\u00e8re ont r\u00e9pliqu\u00e9 par\u00a0 de nombreux slogans de soutien au pr\u00e9sident de la JSK tels que \u00ab Mellal pr\u00e9sident \u00bb\u00a0 ou encore \u00ab La JSK n\u2019est pas \u00e0 vendre \u00bb. Les \u00e9l\u00e9ments des brigades anti\u00e9meutes sont aussit\u00f4t entr\u00e9s en action pour disperser brutalement la foule alors que les meneurs de la manifestation avaient \u00e9t\u00e9 embarqu\u00e9s manu-militari dans les fourgons de police et conduits vers le si\u00e8ge de la S\u00fbret\u00e9 de la wilaya.\u00a0<\/p>\n<p>Ce n\u2019est que vers midi que la situation s\u2019\u00e9tait finalement calm\u00e9e et l\u2019on a su que les manifestants arr\u00eat\u00e9s par la police avaient \u00e9t\u00e9 finalement rel\u00e2ch\u00e9s en cours d\u2019apr\u00e8s-midi.\u00a0<\/p>\n<p>Enfin, il est \u00e0 rappeler qu\u2019un sit-in de soutien pacifique au profit du pr\u00e9sident Ch\u00e9rif Mellal avait \u00e9t\u00e9 organis\u00e9 mercredi dernier, en fin d\u2019apr\u00e8s-midi, \u00e0 Larbaa Nath Irathen et s\u2019\u00e9tait\u00a0 d\u00e9roul\u00e9 dans le calme et la retenue.<br \/>\u00a0<\/p>\n<p class=\"c6\"><strong>M. HAOUCHINE pour la R\u00e9daction Web\u00a0<\/strong><br \/>\u00a0<\/p>\n<\/div>\n<p>Auteur:<br \/>\n<a href=\"https:\/\/www.liberte-algerie.com\/actualite\/la-marche-de-soutien-pour-cherif-mellal-empechee-par-la-police-356223\">Cliquez ici pour lire l&rsquo;article depuis sa source.<\/a><\/p>\n","protected":false},"excerpt":{"rendered":"<p>La marche de soutien \u00e0 laquelle avaient appel\u00e9, depuis quelques jours d\u00e9j\u00e0,\u00a0 des supporters kabyles, pour soutenir le pr\u00e9sident actuel de la JSKabylie Ch\u00e9rif Mellal, a \u00e9t\u00e9 finalement emp\u00each\u00e9e, ce matin, par les services de police de Tizi-Ouzou.\u00a0 Si les initiateurs d\u2019une telle manifestation avaient pr\u00e9vu de se rassembler, le matin \u00e0 dix heures, au [&hellip;]<\/p>\n","protected":false},"author":1742,"featured_media":0,"comment_status":"closed","ping_status":"closed","sticky":false,"template":"","format":"standard","meta":{"fifu_image_url":"","fifu_image_alt":"","footnotes":""},"categories":[73,53],"tags":[],"class_list":["post-113809","post","type-post","status-publish","format-standard","hentry","category-actualite","category-algerie"],"_links":{"self":[{"href":"https:\/\/linitiative.ca\/International\/wp-json\/wp\/v2\/posts\/113809","targetHints":{"allow":["GET"]}}],"collection":[{"href":"https:\/\/linitiative.ca\/International\/wp-json\/wp\/v2\/posts"}],"about":[{"href":"https:\/\/linitiative.ca\/International\/wp-json\/wp\/v2\/types\/post"}],"author":[{"embeddable":true,"href":"https:\/\/linitiative.ca\/International\/wp-json\/wp\/v2\/users\/1742"}],"replies":[{"embeddable":true,"href":"https:\/\/linitiative.ca\/International\/wp-json\/wp\/v2\/comments?post=113809"}],"version-history":[{"count":0,"href":"https:\/\/linitiative.ca\/International\/wp-json\/wp\/v2\/posts\/113809\/revisions"}],"wp:attachment":[{"href":"https:\/\/linitiative.ca\/International\/wp-json\/wp\/v2\/media?parent=113809"}],"wp:term":[{"taxonomy":"category","embeddable":true,"href":"https:\/\/linitiative.ca\/International\/wp-json\/wp\/v2\/categories?post=113809"},{"taxonomy":"post_tag","embeddable":true,"href":"https:\/\/linitiative.ca\/International\/wp-json\/wp\/v2\/tags?post=113809"}],"curies":[{"name":"wp","href":"https:\/\/api.w.org\/{rel}","templated":true}]}}