{"id":113811,"date":"2021-03-26T17:34:58","date_gmt":"2021-03-26T21:34:58","guid":{"rendered":"https:\/\/linitiative.ca\/International\/convention-pour-la-creation-dun-institut-dedie-a-lentrepreneuriat\/"},"modified":"2021-03-26T17:34:58","modified_gmt":"2021-03-26T21:34:58","slug":"convention-pour-la-creation-dun-institut-dedie-a-lentrepreneuriat","status":"publish","type":"post","link":"https:\/\/linitiative.ca\/International\/convention-pour-la-creation-dun-institut-dedie-a-lentrepreneuriat\/","title":{"rendered":"Convention pour la cr\u00e9ation d\u2019un institut d\u00e9di\u00e9 \u00e0 l\u2019entrepreneuriat"},"content":{"rendered":"<div readability=\"39\">\n<p>Marrakech \u2013 Une convention de partenariat portant sur la cr\u00e9ation d\u2019un institut de formation \u00e0 l\u2019entrepreneuriat et au management des Tr\u00e8s Petites et Moyennes Entreprises (TPME) a \u00e9t\u00e9 sign\u00e9e vendredi \u00e0 Marrakech, en pr\u00e9sence du ministre de l\u2019Education Nationale, de la Formation Professionnelle, de l\u2019Enseignement Sup\u00e9rieur et de la Recherche Scientifique, Saaid Amzazi.<\/p>\n<\/div>\n<div readability=\"98\">\n<p>Cette convention a \u00e9t\u00e9 paraph\u00e9e par le directeur de l\u2019Acad\u00e9mie R\u00e9gionale d\u2019Education et de Formation (AREF) Marrakech-Safi, Moulay Ahmed Karimi, le d\u00e9l\u00e9gu\u00e9 r\u00e9gional de la formation professionnelle, El Hassan Sadouk et le pr\u00e9sident de la Conf\u00e9d\u00e9ration G\u00e9n\u00e9rale des Entreprises du Maroc (CGEM), Chakib Alj et ce, en marge de la rencontre r\u00e9gionale de coordination et de suivi de la d\u00e9clinaison des projets de la loi-cadre 51.17 relative \u00e0 la r\u00e9forme du syst\u00e8me d\u2019\u00e9ducation et de formation.<\/p>\n<p>Cet institut aura pour missions la promotion de l\u2019auto-emploi \u00e0 travers le soutien et l\u2019accompagnement des jeunes porteurs de projets aux niveaux national et r\u00e9gional, ainsi que la formation de responsables d\u2019entreprises aptes \u00e0 d\u00e9velopper leurs projets et \u00e0 am\u00e9liorer leur comp\u00e9titivit\u00e9 et \u00e0 inculquer une v\u00e9ritable culture du leadership dans le domaine des affaires.<\/p>\n<p>Cette structure de formation sera \u00e9galement de nature \u00e0 renforcer l\u2019ad\u00e9quation formation-emploi, \u00e0 promouvoir le professionnalisme dans les rangs des jeunes op\u00e9rant dans l\u2019informel, ou en recherche d\u2019emploi, et \u00e0 encourager l\u2019entrepreneuriat via un syst\u00e8me de formation et ce, en tenant compte de la demande \u00e9conomique et territoriale manifest\u00e9e en la mati\u00e8re.<\/p>\n<p>Cet Institut servira, en outre, d\u2019espace o\u00f9 vont \u00eatre \u00e9labor\u00e9es les visions sectorielles et territoriales, en parfaite ad\u00e9quation avec la formation de comp\u00e9tences destin\u00e9es au monde du travail.<\/p>\n<p>Intervenant \u00e0 cette occasion, M. Alj s\u2019est f\u00e9licit\u00e9 du partenariat fort, exemplaire et empreint de confiance et d\u2019estime r\u00e9ciproques liant la CGEM et ce D\u00e9partement minist\u00e9riel, faisant remarquer que ce partenariat s\u2019\u00e9tend aussi au niveau op\u00e9rationnel, \u00e0 travers les Instituts \u00e0 Gestion D\u00e9l\u00e9gu\u00e9e (IGD) dont, la gestion est confi\u00e9e aux professionnels, ce qui a abouti, a-t-il encha\u00een\u00e9, \u00e0 de bons r\u00e9sultats en termes d\u2019ad\u00e9quation formation-emploi et d\u2019insertion dans le monde du travail, notamment dans les secteurs de l\u2019automobile, l\u2019a\u00e9ronautique, le textile, et la minoterie et boulangerie o\u00f9, le taux d\u2019int\u00e9gration post-formation est tr\u00e8s \u00e9lev\u00e9.<\/p>\n<p>Cette convention est une excellente illustration de cet esprit de partenariat vertueux et de cette vision partag\u00e9e figurant au c\u0153ur de la feuille de route Royale dans le domaine de la formation professionnelle, a-t-il ajout\u00e9, relevant que le secteur priv\u00e9 est associ\u00e9 et engag\u00e9 dans toute la cha\u00eene de gouvernance de l\u2019\u00e9ducation et de la formation, \u00e0 savoir l\u2019enseignement g\u00e9n\u00e9ral, professionnel et sup\u00e9rieur, et la recherche scientifique.<\/p>\n<p>Cet institut, qui sera \u00e9rig\u00e9 sur 1 ha au lyc\u00e9e Ibn Toumert \u00e0 Marrakech, comportera des salles pour les cours th\u00e9oriques, des ateliers pour les cours pratiques, des bureaux administratifs ainsi qu\u2019une salle de r\u00e9union.<\/p>\n<\/div>\n<p>Auteur: Meriem IGASS<br \/>\n<a href=\"http:\/\/www.mapmarrakech.ma\/fr\/convention-pour-la-creation-dun-institut-dedie-a-lentrepreneuriat\/\">Cliquez ici pour lire l&rsquo;article depuis sa source.<\/a><\/p>\n","protected":false},"excerpt":{"rendered":"<p>Marrakech \u2013 Une convention de partenariat portant sur la cr\u00e9ation d\u2019un institut de formation \u00e0 l\u2019entrepreneuriat et au management des Tr\u00e8s Petites et Moyennes Entreprises (TPME) a \u00e9t\u00e9 sign\u00e9e vendredi \u00e0 Marrakech, en pr\u00e9sence du ministre de l\u2019Education Nationale, de la Formation Professionnelle, de l\u2019Enseignement Sup\u00e9rieur et de la Recherche Scientifique, Saaid Amzazi. Cette convention [&hellip;]<\/p>\n","protected":false},"author":1788,"featured_media":0,"comment_status":"closed","ping_status":"closed","sticky":false,"template":"","format":"standard","meta":{"fifu_image_url":"","fifu_image_alt":"","footnotes":""},"categories":[54,76],"tags":[],"class_list":["post-113811","post","type-post","status-publish","format-standard","hentry","category-maroc","category-regions"],"_links":{"self":[{"href":"https:\/\/linitiative.ca\/International\/wp-json\/wp\/v2\/posts\/113811","targetHints":{"allow":["GET"]}}],"collection":[{"href":"https:\/\/linitiative.ca\/International\/wp-json\/wp\/v2\/posts"}],"about":[{"href":"https:\/\/linitiative.ca\/International\/wp-json\/wp\/v2\/types\/post"}],"author":[{"embeddable":true,"href":"https:\/\/linitiative.ca\/International\/wp-json\/wp\/v2\/users\/1788"}],"replies":[{"embeddable":true,"href":"https:\/\/linitiative.ca\/International\/wp-json\/wp\/v2\/comments?post=113811"}],"version-history":[{"count":0,"href":"https:\/\/linitiative.ca\/International\/wp-json\/wp\/v2\/posts\/113811\/revisions"}],"wp:attachment":[{"href":"https:\/\/linitiative.ca\/International\/wp-json\/wp\/v2\/media?parent=113811"}],"wp:term":[{"taxonomy":"category","embeddable":true,"href":"https:\/\/linitiative.ca\/International\/wp-json\/wp\/v2\/categories?post=113811"},{"taxonomy":"post_tag","embeddable":true,"href":"https:\/\/linitiative.ca\/International\/wp-json\/wp\/v2\/tags?post=113811"}],"curies":[{"name":"wp","href":"https:\/\/api.w.org\/{rel}","templated":true}]}}