{"id":113812,"date":"2021-03-27T07:16:55","date_gmt":"2021-03-27T11:16:55","guid":{"rendered":"https:\/\/linitiative.ca\/International\/debats-sur-les-causes-profondes-et-problemes-inherents-au-divorce\/"},"modified":"2021-03-27T07:16:55","modified_gmt":"2021-03-27T11:16:55","slug":"debats-sur-les-causes-profondes-et-problemes-inherents-au-divorce","status":"publish","type":"post","link":"https:\/\/linitiative.ca\/International\/debats-sur-les-causes-profondes-et-problemes-inherents-au-divorce\/","title":{"rendered":"D\u00e9bats sur les causes profondes et probl\u00e8mes inh\u00e9rents au divorce"},"content":{"rendered":"<div readability=\"40\">\n<p>Marrakech \u2013 Un ar\u00e9opage d\u2019enseignants-chercheurs, de juristes et d\u2019acteurs associatifs se sont r\u00e9unis, vendredi \u00e0 Marrakech, afin d\u2019engager la r\u00e9flexion autour des obstacles se dressant devant une meilleure application de la Moudawana notamment en mati\u00e8re de rupture des liens conjugaux, et de tenter de comprendre les causes inh\u00e9rentes au ph\u00e9nom\u00e8ne du divorce notamment, durant la crise sanitaire actuelle.<\/p>\n<\/div>\n<div readability=\"145\">\n<p>Les participants \u00e0 cette rencontre, de deux jours, initi\u00e9e par le Laboratoire des Etudes Juridiques Civiles et Fonci\u00e8res (LEJCF) de la Facult\u00e9 des Sciences Juridiques, Economiques et Sociales (FSJES) relevant de l\u2019Universit\u00e9 Cadi Ayyad (UCA) de Marrakech, ont, en outre, d\u00e9battu des acquis de la Moudawana et ses \u00e9ventuelles lacunes, tout en essayant d\u2019expliquer la persistance de probl\u00e9matiques diverses notamment, dans le volet relatif au divorce, 17 ans apr\u00e8s l\u2019entr\u00e9e en vigueur de la Moudawana, consid\u00e9r\u00e9 comme l\u2019un des codes de statut personnel les plus avanc\u00e9s dans la r\u00e9gion du Moyen-Orient et de l\u2019Afrique du Nord (MENA).<\/p>\n<p>Intervenant \u00e0 la c\u00e9r\u00e9monie d\u2019ouverture de cette rencontre, le doyen de la FSJES de Marrakech, M. Abdelkrim Outaleb, a estim\u00e9 que cette augmentation des cas de divorce est \u00e0 attribuer au recul du r\u00f4le des institutions traditionnelles de m\u00e9diation, telles que la famille et la tribu qui s\u2019acquittaient, par le pass\u00e9, d\u2019un grand r\u00f4le en mati\u00e8re de r\u00e9conciliation familiale.<\/p>\n<p>Dans une allocution lue en son nom, M. Outaleb a estim\u00e9 que 17 ans apr\u00e8s la mise en vigueur de la nouvelle Moudawana, plusieurs probl\u00e9matiques sont apparues au fur et \u00e0 mesure de l\u2019application de ce Code du statut personnel, relevant que cette r\u00e9alit\u00e9 soul\u00e8ve plusieurs questions en l\u2019occurence, la n\u00e9c\u00e9ssit\u00e9 d\u2019une nouvelle r\u00e9vision urgente de la Moudawana notamment dans son volet relatif au divorce.<\/p>\n<p>Se r\u00e9f\u00e9rant aux statistiques du minist\u00e8re de la Justice, cet enseignant-chercheur a indiqu\u00e9 que \u00ab\u00a0les cas de divorce ne cessent d\u2019exploser passant de pr\u00e8s de 15.000 cas en 2013 \u00e0 pr\u00e8s de 20.000 cas en 2019, alors que la pand\u00e9mie et l\u2019\u00e9tat d\u2019urgence ont contribu\u00e9 de leur part, \u00e0 accroitre davantage le nombre de cas de divorce\u00a0\u00bb.<\/p>\n<p>\u00ab\u00a0En d\u00e9pit des grands efforts consentis par tous les intervenants du syst\u00e8me judiciaire, la Moudawana n\u2019a pas encore atteint les objectifs escompt\u00e9s\u00a0\u00bb, a soulign\u00e9, pour sa part, le vice-premier pr\u00e9sident de la Cour d\u2019appel de Marrakech, M. Ahmed Jaddoui, relevant que le minist\u00e8re de tutelle accorde une grande importance \u00e0 la question des relations familiales, traduite par la mise en place d\u2019une justice sp\u00e9cialis\u00e9e charg\u00e9e de traiter ce genre de dossiers, dot\u00e9e de grandes comp\u00e9tences au niveau des magistrats et greffiers.<\/p>\n<p>Dans son intervention, le responsable judiciaire a mis l\u2019accent sur les r\u00e9percussions n\u00e9gatives du divorce, qui est source de plusieurs probl\u00e8mes et maux sociaux, indiquant que les enfants sont les premi\u00e8res victimes des cas de divorce.<\/p>\n<p>Dans ce contexte, il a estim\u00e9 que la r\u00e9vision de la Moudawana en 2004 avait pour objectif d\u2019am\u00e9liorer les droits de la femme, la protection des droits des enfants ainsi que la dignit\u00e9 de l\u2019homme, tout en contribuant \u00e0 renforcer les liens unissant les membres de la famille.<\/p>\n<p>La femme est un pilier de la relation conjugale et de la famille, d\u2019o\u00f9 la n\u00e9cessit\u00e9 de promouvoir ses droits pour le bien-\u00eatre et le d\u00e9veloppement de la soci\u00e9t\u00e9, a-t-il insist\u00e9.<\/p>\n<p>Ce colloque de deux jours s\u2019inscrit dans le cadre du programme Ibn Khaldoun relatif \u00e0 l\u2019appui \u00e0 la recherche scientifique dans le domaine des sciences humaines et sociales sur \u00ab\u00a0le projet de recherche sur le ph\u00e9nom\u00e8ne du divorce entre contraintes du r\u00e9el et pratique judiciaire : Marrakech-Safi comme mod\u00e8le\u00a0\u00bb, qui a re\u00e7u l\u2019accord du Centre National pour la Recherche Scientifique et Technique (CNRST) de Rabat, au titre des ann\u00e9es 2020-2021.<\/p>\n<p>Cette rencontre scientifique a pour objectif d\u2019aborder les probl\u00e8mes inh\u00e9rents \u00e0 ce ph\u00e9nom\u00e8ne, notamment l\u2019\u00e9volution du divorce dans la r\u00e9gion Marrakech-Safi, la corr\u00e9lation entre le divorce et le choix du partenaire, et la nature des probl\u00e8mes caus\u00e9s par la fin de la relation conjugale.<\/p>\n<p>Elle se penchera \u00e9galement sur la relation des variables sociales, culturelles et \u00e9conomiques dans la r\u00e9gion avec le divorce, la nature des probl\u00e8mes et des cons\u00e9quences de ce ph\u00e9nom\u00e8ne sur les partenaires, leurs enfants, leurs familles et leur communaut\u00e9, ainsi que sur le r\u00f4le de la soci\u00e9t\u00e9 et des institutions officielles afin de circonscrire le ph\u00e9nom\u00e8ne du divorce.<\/p>\n<p>Les travaux de ce colloque seront couronn\u00e9s par des conclusions, des recommandations et des propositions qui contribueraient \u00e0 att\u00e9nuer les effets d\u00e9sastreux du divorce sur les enfants, la famille et la soci\u00e9t\u00e9 en g\u00e9n\u00e9ral.<\/p>\n<p>Cette rencontre est organis\u00e9e en partenariat avec la Facult\u00e9 polydisciplinaire de Safi, la Cour d\u2019appel de Marrakech, le Master des \u00e9tudes juridiques civiles \u00e0 la Facult\u00e9 de droit de Marrakech, l\u2019Observatoire international d\u2019\u00e9tudes et de recherches juridiques et sociales, le Centre international de sensibilisation et d\u2019\u00e9tudes juridiques et l\u2019Association Ennakhil \u00e0 Marrakech.<\/p>\n<\/div>\n<p>Auteur: Meriem IGASS<br \/>\n<a href=\"http:\/\/www.mapmarrakech.ma\/fr\/debats-sur-les-causes-profondes-et-problemes-inherents-au-divorce\/\">Cliquez ici pour lire l&rsquo;article depuis sa source.<\/a><\/p>\n","protected":false},"excerpt":{"rendered":"<p>Marrakech \u2013 Un ar\u00e9opage d\u2019enseignants-chercheurs, de juristes et d\u2019acteurs associatifs se sont r\u00e9unis, vendredi \u00e0 Marrakech, afin d\u2019engager la r\u00e9flexion autour des obstacles se dressant devant une meilleure application de la Moudawana notamment en mati\u00e8re de rupture des liens conjugaux, et de tenter de comprendre les causes inh\u00e9rentes au ph\u00e9nom\u00e8ne du divorce notamment, durant la [&hellip;]<\/p>\n","protected":false},"author":1788,"featured_media":0,"comment_status":"closed","ping_status":"closed","sticky":false,"template":"","format":"standard","meta":{"fifu_image_url":"","fifu_image_alt":"","footnotes":""},"categories":[54,76],"tags":[],"class_list":["post-113812","post","type-post","status-publish","format-standard","hentry","category-maroc","category-regions"],"_links":{"self":[{"href":"https:\/\/linitiative.ca\/International\/wp-json\/wp\/v2\/posts\/113812","targetHints":{"allow":["GET"]}}],"collection":[{"href":"https:\/\/linitiative.ca\/International\/wp-json\/wp\/v2\/posts"}],"about":[{"href":"https:\/\/linitiative.ca\/International\/wp-json\/wp\/v2\/types\/post"}],"author":[{"embeddable":true,"href":"https:\/\/linitiative.ca\/International\/wp-json\/wp\/v2\/users\/1788"}],"replies":[{"embeddable":true,"href":"https:\/\/linitiative.ca\/International\/wp-json\/wp\/v2\/comments?post=113812"}],"version-history":[{"count":0,"href":"https:\/\/linitiative.ca\/International\/wp-json\/wp\/v2\/posts\/113812\/revisions"}],"wp:attachment":[{"href":"https:\/\/linitiative.ca\/International\/wp-json\/wp\/v2\/media?parent=113812"}],"wp:term":[{"taxonomy":"category","embeddable":true,"href":"https:\/\/linitiative.ca\/International\/wp-json\/wp\/v2\/categories?post=113812"},{"taxonomy":"post_tag","embeddable":true,"href":"https:\/\/linitiative.ca\/International\/wp-json\/wp\/v2\/tags?post=113812"}],"curies":[{"name":"wp","href":"https:\/\/api.w.org\/{rel}","templated":true}]}}