{"id":113813,"date":"2021-03-27T09:00:26","date_gmt":"2021-03-27T13:00:26","guid":{"rendered":"https:\/\/linitiative.ca\/International\/cpu-mobilisation-pour-accompagner-les-professionnels\/"},"modified":"2021-03-27T09:00:26","modified_gmt":"2021-03-27T13:00:26","slug":"cpu-mobilisation-pour-accompagner-les-professionnels","status":"publish","type":"post","link":"https:\/\/linitiative.ca\/International\/cpu-mobilisation-pour-accompagner-les-professionnels\/","title":{"rendered":"CPU: Mobilisation pour accompagner les professionnels"},"content":{"rendered":"<div readability=\"36\">\n<p>Marrakech \u2013 La Direction r\u00e9gionale des Imp\u00f4ts de Marrakech-Safi est mobilis\u00e9e pour accompagner les professionnels dans leurs d\u00e9marches li\u00e9es \u00e0 la Contribution Professionnelle Unique (CPU), un nouveau r\u00e9gime fiscal qui a remplac\u00e9 le r\u00e9gime du b\u00e9n\u00e9fice forfaitaire en vertu de la Loi de Finances 2021.<\/p>\n<\/div>\n<div readability=\"89\">\n<p>Au Service r\u00e9gional de la fiscalit\u00e9 des professionnels relevant de la Direction r\u00e9gionale des Imp\u00f4ts \u00e0 Marrakech, les fonctionnaires de la Direction sont mobilis\u00e9s toute la semaine pour accompagner les professionnels, les assister et leur accorder toutes les facilit\u00e9s afin qu\u2019ils adh\u00e8rent \u00e0 ce nouveau syst\u00e8me fiscal, qui leur permettra de b\u00e9n\u00e9ficier d\u2019une couverture m\u00e9dicale \u00e0 travers un droit compl\u00e9mentaire destin\u00e9 aux prestations sociales couvrant l\u2019Assurance maladie obligatoire (AMO).<\/p>\n<p>Dans le respect strict des mesures pr\u00e9ventives et sanitaires adopt\u00e9es pour enrayer la propagation de la pand\u00e9mie du nouveau coronavirus (Covid-19), les professionnels continuent d\u2019affluer en masse \u00e0 ce service \u00e0 quelques jours de la fin de la date limite fix\u00e9e par la DGI (1er avril 2021) pour souscrire une d\u00e9claration du chiffre d\u2019affaires.<\/p>\n<p>\u00ab\u00a0Nous sommes satisfaits du volet social de ce nouveau r\u00e9gime fiscal, dont l\u2019entr\u00e9e en vigueur repr\u00e9sente un \u00e9v\u00e9nement phare et un moment historique dans notre pays\u00a0\u00bb, a indiqu\u00e9 dans une d\u00e9claration \u00e0 la MAP, la directrice r\u00e9gionale des Imp\u00f4ts, Mme Souad Baya.<\/p>\n<p>La CPU instaur\u00e9e par la Loi de Finances 2021 a \u00e9t\u00e9 une revendication formul\u00e9e par les professionnels eux-m\u00eames, lors des Assises nationales sur la Fiscalit\u00e9 en 2019 \u00e0 Skhirat, dont les recommandations avaient appel\u00e9 \u00e0 faciliter les proc\u00e9dures fiscales et \u00e0 faire b\u00e9n\u00e9ficier une grande cat\u00e9gorie de professionnels, de petits commer\u00e7ants et d\u2019artisans d\u2019une couverture m\u00e9dicale, a-t-elle ajout\u00e9.<\/p>\n<p>La CPU permet, d\u2019une part, aux professionnels soumis au r\u00e9gime du b\u00e9n\u00e9fice forfaitaire de s\u2019acquitter, d\u00e9sormais, d\u2019un seul imp\u00f4t rempla\u00e7ant l\u2019imp\u00f4t forfaitaire sur le revenu, la taxe professionnelle et la taxe des services communaux et, d\u2019autre part, elle leur assure une couverture m\u00e9dicale, a-t-elle expliqu\u00e9.<\/p>\n<p>Une autre grande nouveaut\u00e9 de ce nouveau r\u00e9gime\u00a0: les professionnels peuvent verser la CPU dans sa totalit\u00e9 avant le 1er avril 2021 ou op\u00e9rer quatre versements trimestriels, a-t-elle indiqu\u00e9.<\/p>\n<p>Pour rappel, les personnes soumises \u00e0 la\u00a0CPU, telle qu\u2019instaur\u00e9e par la loi de finances 2021, pourront d\u00e9sormais b\u00e9n\u00e9ficier de l\u2019AMO, en vertu de la loi organique n\u00b0 98-15 relative au r\u00e9gime de l\u2019assurance maladie obligatoire de base pour les cat\u00e9gories des professionnels, des travailleurs ind\u00e9pendants et des personnes non salari\u00e9es exer\u00e7ant une activit\u00e9 lib\u00e9rale, et qui garantit la m\u00eame couverture m\u00e9dicale pour les salari\u00e9s du secteur priv\u00e9.<\/p>\n<\/div>\n<p>Auteur: Meriem IGASS<br \/>\n<a href=\"http:\/\/www.mapmarrakech.ma\/fr\/cpu-mobilisation-pour-accompagner-les-professionnels\/\">Cliquez ici pour lire l&rsquo;article depuis sa source.<\/a><\/p>\n","protected":false},"excerpt":{"rendered":"<p>Marrakech \u2013 La Direction r\u00e9gionale des Imp\u00f4ts de Marrakech-Safi est mobilis\u00e9e pour accompagner les professionnels dans leurs d\u00e9marches li\u00e9es \u00e0 la Contribution Professionnelle Unique (CPU), un nouveau r\u00e9gime fiscal qui a remplac\u00e9 le r\u00e9gime du b\u00e9n\u00e9fice forfaitaire en vertu de la Loi de Finances 2021. Au Service r\u00e9gional de la fiscalit\u00e9 des professionnels relevant de [&hellip;]<\/p>\n","protected":false},"author":1788,"featured_media":0,"comment_status":"closed","ping_status":"closed","sticky":false,"template":"","format":"standard","meta":{"fifu_image_url":"","fifu_image_alt":"","footnotes":""},"categories":[54,76],"tags":[],"class_list":["post-113813","post","type-post","status-publish","format-standard","hentry","category-maroc","category-regions"],"_links":{"self":[{"href":"https:\/\/linitiative.ca\/International\/wp-json\/wp\/v2\/posts\/113813","targetHints":{"allow":["GET"]}}],"collection":[{"href":"https:\/\/linitiative.ca\/International\/wp-json\/wp\/v2\/posts"}],"about":[{"href":"https:\/\/linitiative.ca\/International\/wp-json\/wp\/v2\/types\/post"}],"author":[{"embeddable":true,"href":"https:\/\/linitiative.ca\/International\/wp-json\/wp\/v2\/users\/1788"}],"replies":[{"embeddable":true,"href":"https:\/\/linitiative.ca\/International\/wp-json\/wp\/v2\/comments?post=113813"}],"version-history":[{"count":0,"href":"https:\/\/linitiative.ca\/International\/wp-json\/wp\/v2\/posts\/113813\/revisions"}],"wp:attachment":[{"href":"https:\/\/linitiative.ca\/International\/wp-json\/wp\/v2\/media?parent=113813"}],"wp:term":[{"taxonomy":"category","embeddable":true,"href":"https:\/\/linitiative.ca\/International\/wp-json\/wp\/v2\/categories?post=113813"},{"taxonomy":"post_tag","embeddable":true,"href":"https:\/\/linitiative.ca\/International\/wp-json\/wp\/v2\/tags?post=113813"}],"curies":[{"name":"wp","href":"https:\/\/api.w.org\/{rel}","templated":true}]}}