{"id":113814,"date":"2021-03-27T09:56:27","date_gmt":"2021-03-27T13:56:27","guid":{"rendered":"https:\/\/linitiative.ca\/International\/conventions-de-partenariat-pour-lamelioration-du-systeme-educatif\/"},"modified":"2021-03-27T09:56:27","modified_gmt":"2021-03-27T13:56:27","slug":"conventions-de-partenariat-pour-lamelioration-du-systeme-educatif","status":"publish","type":"post","link":"https:\/\/linitiative.ca\/International\/conventions-de-partenariat-pour-lamelioration-du-systeme-educatif\/","title":{"rendered":"Conventions de partenariat pour l\u2019am\u00e9lioration du syst\u00e8me \u00e9ducatif"},"content":{"rendered":"<div readability=\"39\">\n<p>Marrakech \u2013 Huit conventions de partenariat ont \u00e9t\u00e9 sign\u00e9es, vendredi, au si\u00e8ge de la wilaya de la r\u00e9gion Marrakech-Safi, en marge de la rencontre r\u00e9gionale de coordination autour du suivi de la mise en \u0153uvre des projets de la loi-cadre 51.17, avec pour objectif l\u2019am\u00e9lioration du syst\u00e8me d\u2019\u00e9ducation et de formation et la promotion de l\u2019emploi \u00e0 l\u2019\u00e9chelle r\u00e9gionale.<\/p>\n<\/div>\n<div readability=\"110\">\n<p>Ainsi, la wilaya de la r\u00e9gion, l\u2019Acad\u00e9mie r\u00e9gionale de l\u2019\u00e9ducation et de la formation (AREF) et le conseil r\u00e9gional ont conclu une convention relative \u00e0 l\u2019ex\u00e9cution du programme d\u2019action visant l\u2019am\u00e9lioration de l\u2019offre scolaire dans la r\u00e9gion.<\/p>\n<p>La deuxi\u00e8me convention, scell\u00e9e entre l\u2019AREF et le bureau de l\u2019\u00e9ducation \u00e0 l\u2019ambassade d\u2019Espagne au Maroc, porte, elle, sur le partenariat et la coop\u00e9ration au sujet de la langue et de l\u2019\u00e9ducation, notamment l\u2019alternance linguistique pr\u00e9vue par ladite loi-cadre.<\/p>\n<p>L\u2019Acad\u00e9mie R\u00e9gionale a \u00e9galement sign\u00e9 deux conventions de partenariat avec l\u2019Union de l\u2019enseignement libre et le bureau r\u00e9gional de Marrakech-Safi de l\u2019alliance de l\u2019enseignement priv\u00e9 au Maroc, ayant trait \u00e0 la d\u00e9clinaison des projets de la loi-cadre et \u00e0 l\u2019instauration de l\u2019\u00e9cole de l\u2019\u00e9quit\u00e9, de la qualit\u00e9 et de la promotion dans la r\u00e9gion.<\/p>\n<p>Par ailleurs, une convention-cadre de partenariat et de coop\u00e9ration a \u00e9t\u00e9 paraph\u00e9e entre le minist\u00e8re de l\u2019Education nationale, de la Formation professionnelle, de l\u2019Enseignement sup\u00e9rieur et de la Recherche scientifique, l\u2019Universit\u00e9 Cadi Ayyad, le Conseil de la r\u00e9gion et le Conseil provincial de Chichaoua pour la construction de la Facult\u00e9 des sciences appliqu\u00e9es \u00e0 Chichaoua, sur une superficie de 24 Ha avec une capacit\u00e9 d\u2019accueil de 5.000 \u00e9tudiants, pour un investissement de 100 millions DH.<\/p>\n<p>Une autre convention conclue entre l\u2019universit\u00e9 Cadi Ayyad et le porteur de la Chaire de l\u2019UNESCO \u00ab\u00a0Edgar Morin\u00a0\u00bb d\u00e9finit, elle, les termes et conditions du partenariat avec la Chaire \u00ab\u00a0Edgar Morin\u00a0\u00bb, en vue d\u2019assurer un accompagnement par les formations et les recherches universitaires dans le domaine des sciences humaines et sociales.<\/p>\n<p>L\u2019universit\u00e9 Cadi Ayyad a, en outre, conclu une convention de partenariat avec la Fondation de l\u2019Education pour l\u2019emploi, portant sur le domaine de la formation des \u00e9tudiants et des laur\u00e9ats pour acc\u00e9der \u00e0 l\u2019emploi, l\u2019objectif \u00e9tant d\u2019\u00e9tablir des proc\u00e9dures conjointes en mati\u00e8re de facilitation de l\u2019employabilit\u00e9 des \u00e9tudiants, de d\u00e9veloppement de leurs capacit\u00e9s, de promotion de la culture de l\u2019entrepreneuriat et d\u2019\u00e9ducation \u00e0 la citoyennet\u00e9.<\/p>\n<p>La derni\u00e8re convention a \u00e9t\u00e9 paraph\u00e9e entre le m\u00eame \u00e9tablissement universitaire et la Fondation du Haut Atlas dans le domaine de la responsabilit\u00e9 sociale et de l\u2019appui aux entreprises sociales.<\/p>\n<p>A noter qu\u2019une rencontre r\u00e9gionale de coordination sur le suivi de la mise en \u0153uvre des projets de la loi-cadre 51.17 relative au syst\u00e8me d\u2019\u00e9ducation, de formation et de recherche scientifique dans la r\u00e9gion de Marrakech-Safi a \u00e9t\u00e9 tenue, vendredi, au si\u00e8ge de la wilaya.<\/p>\n<p>Pr\u00e9sid\u00e9e par le ministre de l\u2019Education nationale, de la Formation professionnelle, de l\u2019Enseignement sup\u00e9rieur et de la Recherche scientifique, Saa\u00efd Amzazi, cette rencontre, qui s\u2019est d\u00e9roul\u00e9e en pr\u00e9sence notamment du ministre d\u00e9l\u00e9gu\u00e9 charg\u00e9 de l\u2019Enseignement sup\u00e9rieur et de la Recherche scientifique, Driss Ouaouicha, et du wali de la r\u00e9gion Marrakech-Safi, gouverneur de la pr\u00e9fecture de Marrakech, Karim Kassi-Lahlou, a \u00e9t\u00e9 l\u2019occasion de renforcer la communication avec les autorit\u00e9s locales et les \u00e9lus en vue d\u2019intensifier la mobilisation autour de l\u2019ex\u00e9cution des projets et la d\u00e9clinaison des dispositions de ladite loi-cadre, et d\u2019assurer le suivi de la r\u00e9alisation des chantiers ouverts sur les plans r\u00e9gional et provincial.<\/p>\n<\/div>\n<p>Auteur: Meriem IGASS<br \/>\n<a href=\"http:\/\/www.mapmarrakech.ma\/fr\/conventions-de-partenariat-pour-lamelioration-du-systeme-educatif\/\">Cliquez ici pour lire l&rsquo;article depuis sa source.<\/a><\/p>\n","protected":false},"excerpt":{"rendered":"<p>Marrakech \u2013 Huit conventions de partenariat ont \u00e9t\u00e9 sign\u00e9es, vendredi, au si\u00e8ge de la wilaya de la r\u00e9gion Marrakech-Safi, en marge de la rencontre r\u00e9gionale de coordination autour du suivi de la mise en \u0153uvre des projets de la loi-cadre 51.17, avec pour objectif l\u2019am\u00e9lioration du syst\u00e8me d\u2019\u00e9ducation et de formation et la promotion de [&hellip;]<\/p>\n","protected":false},"author":1788,"featured_media":0,"comment_status":"closed","ping_status":"closed","sticky":false,"template":"","format":"standard","meta":{"fifu_image_url":"","fifu_image_alt":"","footnotes":""},"categories":[54,76],"tags":[],"class_list":["post-113814","post","type-post","status-publish","format-standard","hentry","category-maroc","category-regions"],"_links":{"self":[{"href":"https:\/\/linitiative.ca\/International\/wp-json\/wp\/v2\/posts\/113814","targetHints":{"allow":["GET"]}}],"collection":[{"href":"https:\/\/linitiative.ca\/International\/wp-json\/wp\/v2\/posts"}],"about":[{"href":"https:\/\/linitiative.ca\/International\/wp-json\/wp\/v2\/types\/post"}],"author":[{"embeddable":true,"href":"https:\/\/linitiative.ca\/International\/wp-json\/wp\/v2\/users\/1788"}],"replies":[{"embeddable":true,"href":"https:\/\/linitiative.ca\/International\/wp-json\/wp\/v2\/comments?post=113814"}],"version-history":[{"count":0,"href":"https:\/\/linitiative.ca\/International\/wp-json\/wp\/v2\/posts\/113814\/revisions"}],"wp:attachment":[{"href":"https:\/\/linitiative.ca\/International\/wp-json\/wp\/v2\/media?parent=113814"}],"wp:term":[{"taxonomy":"category","embeddable":true,"href":"https:\/\/linitiative.ca\/International\/wp-json\/wp\/v2\/categories?post=113814"},{"taxonomy":"post_tag","embeddable":true,"href":"https:\/\/linitiative.ca\/International\/wp-json\/wp\/v2\/tags?post=113814"}],"curies":[{"name":"wp","href":"https:\/\/api.w.org\/{rel}","templated":true}]}}