{"id":113816,"date":"2021-03-26T15:19:54","date_gmt":"2021-03-26T19:19:54","guid":{"rendered":"https:\/\/linitiative.ca\/International\/cultures-dautomne-la-superficie-emblavee-atteint-49-millions-ha\/"},"modified":"2021-03-26T15:19:54","modified_gmt":"2021-03-26T19:19:54","slug":"cultures-dautomne-la-superficie-emblavee-atteint-49-millions-ha","status":"publish","type":"post","link":"https:\/\/linitiative.ca\/International\/cultures-dautomne-la-superficie-emblavee-atteint-49-millions-ha\/","title":{"rendered":"Cultures d\u2019automne: la superficie emblav\u00e9e atteint 4,9 millions Ha"},"content":{"rendered":"<p class=\"c4\">La superficie emblav\u00e9e en cultures annuelles d\u2019automne totalise, \u00e0 date, 4,9 millions d\u2019hectares (Ha), au titre de la campagne agricole 2020\/2021, a indiqu\u00e9, vendredi, le minist\u00e8re de l\u2019Agriculture, de la P\u00eache maritime, du D\u00e9veloppement rural et des eaux et for\u00eats.<\/p>\n<p class=\"c4\">\u00ab\u00a0La superficie totale emblav\u00e9e \u00e0 date, toutes cultures annuelles d\u2019automne confondues, totalise 4,9 millions Ha dont 9% en irrigu\u00e9, domin\u00e9es par les c\u00e9r\u00e9ales (86%), les fourrages (10%) et les l\u00e9gumineuses (4%)\u00a0\u00bb, pr\u00e9cise le minist\u00e8re dans un communiqu\u00e9.<\/p>\n<p class=\"c4\">Les cultures d\u2019automne ont connu une bonne dynamique, d\u00e8s la 3\u00e8me d\u00e9cade du mois de novembre 2020, marqu\u00e9e par une pr\u00e9dominance du travail m\u00e9canique des sols qui a concern\u00e9 pr\u00e8s de 94% de la superficie travaill\u00e9e, ajoute la m\u00eame source.<\/p>\n<p class=\"c4\">La superficie sem\u00e9e en c\u00e9r\u00e9ales d\u2019automne s\u2019\u00e9l\u00e8ve \u00e0 4,20 millions Ha avec 44% de bl\u00e9 tendre, 34% d\u2019orge et 22% de bl\u00e9 dur, poursuit le communiqu\u00e9, notant que l\u2019\u00e9tat v\u00e9g\u00e9tatif des cultures c\u00e9r\u00e9ali\u00e8res est globalement satisfaisant et que l\u2019\u00e9volution de l\u2019\u00e9tat des c\u00e9r\u00e9ales d\u2019automne d\u00e9pendra des conditions climatiques (pr\u00e9cipitations et temp\u00e9ratures) du mois d\u2019avril et des travaux d\u2019entretien qui seront apport\u00e9s par les agriculteurs.<\/p>\n<p class=\"c4\">Quant aux cultures fourrag\u00e8res, elles s\u2019\u00e9talent sur une superficie de 513.000 Ha, dont 34% en irrigu\u00e9. Les principales esp\u00e8ces fourrag\u00e8res cultiv\u00e9es sont l\u2019orge fourrag\u00e8re (26%), la luzerne (21%), l\u2019avoine (18%), le bersim (12%), la f\u00e9verole (9%), les m\u00e9langes fourragers (4%) et autres (10%).<\/p>\n<p class=\"c4\">En ce qui concerne les l\u00e9gumineuses alimentaires d\u2019automne, elles occupent environ 168.000 Ha, dont 6% en irrigu\u00e9 avec les f\u00e8ves (56%), les Petits pois (20%), Lentilles (21%) et autres (3%).<\/p>\n<p class=\"c4\">Concernant les cultures sucri\u00e8res, la superficie sem\u00e9e en betterave \u00e0 sucre s\u2019\u00e9l\u00e8ve \u00e0 46.150 Ha et la superficie mise en place pour la canne \u00e0 sucre s\u2019\u00e9l\u00e8ve \u00e0 pr\u00e8s de 12.423 Ha. La superficie r\u00e9coltable de la canne \u00e0 sucre est estim\u00e9e \u00e0 10.260 Ha avec une production pr\u00e9visionnelle de 680.000 T.<\/p>\n<p class=\"c4\">Quant aux cultures mara\u00eech\u00e8res d\u2019automne, la superficie r\u00e9alis\u00e9e au 31 d\u00e9cembre 2020 est de 100.900 Ha. Les r\u00e9alisations par esp\u00e8ce, la pomme de terre avec pr\u00e8s de 21.000 Ha, l\u2019oignon 11.000 Ha, la tomate 9.235 Ha, le haricot vert 4.900 Ha, les courges et courgettes 4.100 Ha, les carottes et navet 15.800 Ha.<\/p>\n<p class=\"c4\">Pour les cultures mara\u00eech\u00e8res d\u2019hiver, les r\u00e9alisations des principales esp\u00e8ces ont atteint 61.470 Ha. La production attendue devra couvrir les besoins de consommation et d\u2019exportation pour la p\u00e9riode avril-juin.<\/p>\n<p class=\"c4\">Le programme des cultures mara\u00eech\u00e8res de printemps arr\u00eat\u00e9 \u00e0 89.700 Ha a d\u00e9marr\u00e9 le 13 mars. Les r\u00e9alisations \u00e0 date ont atteint 13% du programme et la production attendue devra couvrir les besoins de consommation de la saison estivale.<\/p>\n<p class=\"c4\">Le programme de multiplication des semences des c\u00e9r\u00e9ales a \u00e9t\u00e9 renforc\u00e9 particuli\u00e8rement en bl\u00e9 dur et orge et r\u00e9alis\u00e9 en totalit\u00e9 avec une superficie 51.000 ha pour r\u00e9pondre \u00e0 la demande de la saison prochaine et assurer la reconstitution du stock semencier.<\/p>\n<p>Auteur: Soufiane ELAHMAR<br \/>\n<a href=\"http:\/\/www.mapoujda.ma\/fr\/cultures-dautomne-la-superficie-emblavee-atteint-49-millions-ha\/\">Cliquez ici pour lire l&rsquo;article depuis sa source.<\/a><\/p>\n","protected":false},"excerpt":{"rendered":"<p>La superficie emblav\u00e9e en cultures annuelles d\u2019automne totalise, \u00e0 date, 4,9 millions d\u2019hectares (Ha), au titre de la campagne agricole 2020\/2021, a indiqu\u00e9, vendredi, le minist\u00e8re de l\u2019Agriculture, de la P\u00eache maritime, du D\u00e9veloppement rural et des eaux et for\u00eats. \u00ab\u00a0La superficie totale emblav\u00e9e \u00e0 date, toutes cultures annuelles d\u2019automne confondues, totalise 4,9 millions Ha [&hellip;]<\/p>\n","protected":false},"author":1788,"featured_media":0,"comment_status":"closed","ping_status":"closed","sticky":false,"template":"","format":"standard","meta":{"fifu_image_url":"","fifu_image_alt":"","footnotes":""},"categories":[54,76],"tags":[],"class_list":["post-113816","post","type-post","status-publish","format-standard","hentry","category-maroc","category-regions"],"_links":{"self":[{"href":"https:\/\/linitiative.ca\/International\/wp-json\/wp\/v2\/posts\/113816","targetHints":{"allow":["GET"]}}],"collection":[{"href":"https:\/\/linitiative.ca\/International\/wp-json\/wp\/v2\/posts"}],"about":[{"href":"https:\/\/linitiative.ca\/International\/wp-json\/wp\/v2\/types\/post"}],"author":[{"embeddable":true,"href":"https:\/\/linitiative.ca\/International\/wp-json\/wp\/v2\/users\/1788"}],"replies":[{"embeddable":true,"href":"https:\/\/linitiative.ca\/International\/wp-json\/wp\/v2\/comments?post=113816"}],"version-history":[{"count":0,"href":"https:\/\/linitiative.ca\/International\/wp-json\/wp\/v2\/posts\/113816\/revisions"}],"wp:attachment":[{"href":"https:\/\/linitiative.ca\/International\/wp-json\/wp\/v2\/media?parent=113816"}],"wp:term":[{"taxonomy":"category","embeddable":true,"href":"https:\/\/linitiative.ca\/International\/wp-json\/wp\/v2\/categories?post=113816"},{"taxonomy":"post_tag","embeddable":true,"href":"https:\/\/linitiative.ca\/International\/wp-json\/wp\/v2\/tags?post=113816"}],"curies":[{"name":"wp","href":"https:\/\/api.w.org\/{rel}","templated":true}]}}