{"id":113818,"date":"2021-03-26T19:50:02","date_gmt":"2021-03-26T23:50:02","guid":{"rendered":"https:\/\/linitiative.ca\/International\/jerada-les-preparatifs-pour-le-ramadan-au-centre-dune-reunion\/"},"modified":"2021-03-26T19:50:02","modified_gmt":"2021-03-26T23:50:02","slug":"jerada-les-preparatifs-pour-le-ramadan-au-centre-dune-reunion","status":"publish","type":"post","link":"https:\/\/linitiative.ca\/International\/jerada-les-preparatifs-pour-le-ramadan-au-centre-dune-reunion\/","title":{"rendered":"Jerada : les pr\u00e9paratifs pour le Ramadan au centre d\u2019une r\u00e9union"},"content":{"rendered":"<p class=\"c4\">Le gouverneur de la province de Jerada, Mabrouk Tabet, a pr\u00e9sid\u00e9, vendredi au si\u00e8ge de la pr\u00e9fecture de la province, une r\u00e9union ax\u00e9e sur l\u2019approvisionnement des march\u00e9s durant le mois sacr\u00e9 de Ramadan et le contr\u00f4le de la qualit\u00e9 et des prix des produits alimentaires.<\/p>\n<p class=\"c4\">Cette r\u00e9union, a expliqu\u00e9 le gouverneur \u00e0 cette occasion, intervient dans le cadre de la mise en ex\u00e9cution des instructions du ministre de l\u2019Int\u00e9rieur lors de la r\u00e9union de coordination qu\u2019il a pr\u00e9sid\u00e9e le 23 mars \u00e0 Rabat, et qui insistent sur l\u2019abondance de tous les produits alimentaires de large consommation durant ce mois.<\/p>\n<p class=\"c4\">L\u2019accent est mis \u00e9galement sur le renforcement des op\u00e9rations de contr\u00f4le des prix et de la qualit\u00e9 pour pr\u00e9server le pouvoir d\u2019achat du consommateur, sa sant\u00e9 et sa s\u00e9curit\u00e9, a-t-il rappel\u00e9.<\/p>\n<p class=\"c4\">M. Tabet a soulign\u00e9 dans ce sens la n\u00e9cessit\u00e9 de g\u00e9rer toutes ces actions et op\u00e9rations dans le cadre d\u2019une approche anticipative tendant l\u2019activation des m\u00e9canismes de coordination et de suivi pour la sensibilisation, le contr\u00f4le et le suivi de la situation d\u2019approvisionnement afin de garantir la qualit\u00e9 des produits alimentaires et pr\u00e9server la sant\u00e9, la s\u00e9curit\u00e9 et le pouvoir d\u2019achat du consommateur.<\/p>\n<p class=\"c4\">Le gouverneur a \u00e9galement appel\u00e9 les diff\u00e9rents intervenants repr\u00e9sentant l\u2019administration territoriale et les services s\u00e9curitaires et ext\u00e9rieurs \u00e0 accorder une attention particuli\u00e8re aux op\u00e9rations de contr\u00f4le pour pr\u00e9server la s\u00e9curit\u00e9 et la sant\u00e9 du consommateur, tout en proc\u00e9dant \u00e0 l\u2019activation du r\u00f4le des commissions locales et au suivi de leurs activit\u00e9s.<\/p>\n<p class=\"c4\">Il a de m\u00eame soulign\u00e9 l\u2019imp\u00e9ratif du respect des mesures de pr\u00e9vention et de protection en vigueur pour lutter contre la propagation du coronavirus, \u00e0 savoir les conditions de propret\u00e9, le port du masque et la distanciation sociale dans les souks hebdomadaires et les centres de commerce dans la province.<\/p>\n<p class=\"c4\">La r\u00e9union, marqu\u00e9e aussi par des expos\u00e9s faits par les diff\u00e9rents services concern\u00e9s, s\u2019est d\u00e9roul\u00e9e en pr\u00e9sence des agents d\u2019autorit\u00e9, des chefs des services s\u00e9curitaires, et des chefs et repr\u00e9sentants des services ext\u00e9rieurs au niveau r\u00e9gional et provincial.<\/p>\n<p>Auteur: Soufiane ELAHMAR<br \/>\n<a href=\"http:\/\/www.mapoujda.ma\/fr\/jerada-les-preparatifs-pour-le-ramadan-au-centre-dune-reunion\/\">Cliquez ici pour lire l&rsquo;article depuis sa source.<\/a><\/p>\n","protected":false},"excerpt":{"rendered":"<p>Le gouverneur de la province de Jerada, Mabrouk Tabet, a pr\u00e9sid\u00e9, vendredi au si\u00e8ge de la pr\u00e9fecture de la province, une r\u00e9union ax\u00e9e sur l\u2019approvisionnement des march\u00e9s durant le mois sacr\u00e9 de Ramadan et le contr\u00f4le de la qualit\u00e9 et des prix des produits alimentaires. Cette r\u00e9union, a expliqu\u00e9 le gouverneur \u00e0 cette occasion, intervient [&hellip;]<\/p>\n","protected":false},"author":1788,"featured_media":0,"comment_status":"closed","ping_status":"closed","sticky":false,"template":"","format":"standard","meta":{"fifu_image_url":"","fifu_image_alt":"","footnotes":""},"categories":[54,76],"tags":[],"class_list":["post-113818","post","type-post","status-publish","format-standard","hentry","category-maroc","category-regions"],"_links":{"self":[{"href":"https:\/\/linitiative.ca\/International\/wp-json\/wp\/v2\/posts\/113818","targetHints":{"allow":["GET"]}}],"collection":[{"href":"https:\/\/linitiative.ca\/International\/wp-json\/wp\/v2\/posts"}],"about":[{"href":"https:\/\/linitiative.ca\/International\/wp-json\/wp\/v2\/types\/post"}],"author":[{"embeddable":true,"href":"https:\/\/linitiative.ca\/International\/wp-json\/wp\/v2\/users\/1788"}],"replies":[{"embeddable":true,"href":"https:\/\/linitiative.ca\/International\/wp-json\/wp\/v2\/comments?post=113818"}],"version-history":[{"count":0,"href":"https:\/\/linitiative.ca\/International\/wp-json\/wp\/v2\/posts\/113818\/revisions"}],"wp:attachment":[{"href":"https:\/\/linitiative.ca\/International\/wp-json\/wp\/v2\/media?parent=113818"}],"wp:term":[{"taxonomy":"category","embeddable":true,"href":"https:\/\/linitiative.ca\/International\/wp-json\/wp\/v2\/categories?post=113818"},{"taxonomy":"post_tag","embeddable":true,"href":"https:\/\/linitiative.ca\/International\/wp-json\/wp\/v2\/tags?post=113818"}],"curies":[{"name":"wp","href":"https:\/\/api.w.org\/{rel}","templated":true}]}}