{"id":113819,"date":"2021-03-27T10:09:28","date_gmt":"2021-03-27T14:09:28","guid":{"rendered":"https:\/\/linitiative.ca\/International\/cyclisme-la-frmc-et-les-ligues-regionaux-signent-un-contrat-dobjectifs\/"},"modified":"2021-03-27T10:09:28","modified_gmt":"2021-03-27T14:09:28","slug":"cyclisme-la-frmc-et-les-ligues-regionaux-signent-un-contrat-dobjectifs","status":"publish","type":"post","link":"https:\/\/linitiative.ca\/International\/cyclisme-la-frmc-et-les-ligues-regionaux-signent-un-contrat-dobjectifs\/","title":{"rendered":"Cyclisme: La FRMC et les ligues r\u00e9gionaux signent un contrat d\u2019objectifs"},"content":{"rendered":"<p class=\"c4\">La F\u00e9d\u00e9ration royale marocaine de cyclisme (FRMC) et les ligues r\u00e9gionales ont sign\u00e9, vendredi \u00e0 Rabat, un contrat d\u2019objectifs afin de mettre en \u0153uvre les programmes de travail visant le d\u00e9veloppement de la pratique du sport et sa promotion sur leur territoire.<\/p>\n<p class=\"c4\">Dans un communiqu\u00e9 publi\u00e9 samedi, la FRMC a d\u00e9clar\u00e9 qu\u2019elle aspire, en signant ce contrat, permettre aux ligues r\u00e9gionales de jouer le r\u00f4le de pionnier dans la mise en \u0153uvre de la strat\u00e9gie g\u00e9n\u00e9rale de la f\u00e9d\u00e9ration pour d\u00e9velopper la pratique du sport.<\/p>\n<p class=\"c4\">En vertu de cet accord, la FRMC veut \u00e9galement accompagner les ligues r\u00e9gionales dans leur effort d\u2019\u00e9largir et de promouvoir la pratique du v\u00e9lo dans tout le Royaume et de permettre \u00e0 une grande frange de citoyens d\u2019opter pour l\u2019usage du v\u00e9lo comme moyen de transport \u00e9cologique \u00e0 travers des plans d\u2019am\u00e9nagement des infrastructures adapt\u00e9es sur leur territoire.<\/p>\n<p class=\"c4\">La F\u00e9d\u00e9ration royale marocaine du cyclisme, en mettant en \u0153uvre cette vision, d\u00e9montre son implication dans les efforts de l\u2019\u00e9laboration d\u2019un mod\u00e8le de d\u00e9veloppement du sport au Maroc tel que d\u00e9fini dans le message de SM le Roi Mohammed VI adress\u00e9 aux Assises Nationales du Sport, tenues \u00e0 Skhirat les 24 et 25 octobre 2008, qu\u2019elle consid\u00e8re n\u00e9cessaire une feuille de route pour le d\u00e9veloppement et la promotion du sport national, a ajout\u00e9 la m\u00eame source.<\/p>\n<p class=\"c4\">Par ailleurs, les acteurs du v\u00e9lo estiment que l\u2019adoption d\u2019une approche participative dans la mise en \u0153uvre de la\u00a0strat\u00e9gie nationale de promotion du cyclisme et d\u2019\u00e9largissement de sa pratique est de nature \u00e0 aider \u00e0 atteindre les objectifs de ce contrat, vu le nombre croissant de personnes qui ont opt\u00e9 pour l\u2019usage du v\u00e9lo durant la p\u00e9riode du confinement, comme sport ou moyen de transport, a-t-on pr\u00e9cis\u00e9.<\/p>\n<p class=\"c4\">La pratique du v\u00e9lo est un facteur cl\u00e9 pour att\u00e9nuer les pressions psychologiques que certains subissaient en raison des mesures sanitaires appliqu\u00e9es pour lutter contre la propagation de la pand\u00e9mie de Covid-19, a conclu le communiqu\u00e9 de la FRMC.<\/p>\n<p>Auteur: Soufiane ELAHMAR<br \/>\n<a href=\"http:\/\/www.mapoujda.ma\/fr\/cyclisme-la-frmc-et-les-ligues-regionaux-signent-un-contrat-dobjectifs\/\">Cliquez ici pour lire l&rsquo;article depuis sa source.<\/a><\/p>\n","protected":false},"excerpt":{"rendered":"<p>La F\u00e9d\u00e9ration royale marocaine de cyclisme (FRMC) et les ligues r\u00e9gionales ont sign\u00e9, vendredi \u00e0 Rabat, un contrat d\u2019objectifs afin de mettre en \u0153uvre les programmes de travail visant le d\u00e9veloppement de la pratique du sport et sa promotion sur leur territoire. Dans un communiqu\u00e9 publi\u00e9 samedi, la FRMC a d\u00e9clar\u00e9 qu\u2019elle aspire, en signant [&hellip;]<\/p>\n","protected":false},"author":1788,"featured_media":0,"comment_status":"closed","ping_status":"closed","sticky":false,"template":"","format":"standard","meta":{"fifu_image_url":"","fifu_image_alt":"","footnotes":""},"categories":[54,76],"tags":[],"class_list":["post-113819","post","type-post","status-publish","format-standard","hentry","category-maroc","category-regions"],"_links":{"self":[{"href":"https:\/\/linitiative.ca\/International\/wp-json\/wp\/v2\/posts\/113819","targetHints":{"allow":["GET"]}}],"collection":[{"href":"https:\/\/linitiative.ca\/International\/wp-json\/wp\/v2\/posts"}],"about":[{"href":"https:\/\/linitiative.ca\/International\/wp-json\/wp\/v2\/types\/post"}],"author":[{"embeddable":true,"href":"https:\/\/linitiative.ca\/International\/wp-json\/wp\/v2\/users\/1788"}],"replies":[{"embeddable":true,"href":"https:\/\/linitiative.ca\/International\/wp-json\/wp\/v2\/comments?post=113819"}],"version-history":[{"count":0,"href":"https:\/\/linitiative.ca\/International\/wp-json\/wp\/v2\/posts\/113819\/revisions"}],"wp:attachment":[{"href":"https:\/\/linitiative.ca\/International\/wp-json\/wp\/v2\/media?parent=113819"}],"wp:term":[{"taxonomy":"category","embeddable":true,"href":"https:\/\/linitiative.ca\/International\/wp-json\/wp\/v2\/categories?post=113819"},{"taxonomy":"post_tag","embeddable":true,"href":"https:\/\/linitiative.ca\/International\/wp-json\/wp\/v2\/tags?post=113819"}],"curies":[{"name":"wp","href":"https:\/\/api.w.org\/{rel}","templated":true}]}}