{"id":113820,"date":"2021-03-27T13:12:24","date_gmt":"2021-03-27T17:12:24","guid":{"rendered":"https:\/\/linitiative.ca\/International\/covid-19-491-nouveaux-cas-et-430-millions-de-vaccines\/"},"modified":"2021-03-27T13:12:24","modified_gmt":"2021-03-27T17:12:24","slug":"covid-19-491-nouveaux-cas-et-430-millions-de-vaccines","status":"publish","type":"post","link":"https:\/\/linitiative.ca\/International\/covid-19-491-nouveaux-cas-et-430-millions-de-vaccines\/","title":{"rendered":"Covid-19: 491 nouveaux cas et 4,30 millions de vaccin\u00e9s"},"content":{"rendered":"<p>Un total de <span class=\"c4\">491\u00a0<\/span>nouveaux cas d&rsquo;infection au coronavirus et de <span class=\"c4\">487\u00a0<\/span>gu\u00e9risons a \u00e9t\u00e9 enregistr\u00e9 au cours des derni\u00e8res 24 heures au Maroc, a annonc\u00e9 samedi le minist\u00e8re de la Sant\u00e9.<\/p>\n<p class=\"rtejustify\">Le nombre des personnes qui ont \u00e9t\u00e9 vaccin\u00e9es \u00e0 ce jour (dose 1) a atteint <span class=\"c4\">4 302 183<\/span>, alors que <span class=\"c4\">3 332 292\u00a0<\/span>personnes ont re\u00e7u la deuxi\u00e8me dose du vaccin, a pr\u00e9cis\u00e9 le minist\u00e8re dans son bulletin quotidien sur la situation de la Covid-19.<\/p>\n<p class=\"rtejustify\">Le nouveau bilan porte \u00e0 <span class=\"c4\">494 358\u00a0<\/span>le nombre total des contaminations depuis le premier cas signal\u00e9 en mars dernier, tandis que le nombre des personnes r\u00e9tablies est pass\u00e9 \u00e0 <span class=\"c4\">482 084\u00a0<\/span>, avec <span class=\"c4\">487\u00a0<\/span>nouvelles <span class=\"c5\">gu\u00e9risons<\/span>\u00a0recens\u00e9s en 24 heures, soit un taux de <strong>97,5%<\/strong>. Au total, <span class=\"c4\">12 594\u00a0<\/span>nouveaux tests ont \u00e9t\u00e9 r\u00e9alis\u00e9s.<\/p>\n<p class=\"rtejustify\">Le nombre total des d\u00e9c\u00e8s est pass\u00e9 \u00e0 <span class=\"c4\">8 798\u00a0<\/span>, avec <strong>5<\/strong> nouveaux d\u00e9c\u00e8s en 24 heures, soit un taux de l\u00e9talit\u00e9 de <strong>1,8%<\/strong>.<\/p>\n<p class=\"rtejustify\">Le nombre des cas actifs s&rsquo;\u00e9l\u00e8ve \u00e0 <span class=\"c4\">3 476<\/span>, alors que les cas s\u00e9v\u00e8res ou critiques sont au nombre de <span class=\"c4\">422<\/span>, dont <strong>24\u00a0<\/strong>plac\u00e9s sous intubation.<\/p>\n<p class=\"rtejustify\">Par ailleurs, le taux d&rsquo;occupation des lits d\u00e9di\u00e9s au Covid-19 atteint <strong>13,4%<\/strong>.<\/p>\n<p class=\"rtejustify\">\u00a0<\/p>\n<blockquote readability=\"4.75\">\n<p class=\"rtecenter\"><strong>Pour plus de d\u00e9tails, voir l&rsquo;\u00e9volution en temps r\u00e9el de l&rsquo;\u00e9pid\u00e9mie sur <a href=\"https:\/\/www.leconomiste.com\/covid19\/\">https:\/\/www.leconomiste.com\/covid19\/<\/a><\/strong><\/p>\n<\/blockquote>\n<p>Auteur: mbasraoui<br \/>\n<a href=\"https:\/\/www.leconomiste.com\/flash-infos\/covid-19-491-nouveaux-cas-et-4-30-millions-de-vaccines\">Cliquez ici pour lire l&rsquo;article depuis sa source.<\/a><\/p>\n","protected":false},"excerpt":{"rendered":"<p>Un total de 491\u00a0nouveaux cas d&rsquo;infection au coronavirus et de 487\u00a0gu\u00e9risons a \u00e9t\u00e9 enregistr\u00e9 au cours des derni\u00e8res 24 heures au Maroc, a annonc\u00e9 samedi le minist\u00e8re de la Sant\u00e9. Le nombre des personnes qui ont \u00e9t\u00e9 vaccin\u00e9es \u00e0 ce jour (dose 1) a atteint 4 302 183, alors que 3 332 292\u00a0personnes ont re\u00e7u [&hellip;]<\/p>\n","protected":false},"author":1763,"featured_media":0,"comment_status":"closed","ping_status":"closed","sticky":false,"template":"","format":"standard","meta":{"fifu_image_url":"","fifu_image_alt":"","footnotes":""},"categories":[78,54],"tags":[],"class_list":["post-113820","post","type-post","status-publish","format-standard","hentry","category-economie","category-maroc"],"_links":{"self":[{"href":"https:\/\/linitiative.ca\/International\/wp-json\/wp\/v2\/posts\/113820","targetHints":{"allow":["GET"]}}],"collection":[{"href":"https:\/\/linitiative.ca\/International\/wp-json\/wp\/v2\/posts"}],"about":[{"href":"https:\/\/linitiative.ca\/International\/wp-json\/wp\/v2\/types\/post"}],"author":[{"embeddable":true,"href":"https:\/\/linitiative.ca\/International\/wp-json\/wp\/v2\/users\/1763"}],"replies":[{"embeddable":true,"href":"https:\/\/linitiative.ca\/International\/wp-json\/wp\/v2\/comments?post=113820"}],"version-history":[{"count":0,"href":"https:\/\/linitiative.ca\/International\/wp-json\/wp\/v2\/posts\/113820\/revisions"}],"wp:attachment":[{"href":"https:\/\/linitiative.ca\/International\/wp-json\/wp\/v2\/media?parent=113820"}],"wp:term":[{"taxonomy":"category","embeddable":true,"href":"https:\/\/linitiative.ca\/International\/wp-json\/wp\/v2\/categories?post=113820"},{"taxonomy":"post_tag","embeddable":true,"href":"https:\/\/linitiative.ca\/International\/wp-json\/wp\/v2\/tags?post=113820"}],"curies":[{"name":"wp","href":"https:\/\/api.w.org\/{rel}","templated":true}]}}