{"id":113821,"date":"2021-03-27T15:14:04","date_gmt":"2021-03-27T19:14:04","guid":{"rendered":"https:\/\/linitiative.ca\/International\/international-le-real-madrid-prefere-deux-joueurs-a-ronaldo\/"},"modified":"2021-03-27T15:14:04","modified_gmt":"2021-03-27T19:14:04","slug":"international-le-real-madrid-prefere-deux-joueurs-a-ronaldo","status":"publish","type":"post","link":"https:\/\/linitiative.ca\/International\/international-le-real-madrid-prefere-deux-joueurs-a-ronaldo\/","title":{"rendered":"International : Le Real Madrid pr\u00e9f\u00e8re deux joueurs \u00e0 Ronaldo"},"content":{"rendered":"<div readability=\"32\">\n<p>Auteur : <span class=\"time\">samedi 27 mars 2021 12:59<\/span><\/p>\n<\/div>\n<div id=\"post_core\" readability=\"50\">\n<p>Cristiano Ronaldo, d\u00e9\u00e7u des performances de la Juventus cette saison, voudrait retrouver le club avec qui il a remport\u00e9 quatre fois la Ligue des champions. Son agent Jorge Mendes aurait d\u00e9j\u00e0 pris contact avec le Real Madrid comme l&rsquo;indique Football.<\/p>\n<p>Le probl\u00e8me, c\u2019est qu\u2019il faut que les trois parties soient sur la m\u00eame longueur d\u2019onde pour r\u00e9aliser ce genre de transferts. Et cela ne semble pas \u00eatre le cas pour le Real Madrid. Le fait est que l\u2019attaquant de 36 ans ne repr\u00e9sente plus une solution d\u2019avenir.<\/p>\n<p>Plut\u00f4t que de faire revenir Ronaldo, le Real veut trouver son successeur, le ou les attaquants qui r\u00e8gneront sur le football europ\u00e9en durant les dix prochaines ann\u00e9es. Il s\u2019agit bien s\u00fbr de Kylian Mbapp\u00e9 et Erling Haaland, qui font tourner les t\u00eates du c\u00f4t\u00e9 de Madrid\u2026<\/p>\n<p><strong>Publi\u00e9 dans :<\/strong> <span>real madrid<\/span><\/p>\n<\/div>\n<p>Auteur:<br \/>\n<a href=\"http:\/\/www.lebuteur.com\/article\/detail?titre=le-real-madrid-prefere-deux-joueurs-a-ronaldo&#038;id=99528&#038;utm_source=feedburner&#038;utm_medium=feed&#038;utm_campaign=Feed%3A+GalerieFArtciles+%28Les+derniers+articles++-+lebuteur.com%29\">Cliquez ici pour lire l&rsquo;article depuis sa source.<\/a><\/p>\n","protected":false},"excerpt":{"rendered":"<p>Auteur : samedi 27 mars 2021 12:59 Cristiano Ronaldo, d\u00e9\u00e7u des performances de la Juventus cette saison, voudrait retrouver le club avec qui il a remport\u00e9 quatre fois la Ligue des champions. Son agent Jorge Mendes aurait d\u00e9j\u00e0 pris contact avec le Real Madrid comme l&rsquo;indique Football. Le probl\u00e8me, c\u2019est qu\u2019il faut que les trois [&hellip;]<\/p>\n","protected":false},"author":1738,"featured_media":0,"comment_status":"closed","ping_status":"closed","sticky":false,"template":"","format":"standard","meta":{"fifu_image_url":"\/\/cdn.lebuteur.com\/data\/images\/article\/thumbs\/large-le-real-madrid-prefere-deux-joueurs-a-ronaldo-67888.jpg","fifu_image_alt":"International : Le Real Madrid pr\u00e9f\u00e8re deux joueurs \u00e0 Ronaldo","footnotes":""},"categories":[53,75],"tags":[],"class_list":["post-113821","post","type-post","status-publish","format-standard","hentry","category-algerie","category-sport"],"_links":{"self":[{"href":"https:\/\/linitiative.ca\/International\/wp-json\/wp\/v2\/posts\/113821","targetHints":{"allow":["GET"]}}],"collection":[{"href":"https:\/\/linitiative.ca\/International\/wp-json\/wp\/v2\/posts"}],"about":[{"href":"https:\/\/linitiative.ca\/International\/wp-json\/wp\/v2\/types\/post"}],"author":[{"embeddable":true,"href":"https:\/\/linitiative.ca\/International\/wp-json\/wp\/v2\/users\/1738"}],"replies":[{"embeddable":true,"href":"https:\/\/linitiative.ca\/International\/wp-json\/wp\/v2\/comments?post=113821"}],"version-history":[{"count":0,"href":"https:\/\/linitiative.ca\/International\/wp-json\/wp\/v2\/posts\/113821\/revisions"}],"wp:attachment":[{"href":"https:\/\/linitiative.ca\/International\/wp-json\/wp\/v2\/media?parent=113821"}],"wp:term":[{"taxonomy":"category","embeddable":true,"href":"https:\/\/linitiative.ca\/International\/wp-json\/wp\/v2\/categories?post=113821"},{"taxonomy":"post_tag","embeddable":true,"href":"https:\/\/linitiative.ca\/International\/wp-json\/wp\/v2\/tags?post=113821"}],"curies":[{"name":"wp","href":"https:\/\/api.w.org\/{rel}","templated":true}]}}