{"id":113823,"date":"2021-03-27T15:14:09","date_gmt":"2021-03-27T19:14:09","guid":{"rendered":"https:\/\/linitiative.ca\/International\/international-man-city-un-cadre-va-bien-prolonger\/"},"modified":"2021-03-27T15:14:09","modified_gmt":"2021-03-27T19:14:09","slug":"international-man-city-un-cadre-va-bien-prolonger","status":"publish","type":"post","link":"https:\/\/linitiative.ca\/International\/international-man-city-un-cadre-va-bien-prolonger\/","title":{"rendered":"International : Man City : Un cadre va bien prolonger"},"content":{"rendered":"<div readability=\"32\">\n<p>Auteur : <span class=\"time\">samedi 27 mars 2021 15:00<\/span><\/p>\n<\/div>\n<div id=\"post_core\" readability=\"39\">\n<p>En fin de contrat dans deux ans, Kevin De Bruyne\u00a0devrait prochainement prolonger l&rsquo;aventure avec les Cityzens. Selon Maxifoot, il ne reste que quelques d\u00e9tails \u00e0 r\u00e9gler entre\u00a0les deux parties, mais il est d\u00e9sormais acquis que le milieu offensif ne bougera pas cet \u00e9t\u00e9.<\/p>\n<p><strong>Publi\u00e9 dans :<\/strong> <span>Man City : De Bruyne<\/span><\/p>\n<\/div>\n<p>Auteur:<br \/>\n<a href=\"http:\/\/www.lebuteur.com\/article\/detail?titre=man-city-un-cadre-va-bien-prolonger&#038;id=99530&#038;utm_source=feedburner&#038;utm_medium=feed&#038;utm_campaign=Feed%3A+GalerieFArtciles+%28Les+derniers+articles++-+lebuteur.com%29\">Cliquez ici pour lire l&rsquo;article depuis sa source.<\/a><\/p>\n","protected":false},"excerpt":{"rendered":"<p>Auteur : samedi 27 mars 2021 15:00 En fin de contrat dans deux ans, Kevin De Bruyne\u00a0devrait prochainement prolonger l&rsquo;aventure avec les Cityzens. Selon Maxifoot, il ne reste que quelques d\u00e9tails \u00e0 r\u00e9gler entre\u00a0les deux parties, mais il est d\u00e9sormais acquis que le milieu offensif ne bougera pas cet \u00e9t\u00e9. Publi\u00e9 dans : Man City [&hellip;]<\/p>\n","protected":false},"author":1738,"featured_media":0,"comment_status":"closed","ping_status":"closed","sticky":false,"template":"","format":"standard","meta":{"fifu_image_url":"\/\/cdn.lebuteur.com\/data\/images\/article\/thumbs\/large-99530man-city-un-cadre-va-bien-prolonger-ef134.jpg","fifu_image_alt":"International : Man City : Un cadre va bien prolonger","footnotes":""},"categories":[53,75],"tags":[],"class_list":["post-113823","post","type-post","status-publish","format-standard","hentry","category-algerie","category-sport"],"_links":{"self":[{"href":"https:\/\/linitiative.ca\/International\/wp-json\/wp\/v2\/posts\/113823","targetHints":{"allow":["GET"]}}],"collection":[{"href":"https:\/\/linitiative.ca\/International\/wp-json\/wp\/v2\/posts"}],"about":[{"href":"https:\/\/linitiative.ca\/International\/wp-json\/wp\/v2\/types\/post"}],"author":[{"embeddable":true,"href":"https:\/\/linitiative.ca\/International\/wp-json\/wp\/v2\/users\/1738"}],"replies":[{"embeddable":true,"href":"https:\/\/linitiative.ca\/International\/wp-json\/wp\/v2\/comments?post=113823"}],"version-history":[{"count":0,"href":"https:\/\/linitiative.ca\/International\/wp-json\/wp\/v2\/posts\/113823\/revisions"}],"wp:attachment":[{"href":"https:\/\/linitiative.ca\/International\/wp-json\/wp\/v2\/media?parent=113823"}],"wp:term":[{"taxonomy":"category","embeddable":true,"href":"https:\/\/linitiative.ca\/International\/wp-json\/wp\/v2\/categories?post=113823"},{"taxonomy":"post_tag","embeddable":true,"href":"https:\/\/linitiative.ca\/International\/wp-json\/wp\/v2\/tags?post=113823"}],"curies":[{"name":"wp","href":"https:\/\/api.w.org\/{rel}","templated":true}]}}