{"id":113832,"date":"2021-03-27T16:51:07","date_gmt":"2021-03-27T20:51:07","guid":{"rendered":"https:\/\/linitiative.ca\/International\/tunisie-maghzaoui-sadressant-a-safi-said-nous-ne-repondons-pas-a-ceux-qui-ont-recu-des-pots-de-vins\/"},"modified":"2021-03-27T16:51:07","modified_gmt":"2021-03-27T20:51:07","slug":"tunisie-maghzaoui-sadressant-a-safi-said-nous-ne-repondons-pas-a-ceux-qui-ont-recu-des-pots-de-vins","status":"publish","type":"post","link":"https:\/\/linitiative.ca\/International\/tunisie-maghzaoui-sadressant-a-safi-said-nous-ne-repondons-pas-a-ceux-qui-ont-recu-des-pots-de-vins\/","title":{"rendered":"Tunisie-Maghzaoui s\u2019adressant \u00e0 Safi Sa\u00efd: \u201cNous ne r\u00e9pondons pas \u00e0 ceux qui ont re\u00e7u des pots de vins\u201d"},"content":{"rendered":"<div class=\"post-cont-in left relative\">\n<div id=\"post-info-wrap\" class=\"left relative post-info-out\">\n<div class=\"post-info-img left relative\"><img decoding=\"async\" alt=\"\" src=\"https:\/\/secure.gravatar.com\/avatar\/ea481d7287ad38ca1787f44b5bb1b70e?s=50&amp;d=mm&amp;r=g\" srcset=\"https:\/\/secure.gravatar.com\/avatar\/ea481d7287ad38ca1787f44b5bb1b70e?s=100&amp;d=mm&amp;r=g 2x\" class=\"avatar avatar-50 photo\" height=\"50\" width=\"50\" loading=\"lazy\"\/><\/div>\n<div class=\"post-info-in\">\n<div class=\"post-info-right left relative post-info-name left relative\"><span><span class=\"post-info-text\">Par<\/span> <span class=\"author-name vcard fn author\"><a href=\"https:\/\/www.tunisienumerique.com\/author\/rania-ben-slimane\/\" title=\"Articles par rania ben slimane\" rel=\"author\">rania ben slimane<\/a><\/span><\/span> <span class=\"post-date updated\"><time class=\"post-date updated\" datetime=\"2021-03-27\">\u00a0| Il y a 26 minutes<\/time><\/span><br \/>\n<meta itemprop=\"dateModified\" content=\"2021-03-27\"\/><\/div>\n<div class=\"left relative\"><button id=\"listenButton1\" class=\"responsivevoice-button\" type=\"button\" value=\"Play\" title=\"\u00c9coutez l'article\"><span>\ud83d\udd0a \u00c9coutez l&rsquo;article<\/span><\/button>\n<\/div>\n<\/div>\n<\/div>\n<p>Lors de la supervision de la c\u00e9l\u00e9bration de \u201cla M\u00e9moire de la Terre\u201d dans le gouvernorat de Tozeur, le Secr\u00e9taire G\u00e9n\u00e9ral du Mouvement Echaab, Zouhaier Maghzaoui a r\u00e9pondu aujourd\u2019hui, samedi 27 mars 2021, aux d\u00e9clarations du d\u00e9put\u00e9 Safi Sa\u00efd, dans lesquelles il accuse le Mouvement Echaab et un certain nombre de ses dirigeants et d\u00e9put\u00e9s d\u2019avoir \u00ab chevauch\u00e9 \u00bb sa campagne \u00e9lectorale.<\/p>\n<div class=\"code-block code-block-1 c4\">\n <ins class=\"adsbygoogle c3\" data-ad-layout=\"in-article\" data-ad-format=\"fluid\" data-ad-client=\"ca-pub-2102118777505746\" data-ad-slot=\"7301775417\"\/>\n<\/div>\n<p>Soulignant que le mouvement Echaab ne r\u00e9pond pas \u00e0 \u00ab\u00a0ceux qui ont re\u00e7u des pots de vins\u00a0\u00bb.<\/p>\n<p>Lors de sa pr\u00e9sence hier soir dans une \u00e9mission diffus\u00e9e sur une chaine t\u00e9l\u00e9vis\u00e9e priv\u00e9e, Safi a critiqu\u00e9 s\u00e9v\u00e8rement le Mouvement Echaab et un certain nombre de ses dirigeants et d\u00e9put\u00e9s, les accusant d\u2019avoir particip\u00e9 \u00e0 sa campagne \u00e9lectorale et soulignant qu\u2019ils exploiteront le pr\u00e9sident de la R\u00e9publique, Kais Saied pour an\u00e9antir son image par la suite.<\/p>\n<p>Evoquant qu\u2019il \u00e9tait g\u00ean\u00e9 quand des membres de ce Mouvement lui rendaient visite \u00e0 son si\u00e8ge de campagne \u00e9lectorale et qu\u2019il n\u2019avait pas h\u00e9sit\u00e9 \u00e0 en expulser certains qui ont \u00e9t\u00e9 d\u00e9sign\u00e9s plus tard ministres.<\/p>\n<p>Il a ajout\u00e9 que le Mouvement populaire lui a offert son soutien pendant sa campagne \u00e9lectorale et qu\u2019il ne l\u2019avait pas refus\u00e9 en tant que parti, indiquant qu\u2019il ne connaissait pas son si\u00e8ge et qu\u2019il ne lui avait jamais rendu visite ni demand\u00e9 quoi que ce soit.<\/p>\n<p>Il a \u00e9galement affirm\u00e9 qu\u2019il ne s\u2019affiliera jamais au mouvement m\u00eame \u00ab s\u2019il devenait le paradis sur terre \u00bb, consid\u00e9rant qu\u2019il n\u2019\u00e9tait pas sa seule victime.<\/p>\n<div class=\"swp_social_panel swp_horizontal_panel swp_flat_fresh swp_default_full_color swp_individual_full_color swp_other_full_color scale-100 scale-\" data-min-width=\"1100\" data-float-color=\"#ffffff\" data-float=\"bottom\" data-float-mobile=\"bottom\" data-transition=\"slide\">\n<div class=\"nc_tweetContainer swp_share_button total_shares total_sharesalt\"><span class=\"swp_count\">12 <span class=\"swp_label\">Partages<\/span><\/span><\/div>\n<\/div>\n<p><strong>Que se passe-t-il en Tunisie?<\/strong><br \/>Nous expliquons sur notre <a href=\"https:\/\/www.youtube.com\/channel\/UCRzypVq0B_yBad5eGrwBx0Q?sub_confirmation=1\" target=\"_blank\" rel=\"noopener\">cha\u00eene YouTube<\/a> . <a href=\"https:\/\/www.youtube.com\/channel\/UCRzypVq0B_yBad5eGrwBx0Q?sub_confirmation=1\" target=\"_blank\" rel=\"noopener\">Abonnez-vous!<\/a><\/p>\n<div class=\"mvp-org-wrap\" itemprop=\"publisher\">\n<div class=\"mvp-org-logo\" itemprop=\"logo\"><img decoding=\"async\" src=\"https:\/\/www.tunisienumerique.com\/wp-content\/uploads\/2017\/02\/logo_tunisie_numerique.png\"\/><br \/>\n<meta itemprop=\"url\" content=\"https:\/\/www.tunisienumerique.com\/wp-content\/uploads\/2017\/02\/logo_tunisie_numerique.png\"\/><\/div>\n<p><meta content=\"Tunisie\"\/><\/div>\n<div class=\"mvp-related-posts left relative\">\n<h4 class=\"post-header\"><span class=\"post-header\">Lire aussi<\/span><\/h4>\n<\/div>\n<div id=\"article-ad\">\n <ins class=\"adsbygoogle c5\" data-ad-client=\"ca-pub-2102118777505746\" data-ad-slot=\"6513972734\" data-ad-format=\"auto\" data-full-width-responsive=\"true\"\/>\n<\/div>\n<\/div>\n<div id=\"post-sidebar-wrap\">\n <ins class=\"adsbygoogle c5\" data-ad-client=\"ca-pub-2102118777505746\" data-ad-slot=\"6168283410\" data-ad-format=\"auto\" data-full-width-responsive=\"true\"\/>\n<\/div>\n<p>Auteur: rania ben slimane<br \/>\n<a href=\"https:\/\/www.tunisienumerique.com\/tunisie-maghzaoui-sadressant-a-safi-said-nous-ne-repondons-pas-a-ceux-qui-ont-recu-des-pots-de-vins\/\">Cliquez ici pour lire l&rsquo;article depuis sa source.<\/a><\/p>\n","protected":false},"excerpt":{"rendered":"<p>Par rania ben slimane \u00a0| Il y a 26 minutes \ud83d\udd0a \u00c9coutez l&rsquo;article Lors de la supervision de la c\u00e9l\u00e9bration de \u201cla M\u00e9moire de la Terre\u201d dans le gouvernorat de Tozeur, le Secr\u00e9taire G\u00e9n\u00e9ral du Mouvement Echaab, Zouhaier Maghzaoui a r\u00e9pondu aujourd\u2019hui, samedi 27 mars 2021, aux d\u00e9clarations du d\u00e9put\u00e9 Safi Sa\u00efd, dans lesquelles il [&hellip;]<\/p>\n","protected":false},"author":1789,"featured_media":0,"comment_status":"closed","ping_status":"closed","sticky":false,"template":"","format":"standard","meta":{"fifu_image_url":"https:\/\/secure.gravatar.com\/avatar\/ea481d7287ad38ca1787f44b5bb1b70e?s=50&d=mm&r=g","fifu_image_alt":"Tunisie-Maghzaoui s\u2019adressant \u00e0 Safi Sa\u00efd: \u201cNous ne r\u00e9pondons pas \u00e0 ceux qui ont re\u00e7u des pots de vins\u201d","footnotes":""},"categories":[73,55],"tags":[],"class_list":["post-113832","post","type-post","status-publish","format-standard","hentry","category-actualite","category-tunisie"],"_links":{"self":[{"href":"https:\/\/linitiative.ca\/International\/wp-json\/wp\/v2\/posts\/113832","targetHints":{"allow":["GET"]}}],"collection":[{"href":"https:\/\/linitiative.ca\/International\/wp-json\/wp\/v2\/posts"}],"about":[{"href":"https:\/\/linitiative.ca\/International\/wp-json\/wp\/v2\/types\/post"}],"author":[{"embeddable":true,"href":"https:\/\/linitiative.ca\/International\/wp-json\/wp\/v2\/users\/1789"}],"replies":[{"embeddable":true,"href":"https:\/\/linitiative.ca\/International\/wp-json\/wp\/v2\/comments?post=113832"}],"version-history":[{"count":0,"href":"https:\/\/linitiative.ca\/International\/wp-json\/wp\/v2\/posts\/113832\/revisions"}],"wp:attachment":[{"href":"https:\/\/linitiative.ca\/International\/wp-json\/wp\/v2\/media?parent=113832"}],"wp:term":[{"taxonomy":"category","embeddable":true,"href":"https:\/\/linitiative.ca\/International\/wp-json\/wp\/v2\/categories?post=113832"},{"taxonomy":"post_tag","embeddable":true,"href":"https:\/\/linitiative.ca\/International\/wp-json\/wp\/v2\/tags?post=113832"}],"curies":[{"name":"wp","href":"https:\/\/api.w.org\/{rel}","templated":true}]}}