{"id":113833,"date":"2021-03-27T17:17:09","date_gmt":"2021-03-27T21:17:09","guid":{"rendered":"https:\/\/linitiative.ca\/International\/tunisie-une-reunion-en-prelude-a-la-soumission-aux-dictats-du-fmi\/"},"modified":"2021-03-27T17:17:09","modified_gmt":"2021-03-27T21:17:09","slug":"tunisie-une-reunion-en-prelude-a-la-soumission-aux-dictats-du-fmi","status":"publish","type":"post","link":"https:\/\/linitiative.ca\/International\/tunisie-une-reunion-en-prelude-a-la-soumission-aux-dictats-du-fmi\/","title":{"rendered":"Tunisie \u2013 Une r\u00e9union en pr\u00e9lude \u00e0 la soumission aux dictats du FMI"},"content":{"rendered":"<div class=\"post-cont-in left relative\">\n<div id=\"post-info-wrap\" class=\"left relative post-info-out\">\n<div class=\"post-info-img left relative\"><img decoding=\"async\" alt=\"\" src=\"https:\/\/secure.gravatar.com\/avatar\/96253f4a657b482a18e837c1252096c2?s=50&amp;d=mm&amp;r=g\" srcset=\"https:\/\/secure.gravatar.com\/avatar\/96253f4a657b482a18e837c1252096c2?s=100&amp;d=mm&amp;r=g 2x\" class=\"avatar avatar-50 photo\" height=\"50\" width=\"50\" loading=\"lazy\"\/><\/div>\n<div class=\"post-info-in\">\n<div class=\"post-info-right left relative post-info-name left relative\"><span><span class=\"post-info-text\">Par<\/span> <span class=\"author-name vcard fn author\"><a href=\"https:\/\/www.tunisienumerique.com\/author\/saber\/\" title=\"Articles par Saber .\" rel=\"author\">Saber .<\/a><\/span><\/span> <span class=\"post-date updated\"><time class=\"post-date updated\" datetime=\"2021-03-27\">\u00a0| Il y a 1 minute<\/time><\/span><br \/>\n<meta itemprop=\"dateModified\" content=\"2021-03-27\"\/><\/div>\n<div class=\"left relative\"><button id=\"listenButton1\" class=\"responsivevoice-button\" type=\"button\" value=\"Play\" title=\"\u00c9coutez l'article\"><span>\ud83d\udd0a \u00c9coutez l&rsquo;article<\/span><\/button>\n<\/div>\n<\/div>\n<\/div>\n<p>Le chef du gouvernement, Hichem Mechichi, a programm\u00e9 courant de la semaine prochaine, une deuxi\u00e8me r\u00e9union de la s\u00e9rie d\u2019entretiens pour la r\u00e9forme \u00e9conomique \u00e0 Beit Al Hikma.<\/p>\n<div class=\"code-block code-block-1 c4\">\n <ins class=\"adsbygoogle c3\" data-ad-layout=\"in-article\" data-ad-format=\"fluid\" data-ad-client=\"ca-pub-2102118777505746\" data-ad-slot=\"7301775417\"\/>\n<\/div>\n<p>Cette r\u00e9union, la deuxi\u00e8me d\u2019une s\u00e9rie qui s\u2019annonce assez longue et laborieuse, pour plusieurs raisons.<\/p>\n<p>D\u2019abord, parce qu\u2019elle s\u2019attaque \u00e0 un \u00e9norme chantier qui est celui des r\u00e9formes \u00e9conomiques. Des r\u00e9formes qui se confrontent \u00e0 une r\u00e9ticence quasi g\u00e9n\u00e9rale, par ceux qui les consid\u00e8rent comme une ing\u00e9rence et des conditions inacceptables dict\u00e9es par les bailleurs de fonds internationaux. Et laborieuse, aussi, parce qu\u2019elle s\u2019est fix\u00e9 comme objectif de regrouper autour d\u2019une m\u00eame tables des antagonistes de l\u2019\u00e9conomie, comme l\u2019UTICA et l\u2019UGTT, avec des visions oppos\u00e9es \u00e0 propos de ces r\u00e9formes et d\u2019autres dossiers \u00e9conomiques.<\/p>\n<p>Mais, le gouvernement ne pourrait faire autrement, et il est oblig\u00e9 de r\u00e9unir ces antagonistes pour discuter des ces dossiers br\u00fblants. Car il semble que cette s\u00e9rie de r\u00e9union a \u00e9t\u00e9 programm\u00e9e par Mechichi, pour pr\u00e9parer le terrain \u00e0 l\u2019adh\u00e9sion de toutes ces parties, aux conditions qu\u2019a pos\u00e9es le FMI, pour consentir le d\u00e9blocage des fonds pour la suite des \u00e9v\u00e8nements en Tunisie.<\/p>\n<p>Car, on se rappelle bien, que <a href=\"https:\/\/www.tunisienumerique.com\/tunisie-les-politiques-se-trompent-de-probleme-le-vrai-probleme-est-la-et-va-tous-les-emporter\/?fbclid=IwAR3I3DOpWnheS_cT3puSx39euCKZn-QND6NSf8-JbhKkpn9lhzvVG6gm9_8\">le FMI n\u2019a plus confiance en le pouvoir en Tunisie, et pense que ce pouvoir est \u00e9parpill\u00e9 entre plusieurs d\u00e9cideurs<\/a>, de fa\u00e7on \u00e0 ce qu\u2019aucun d\u2019entre eux ne peut d\u00e9cider de rien. Et pour cette raison, le FMI a exig\u00e9 du gouvernement que les r\u00e9formes qui vont devoir \u00eatre d\u00e9cid\u00e9es devront \u00eatre cosign\u00e9es par les trois pr\u00e9sidents, en plus des acteurs de la soci\u00e9t\u00e9 civile, comme l\u2019UGTT et l\u2019UTICA. Le fond a, par ailleurs, exig\u00e9 que ces r\u00e9formes soient notifi\u00e9es dans des lois qui devront \u00eatre valid\u00e9es par l\u2019ARP.<\/p>\n<p>Donc, \u00e0 premi\u00e8re vue, on dirait, bien, que ces r\u00e9unions de Beit Al Hikma soient un pr\u00e9lude pour satisfaire les exigences de FMI, et se soumettre \u00e0 ses dictats.<\/p>\n<div class=\"swp_social_panel swp_horizontal_panel swp_flat_fresh swp_default_full_color swp_individual_full_color swp_other_full_color scale-100 scale-\" data-min-width=\"1100\" data-float-color=\"#ffffff\" data-float=\"bottom\" data-float-mobile=\"bottom\" data-transition=\"slide\">\n<div class=\"nc_tweetContainer swp_share_button total_shares total_sharesalt\"><span class=\"swp_count\">0 <span class=\"swp_label\">Partages<\/span><\/span><\/div>\n<\/div>\n<p><strong>Que se passe-t-il en Tunisie?<\/strong><br \/>Nous expliquons sur notre <a href=\"https:\/\/www.youtube.com\/channel\/UCRzypVq0B_yBad5eGrwBx0Q?sub_confirmation=1\" target=\"_blank\" rel=\"noopener\">cha\u00eene YouTube<\/a> . <a href=\"https:\/\/www.youtube.com\/channel\/UCRzypVq0B_yBad5eGrwBx0Q?sub_confirmation=1\" target=\"_blank\" rel=\"noopener\">Abonnez-vous!<\/a><\/p>\n<div class=\"mvp-org-wrap\" itemprop=\"publisher\">\n<div class=\"mvp-org-logo\" itemprop=\"logo\"><img decoding=\"async\" src=\"https:\/\/www.tunisienumerique.com\/wp-content\/uploads\/2017\/02\/logo_tunisie_numerique.png\"\/><br \/>\n<meta itemprop=\"url\" content=\"https:\/\/www.tunisienumerique.com\/wp-content\/uploads\/2017\/02\/logo_tunisie_numerique.png\"\/><\/div>\n<p><meta content=\"Tunisie\"\/><\/div>\n<div class=\"mvp-related-posts left relative\">\n<h4 class=\"post-header\"><span class=\"post-header\">Lire aussi<\/span><\/h4>\n<\/div>\n<div id=\"article-ad\">\n <ins class=\"adsbygoogle c5\" data-ad-client=\"ca-pub-2102118777505746\" data-ad-slot=\"6513972734\" data-ad-format=\"auto\" data-full-width-responsive=\"true\"\/>\n<\/div>\n<\/div>\n<div id=\"post-sidebar-wrap\">\n <ins class=\"adsbygoogle c5\" data-ad-client=\"ca-pub-2102118777505746\" data-ad-slot=\"6168283410\" data-ad-format=\"auto\" data-full-width-responsive=\"true\"\/>\n<\/div>\n<p>Auteur: Saber .<br \/>\n<a href=\"https:\/\/www.tunisienumerique.com\/tunisie-une-reunion-en-prelude-a-la-soumission-aux-dictats-du-fmi\/\">Cliquez ici pour lire l&rsquo;article depuis sa source.<\/a><\/p>\n","protected":false},"excerpt":{"rendered":"<p>Par Saber . \u00a0| Il y a 1 minute \ud83d\udd0a \u00c9coutez l&rsquo;article Le chef du gouvernement, Hichem Mechichi, a programm\u00e9 courant de la semaine prochaine, une deuxi\u00e8me r\u00e9union de la s\u00e9rie d\u2019entretiens pour la r\u00e9forme \u00e9conomique \u00e0 Beit Al Hikma. Cette r\u00e9union, la deuxi\u00e8me d\u2019une s\u00e9rie qui s\u2019annonce assez longue et laborieuse, pour plusieurs raisons. [&hellip;]<\/p>\n","protected":false},"author":1789,"featured_media":0,"comment_status":"closed","ping_status":"closed","sticky":false,"template":"","format":"standard","meta":{"fifu_image_url":"https:\/\/secure.gravatar.com\/avatar\/96253f4a657b482a18e837c1252096c2?s=50&d=mm&r=g","fifu_image_alt":"Tunisie \u2013 Une r\u00e9union en pr\u00e9lude \u00e0 la soumission aux dictats du FMI","footnotes":""},"categories":[73,55],"tags":[],"class_list":["post-113833","post","type-post","status-publish","format-standard","hentry","category-actualite","category-tunisie"],"_links":{"self":[{"href":"https:\/\/linitiative.ca\/International\/wp-json\/wp\/v2\/posts\/113833","targetHints":{"allow":["GET"]}}],"collection":[{"href":"https:\/\/linitiative.ca\/International\/wp-json\/wp\/v2\/posts"}],"about":[{"href":"https:\/\/linitiative.ca\/International\/wp-json\/wp\/v2\/types\/post"}],"author":[{"embeddable":true,"href":"https:\/\/linitiative.ca\/International\/wp-json\/wp\/v2\/users\/1789"}],"replies":[{"embeddable":true,"href":"https:\/\/linitiative.ca\/International\/wp-json\/wp\/v2\/comments?post=113833"}],"version-history":[{"count":0,"href":"https:\/\/linitiative.ca\/International\/wp-json\/wp\/v2\/posts\/113833\/revisions"}],"wp:attachment":[{"href":"https:\/\/linitiative.ca\/International\/wp-json\/wp\/v2\/media?parent=113833"}],"wp:term":[{"taxonomy":"category","embeddable":true,"href":"https:\/\/linitiative.ca\/International\/wp-json\/wp\/v2\/categories?post=113833"},{"taxonomy":"post_tag","embeddable":true,"href":"https:\/\/linitiative.ca\/International\/wp-json\/wp\/v2\/tags?post=113833"}],"curies":[{"name":"wp","href":"https:\/\/api.w.org\/{rel}","templated":true}]}}