{"id":113835,"date":"2021-03-27T06:53:49","date_gmt":"2021-03-27T10:53:49","guid":{"rendered":"https:\/\/linitiative.ca\/International\/musique-zems-taaba-leffort-de-azy-dread-a-la-cohesion-sociale\/"},"modified":"2021-03-27T06:53:49","modified_gmt":"2021-03-27T10:53:49","slug":"musique-zems-taaba-leffort-de-azy-dread-a-la-cohesion-sociale","status":"publish","type":"post","link":"https:\/\/linitiative.ca\/International\/musique-zems-taaba-leffort-de-azy-dread-a-la-cohesion-sociale\/","title":{"rendered":"\u00a0Musique : \u00ab Zems Taaba \u00bb, l\u2019effort de Azy Dread \u00e0 la coh\u00e9sion sociale"},"content":{"rendered":"<div class=\"td-post-featured-image\"><a href=\"https:\/\/www.sidwaya.info\/wp-content\/uploads\/2021\/03\/Azy-Dread.jpg\" data-caption=\"\"><img loading=\"lazy\" decoding=\"async\" width=\"696\" height=\"740\" class=\"entry-thumb td-modal-image\" src=\"https:\/\/www.sidwaya.info\/wp-content\/uploads\/2021\/03\/Azy-Dread-696x740.jpg\" srcset=\"https:\/\/www.sidwaya.info\/wp-content\/uploads\/2021\/03\/Azy-Dread-696x740.jpg 696w, https:\/\/www.sidwaya.info\/wp-content\/uploads\/2021\/03\/Azy-Dread-282x300.jpg 282w, https:\/\/www.sidwaya.info\/wp-content\/uploads\/2021\/03\/Azy-Dread-768x816.jpg 768w, https:\/\/www.sidwaya.info\/wp-content\/uploads\/2021\/03\/Azy-Dread-150x159.jpg 150w, https:\/\/www.sidwaya.info\/wp-content\/uploads\/2021\/03\/Azy-Dread-300x319.jpg 300w, https:\/\/www.sidwaya.info\/wp-content\/uploads\/2021\/03\/Azy-Dread-395x420.jpg 395w, https:\/\/www.sidwaya.info\/wp-content\/uploads\/2021\/03\/Azy-Dread.jpg 800w\" sizes=\"auto, (max-width: 696px) 100vw, 696px\" alt=\"\" title=\"Azy Dread\"\/><\/a><\/div>\n<p><strong>Avec\u00a0 <em>\u00ab Zems Taaba\u00bb,<\/em>\u00a0 l\u2019artiste-musicien Azy Dread signe son retour sur \u00a0le march\u00e9 du disque, tout en contribuant \u00e0 la promotion de la coh\u00e9sion sociale et de la paix au Burkina Faso.\u00a0\u00a0<\/strong><\/p>\n<p><strong>\u00a0<\/strong>Apr\u00e8s son premier single <em>\u00ab\u00a0Bayiri\u00a0\u00bb<\/em>\u00a0 sorti en 2019, le reggae man, Azy Dread (Yacouba Ou\u00e9draogo \u00e0 l\u2019\u00e9tat civil) publie \u00a0<em>\u00ab Zems Taaba \u00bb<\/em> qui signifie \u00ab\u00a0entente\u00a0\u00bb en moor\u00e9. Compos\u00e9e de six titres\u00a0 et chant\u00e9e en mor\u00e9 dans un style reggae, l\u2019\u0153uvre, sortie officiellement le 12 f\u00e9vrier 2021, est \u00a0un appel \u00e0 la cohabitation pacifique<em>. \u00ab C\u2019est une contribution \u00e0 l\u2019\u00e9veil\u00a0 du patriotisme qui est une base de d\u00e9veloppement pour tout pays \u00bb<\/em>, a laiss\u00e9 entendre Azy Dread. Il chante aussi dans cet opus de la d\u00e9fense du pays des Hommes int\u00e8gres et du patriotisme dans <em>\u00ab Bayiri \u00bb<\/em>, de l\u2019amour dans le titre <em>\u00ab Ma ch\u00e9rie \u00bb,<\/em> de \u00a0l\u2019\u00e9ducation des enfants dans <em>\u00ab Tansa- ya ti managu\u00e9 \u00bb.<\/em>Sans oublier de\u00a0 la mort dans la chanson <em>\u00ab Kuum \u00bb.<\/em> Un clin d\u2019\u0153il \u00e0 son ex-manager d\u00e9c\u00e9d\u00e9 le 2 janvier dernier. Pour imposer son album, Azy Dread et son manager, Oumar Kabr\u00e9,\u00a0 projette une tourn\u00e9e dans les 13 r\u00e9gions du Burkina Faso, en comptant sur des personnes de bonne volont\u00e9. Fan de Bob Marley, Lucky Dube, Alpha Blondy, Z\u00eadess, Roger Wango, \u00a0Azy Dread \u00a0\u00a0entend \u00a0suivre leurs traces afin de devenir \u00e9galement une vedette du reggae. L\u2019album <em>\u00ab\u00a0Zems Taaba\u00a0\u00bb<\/em> est sur le march\u00e9 au prix de 2000 FCFA.<\/p>\n<p><strong>Alassane KERE<\/strong><\/p>\n<div class=\"td-a-rec td-a-rec-id-content_bottom tdi_33_6a6 td_block_template_1\">\n<p><img loading=\"lazy\" decoding=\"async\" class=\"aligncenter size-full wp-image-27454\" src=\"https:\/\/www.sidwaya.info\/wp-content\/uploads\/2020\/10\/PUB-Bandeau-paiement-mobile-siteweb.jpg\" alt=\"\" width=\"728\" height=\"90\"\/><\/div>\n<p>Auteur: BS. Sidwaya<br \/>\n<a href=\"https:\/\/www.sidwaya.info\/blog\/2021\/03\/27\/musique-zems-taaba-leffort-de-azy-dread-a-la-cohesion-sociale\/\">Cliquez ici pour lire l&rsquo;article depuis sa source.<\/a><\/p>\n","protected":false},"excerpt":{"rendered":"<p>Avec\u00a0 \u00ab Zems Taaba\u00bb,\u00a0 l\u2019artiste-musicien Azy Dread signe son retour sur \u00a0le march\u00e9 du disque, tout en contribuant \u00e0 la promotion de la coh\u00e9sion sociale et de la paix au Burkina Faso.\u00a0\u00a0 \u00a0Apr\u00e8s son premier single \u00ab\u00a0Bayiri\u00a0\u00bb\u00a0 sorti en 2019, le reggae man, Azy Dread (Yacouba Ou\u00e9draogo \u00e0 l\u2019\u00e9tat civil) publie \u00a0\u00ab Zems Taaba \u00bb [&hellip;]<\/p>\n","protected":false},"author":1816,"featured_media":0,"comment_status":"closed","ping_status":"closed","sticky":false,"template":"","format":"standard","meta":{"fifu_image_url":"https:\/\/www.sidwaya.info\/wp-content\/uploads\/2021\/03\/Azy-Dread-696x740.jpg","fifu_image_alt":"\u00a0Musique : \u00ab Zems Taaba \u00bb, l\u2019effort de Azy Dread \u00e0 la coh\u00e9sion sociale","footnotes":""},"categories":[73,81],"tags":[],"class_list":["post-113835","post","type-post","status-publish","format-standard","hentry","category-actualite","category-burkina-faso"],"_links":{"self":[{"href":"https:\/\/linitiative.ca\/International\/wp-json\/wp\/v2\/posts\/113835","targetHints":{"allow":["GET"]}}],"collection":[{"href":"https:\/\/linitiative.ca\/International\/wp-json\/wp\/v2\/posts"}],"about":[{"href":"https:\/\/linitiative.ca\/International\/wp-json\/wp\/v2\/types\/post"}],"author":[{"embeddable":true,"href":"https:\/\/linitiative.ca\/International\/wp-json\/wp\/v2\/users\/1816"}],"replies":[{"embeddable":true,"href":"https:\/\/linitiative.ca\/International\/wp-json\/wp\/v2\/comments?post=113835"}],"version-history":[{"count":0,"href":"https:\/\/linitiative.ca\/International\/wp-json\/wp\/v2\/posts\/113835\/revisions"}],"wp:attachment":[{"href":"https:\/\/linitiative.ca\/International\/wp-json\/wp\/v2\/media?parent=113835"}],"wp:term":[{"taxonomy":"category","embeddable":true,"href":"https:\/\/linitiative.ca\/International\/wp-json\/wp\/v2\/categories?post=113835"},{"taxonomy":"post_tag","embeddable":true,"href":"https:\/\/linitiative.ca\/International\/wp-json\/wp\/v2\/tags?post=113835"}],"curies":[{"name":"wp","href":"https:\/\/api.w.org\/{rel}","templated":true}]}}