{"id":113836,"date":"2021-03-27T08:13:36","date_gmt":"2021-03-27T12:13:36","guid":{"rendered":"https:\/\/linitiative.ca\/International\/cameroun-les-requins-bleus-du-cap-vert-avalent-les-lions-indomptables-a-praia\/"},"modified":"2021-03-27T08:13:36","modified_gmt":"2021-03-27T12:13:36","slug":"cameroun-les-requins-bleus-du-cap-vert-avalent-les-lions-indomptables-a-praia","status":"publish","type":"post","link":"https:\/\/linitiative.ca\/International\/cameroun-les-requins-bleus-du-cap-vert-avalent-les-lions-indomptables-a-praia\/","title":{"rendered":"Cameroun : les Requins bleus du Cap-Vert avalent les Lions indomptables \u00e0 Praia"},"content":{"rendered":"<div readability=\"32\">\n<p>Publi\u00e9 le 27.03.2021 \u00e0 13h13 par Journal du Cameroun<\/p>\n<\/div>\n<div readability=\"66\">\n<h5>Vincent Aboubakar et ses co\u00e9quipiers ont \u00e9t\u00e9 battus hier 3-1 lors de la 5e journ\u00e9e des \u00e9liminatoires de la Coupe d\u2019Afrique des nations.<\/h5>\n<p>Pourtant premiers \u00e0 ouvrir le score \u00e0 la 14e minute sur un jolie coup-franc de Pierre Kunde Malong, les Lions indomptables se laissent ensuite malmener au score. Les requins bleus r\u00e9alisent dix minutes plus tard et maintiennent ainsi le tableau d\u2019affichage jusqu\u2019\u00e0 la pause.<\/p>\n<p>La deuxi\u00e8me mi-temps tourne compl\u00e8tement \u00e0 leur avantage. Sur une ooffensive, le d\u00e9fenseur Franck Bagnack trompe le portier Fabrice Ondoa et\u00a0 marque dans son camp. Les attaquants du Cap-Vert, \u00e0 l\u2019aise sur leur pelouse synth\u00e9tique, et habitu\u00e9s au climat de temp\u00eate qui souffrait sur le stade, trouvent \u00e0 nouveau le chemin des buts e fin de de partie (3-1).<\/p>\n<p>Le technicien portugais \u00e0 la t\u00eate de l\u2019\u00e9quipe nationale du Cameroun, faute d\u2019avoir ses joueurs cl\u00e9s, a compos\u00e9 avec plusieurs \u00e9l\u00e9ments de son banc.\u00a0 A la d\u00e9fense par exemple, l\u2019on a assist\u00e9 \u00e0 la titularisation de Franck Bagnack et J\u00e9r\u00f4me Onguene \u00e0 l\u2019axe. Sur le c\u00f4t\u00e9 gauche Fabrice Ngah et \u00e0 droite Olivier Mba\u00efzo.<\/p>\n<div id=\"attachment_385228\" class=\"wp-caption alignnone c10\" readability=\"32\"><img loading=\"lazy\" decoding=\"async\" class=\"size-medium wp-image-385228\" src=\"http:\/\/www.journalducameroun.com\/wp-content\/uploads\/2021\/03\/IMG-20210326-WA0043-300x201.jpg\" alt=\"\" width=\"300\" height=\"201\" srcset=\"https:\/\/www.journalducameroun.com\/wp-content\/uploads\/2021\/03\/IMG-20210326-WA0043-300x201.jpg 300w, https:\/\/www.journalducameroun.com\/wp-content\/uploads\/2021\/03\/IMG-20210326-WA0043-768x516.jpg 768w, https:\/\/www.journalducameroun.com\/wp-content\/uploads\/2021\/03\/IMG-20210326-WA0043-1024x687.jpg 1024w, https:\/\/www.journalducameroun.com\/wp-content\/uploads\/2021\/03\/IMG-20210326-WA0043-655x440.jpg 655w, https:\/\/www.journalducameroun.com\/wp-content\/uploads\/2021\/03\/IMG-20210326-WA0043-600x403.jpg 600w, https:\/\/www.journalducameroun.com\/wp-content\/uploads\/2021\/03\/IMG-20210326-WA0043.jpg 1080w\" sizes=\"auto, (max-width: 300px) 100vw, 300px\"\/><\/p>\n<p class=\"wp-caption-text\">11 entrant s contre le Cap-Vert<\/p>\n<\/div>\n<p>Avec cette d\u00e9faite, Antonio Concei\u00e7ao enregistre sa premi\u00e8re d\u00e9culott\u00e9e.\u00a0D\u00e9sormais ses statistiques affichent : 07 matchs, 03 nuls, 03 victoires, 01 d\u00e9faite, 08 buts marqu\u00e9s.<\/p>\n<p>Le Cameroun reste premier de sa poule avec 10 points. Son\u00a0 prochain match c\u2019est le 30 mars \u00e0 Douala contre le Rwanda, pour la 6e et derni\u00e8re journ\u00e9e des \u00e9liminatoires de la Coupe d\u2019Afrique des nations.<\/p>\n<\/div>\n<p>Auteur: Christian DJIMADEU<br \/>\n<a href=\"https:\/\/www.journalducameroun.com\/cameroun-les-requins-bleus-du-cap-vert-avalent-les-lions-indomptables-a-praia\/\">Cliquez ici pour lire l&rsquo;article depuis sa source.<\/a><\/p>\n","protected":false},"excerpt":{"rendered":"<p>Publi\u00e9 le 27.03.2021 \u00e0 13h13 par Journal du Cameroun Vincent Aboubakar et ses co\u00e9quipiers ont \u00e9t\u00e9 battus hier 3-1 lors de la 5e journ\u00e9e des \u00e9liminatoires de la Coupe d\u2019Afrique des nations. Pourtant premiers \u00e0 ouvrir le score \u00e0 la 14e minute sur un jolie coup-franc de Pierre Kunde Malong, les Lions indomptables se laissent [&hellip;]<\/p>\n","protected":false},"author":1965,"featured_media":0,"comment_status":"closed","ping_status":"closed","sticky":false,"template":"","format":"standard","meta":{"fifu_image_url":"http:\/\/www.journalducameroun.com\/wp-content\/uploads\/2021\/03\/IMG-20210326-WA0043-300x201.jpg","fifu_image_alt":"Cameroun : les Requins bleus du Cap-Vert avalent les Lions indomptables \u00e0 Praia","footnotes":""},"categories":[73,82],"tags":[],"class_list":["post-113836","post","type-post","status-publish","format-standard","hentry","category-actualite","category-cameroun"],"_links":{"self":[{"href":"https:\/\/linitiative.ca\/International\/wp-json\/wp\/v2\/posts\/113836","targetHints":{"allow":["GET"]}}],"collection":[{"href":"https:\/\/linitiative.ca\/International\/wp-json\/wp\/v2\/posts"}],"about":[{"href":"https:\/\/linitiative.ca\/International\/wp-json\/wp\/v2\/types\/post"}],"author":[{"embeddable":true,"href":"https:\/\/linitiative.ca\/International\/wp-json\/wp\/v2\/users\/1965"}],"replies":[{"embeddable":true,"href":"https:\/\/linitiative.ca\/International\/wp-json\/wp\/v2\/comments?post=113836"}],"version-history":[{"count":0,"href":"https:\/\/linitiative.ca\/International\/wp-json\/wp\/v2\/posts\/113836\/revisions"}],"wp:attachment":[{"href":"https:\/\/linitiative.ca\/International\/wp-json\/wp\/v2\/media?parent=113836"}],"wp:term":[{"taxonomy":"category","embeddable":true,"href":"https:\/\/linitiative.ca\/International\/wp-json\/wp\/v2\/categories?post=113836"},{"taxonomy":"post_tag","embeddable":true,"href":"https:\/\/linitiative.ca\/International\/wp-json\/wp\/v2\/tags?post=113836"}],"curies":[{"name":"wp","href":"https:\/\/api.w.org\/{rel}","templated":true}]}}