{"id":113838,"date":"2021-03-27T11:52:15","date_gmt":"2021-03-27T15:52:15","guid":{"rendered":"https:\/\/linitiative.ca\/International\/made-in-cameroun-une-usine-de-fabrication-de-laverie-automobile-en-gestation\/"},"modified":"2021-03-27T11:52:15","modified_gmt":"2021-03-27T15:52:15","slug":"made-in-cameroun-une-usine-de-fabrication-de-laverie-automobile-en-gestation","status":"publish","type":"post","link":"https:\/\/linitiative.ca\/International\/made-in-cameroun-une-usine-de-fabrication-de-laverie-automobile-en-gestation\/","title":{"rendered":"Made in Cameroun : une usine de fabrication de laverie automobile en gestation"},"content":{"rendered":"<p>C\u2019est un investissement consentit par l\u2019entreprise d\u2019un montant de 3 milliards de Fcfa, qui sera allou\u00e9 \u00e0 ce projet in\u00e9dit au Cameroun et par ricochet en Afrique. D\u2019une capacit\u00e9 de production de \u00a01000 kits mensuels, le projet repr\u00e9sente une aubaine pour l\u2019entrepreneuriat jeune au Cameroun. C\u2019est en ce sens que le trio compos\u00e9 du ministre des Petites et Moyennes Entreprises, de l\u2019Economie Sociale et de l\u2019Artisanat (Minpmessa), de l\u2019Emploi et de la Formation professionnelle (Minfop) et de la Jeunesse et \u00c9ducation Civique (Minjec), accompagnera\u00a0 le projet. Chacun de ces d\u00e9partements minist\u00e9riels dans un segment bien d\u00e9fini, sur une p\u00e9riode de 03 \u00e0 04 ans.<\/p>\n<p><strong>Lire aussi<\/strong> : <strong><a href=\"https:\/\/ecomatin.net\/secteur-automobile-leurres-et-lueurs-dune-filiere-embryonnaire-2\/\">Secteur automobile : leurres et lueurs d\u2019une fili\u00e8re embryonnaire<\/a><\/strong><\/p>\n<p>Pour le Minjec, cette convention est une occasion de plus, de mettre en \u0153uvre la politique du plan triennal sp\u00e9cial jeune. A travers cette initiative, il s\u2019engage \u00e0 installer 104 jeunes porteurs de projet de laverie mobiles dans les dix chefs-lieux de r\u00e9gion, ledit minist\u00e8re assure \u00e9galement l\u2019acquisition de 1000kits, compos\u00e9 d\u2019\u00e9quipements et de mat\u00e9riels diverses \u00abces 104 projets \u00e0 financer rel\u00e8vent de l\u2019innovation, domaine fortement cr\u00e9ateur de valeurs et d\u2019emplois durables. Dans cette perspective 3312 emplois seront cr\u00e9\u00e9s et les conditions de travail de ces jeunes am\u00e9lior\u00e9es. Au moment de la signature de la pr\u00e9sente convention, ces 104 porteurs de projets sont d\u00e9j\u00e0 mobilis\u00e9s, les business plan \u00e9labor\u00e9s\u2026\u00a0\u00bb Fait savoir le ministre Mounouna Foutsou.<\/p>\n<p><strong>Lire aussi<\/strong> : <strong><a href=\"https:\/\/ecomatin.net\/filiere-automobile-un-journaliste-met-sur-pied-un-tricycle-pour-le-transport-des-personnes\/\">Fili\u00e8re automobile : un journaliste met sur pied un tricycle pour le transport des personnes<\/a><\/strong><\/p>\n<p>En ce qui concerne le minist\u00e8re en charge de \u00a0l\u2019emploi et de la formation professionnelle, celui-ci s\u2019engage \u00e0 mettre sur pieds des modules et programmes de formation \u00e0 dispenser aux jeunes s\u00e9lectionn\u00e9s dans le cadre du projet des laveries automobiles et l\u2019entretien de surfaces. D\u2019apr\u00e8s les informations contenues dans les colonnes du quotidien Cameroon tribune le Minfop\u00a0 a f\u00e9licit\u00e9 \u00able courage, la d\u00e9termination et l\u2019audace de ce jeune entrepreneur issu de la diaspora.\u00a0\u00bb. Du c\u00f4t\u00e9 du minist\u00e8re des PME, il sera question de r\u00e9aliser dans le cadre de cette accord, \u00a0un accompagnement des jeunes dans la modernisation, la cr\u00e9ation et la formalisation des PME\u00a0 pour le couronnement du projet, comme il le fait savoir \u00a0\u00ab\u00a0A travers cette convention,\u00a0 il s\u2019agit d\u2019accompagner la dynamique d\u2019auto-emploi des jeunes, mais surtout de s\u2019assurer qu\u2019en mati\u00e8re de formation professionnelle tous les pr\u00e9alable sont r\u00e9alis\u00e9s, parce que ce projet int\u00e8gre \u00e9galement un volet formation professionnelle\u00a0\u00bb.<\/p>\n<p><strong>Lire aussi<\/strong> : <strong><a href=\"https:\/\/ecomatin.net\/automobile-36-centres-de-controle-technique-en-situation-irreguliere-au-cameroun\/\">Automobile : 36 centres de contr\u00f4le technique en situation irr\u00e9guli\u00e8re au Cameroun<\/a><\/strong><\/p>\n<p>Il faut noter que le Howash est un dispositif de 180cm de hauteur, qui a un poids de 45kg, disposant de trois roues. L\u2019appareil est \u00e9galement dot\u00e9 d\u2019un Karcher de 50 bars. La howash proc\u00e8de un r\u00e9servoir de 110 litres d\u2019eau permettant de nettoyer en moyenne 14 v\u00e9hicules tout ceci dans le respect de l\u2019environnement \u00ab\u00a0 le\u00a0 concept qui est en train de naitre aujourd\u2019hui, c\u2019est un concept qui va faire le tour du continent, le tour du monde\u00a0\u00bb ambitionne le promoteur sylvain Honnang.<\/p>\n<p>Auteur: Olivier Kameni<br \/>\n<a href=\"https:\/\/ecomatin.net\/made-in-cameroun-une-usine-de-fabrication-de-laverie-automobile-en-gestation\/\">Cliquez ici pour lire l&rsquo;article depuis sa source.<\/a><\/p>\n","protected":false},"excerpt":{"rendered":"<p>C\u2019est un investissement consentit par l\u2019entreprise d\u2019un montant de 3 milliards de Fcfa, qui sera allou\u00e9 \u00e0 ce projet in\u00e9dit au Cameroun et par ricochet en Afrique. D\u2019une capacit\u00e9 de production de \u00a01000 kits mensuels, le projet repr\u00e9sente une aubaine pour l\u2019entrepreneuriat jeune au Cameroun. C\u2019est en ce sens que le trio compos\u00e9 du ministre [&hellip;]<\/p>\n","protected":false},"author":1969,"featured_media":0,"comment_status":"closed","ping_status":"closed","sticky":false,"template":"","format":"standard","meta":{"fifu_image_url":"","fifu_image_alt":"","footnotes":""},"categories":[82,78],"tags":[],"class_list":["post-113838","post","type-post","status-publish","format-standard","hentry","category-cameroun","category-economie"],"_links":{"self":[{"href":"https:\/\/linitiative.ca\/International\/wp-json\/wp\/v2\/posts\/113838","targetHints":{"allow":["GET"]}}],"collection":[{"href":"https:\/\/linitiative.ca\/International\/wp-json\/wp\/v2\/posts"}],"about":[{"href":"https:\/\/linitiative.ca\/International\/wp-json\/wp\/v2\/types\/post"}],"author":[{"embeddable":true,"href":"https:\/\/linitiative.ca\/International\/wp-json\/wp\/v2\/users\/1969"}],"replies":[{"embeddable":true,"href":"https:\/\/linitiative.ca\/International\/wp-json\/wp\/v2\/comments?post=113838"}],"version-history":[{"count":0,"href":"https:\/\/linitiative.ca\/International\/wp-json\/wp\/v2\/posts\/113838\/revisions"}],"wp:attachment":[{"href":"https:\/\/linitiative.ca\/International\/wp-json\/wp\/v2\/media?parent=113838"}],"wp:term":[{"taxonomy":"category","embeddable":true,"href":"https:\/\/linitiative.ca\/International\/wp-json\/wp\/v2\/categories?post=113838"},{"taxonomy":"post_tag","embeddable":true,"href":"https:\/\/linitiative.ca\/International\/wp-json\/wp\/v2\/tags?post=113838"}],"curies":[{"name":"wp","href":"https:\/\/api.w.org\/{rel}","templated":true}]}}