{"id":113840,"date":"2021-03-27T15:25:54","date_gmt":"2021-03-27T19:25:54","guid":{"rendered":"https:\/\/linitiative.ca\/International\/le-gouvernement-gabonais-retire-leau-sano-de-ses-marches\/"},"modified":"2021-03-27T15:25:54","modified_gmt":"2021-03-27T19:25:54","slug":"le-gouvernement-gabonais-retire-leau-sano-de-ses-marches","status":"publish","type":"post","link":"https:\/\/linitiative.ca\/International\/le-gouvernement-gabonais-retire-leau-sano-de-ses-marches\/","title":{"rendered":"Le gouvernement gabonais retire l\u2019eau Sano de ses march\u00e9s"},"content":{"rendered":"<p>L\u2019affaire Sano continue de faire parler d\u2019elle. Cette fois-ci, c\u2019est au Gabon pays vers lequel l\u2019entreprise exportait son produit, que sa commercialisation a \u00e9t\u00e9 interdite. L\u2019on apprend du quotidien gabonais L\u2019Union que \u00ab\u00a0sur instructions du gouvernement, par l\u2019entremise du ministre du Commerce, des Petites et moyennes entreprises et de l\u2019industrie Hugues Mbadinga-Madiya, la Direction provinciale du Commerce, le service provincial de la Direction g\u00e9n\u00e9rale de la concurrence et de la consommation (Dgcc) et l\u2019Agence gabonaise de s\u00e9curit\u00e9 alimentaire (Agasa) du Woleu-Ntem, ont proc\u00e9d\u00e9, derni\u00e8rement, \u00e0 une vaste op\u00e9ration de retrait des espaces commerciaux d\u2019Oyem et de Bitam, de l\u2019eau min\u00e9rale \u2018\u2018Sano\u2019\u2019\u00a0\u00bb.<\/p>\n<p><strong>Lire aussi<\/strong> : <strong><a href=\"https:\/\/ecomatin.net\/eaux-minerales-au-dela-de-laffaire-sano-le-probleme-de-la-certification\/\">Eaux min\u00e9rales : au-del\u00e0 de l\u2019affaire Sano, le probl\u00e8me de la certification<\/a><\/strong><\/p>\n<p>L\u2019op\u00e9ration qui a \u00e9t\u00e9 men\u00e9e dans les chefs-lieux des d\u00e9partements du Woleu (Oyem) et du Ntem (Bitam), a permis de retirer sur les \u00e9tals plus d\u2019une tonne de bouteilles d\u2019eau de l\u2019entreprise Sano SA. Sselon le Directeur provincial du commerce du septentrion, Florentin Moundonguidi \u00ab\u00a0ce retrait du produit Sano du march\u00e9 local intervient \u00e0 la suite de la correspondance (datant du 5 mars 2021) du ministre en charge du Commerce du Cameroun, \u00e0 son homologue gabonais, mettant en cause la qualit\u00e9 de l\u2019eau Sano. Et sa mise en bouteille au niveau de la soci\u00e9t\u00e9 productrice \u00e0 Douala, ne r\u00e9pond plus aux normes requises et exig\u00e9es\u00a0\u00bb, fait-il savoir au journal.<\/p>\n<p><strong>Lire aussi<\/strong> : <strong><a href=\"https:\/\/ecomatin.net\/le-ministre-du-commerce-ordonne-le-retrait-sur-le-marche-des-produits-sano\/\">Le Ministre du Commerce ordonne le retrait sur le march\u00e9 des produits SANO<\/a><\/strong><\/p>\n<p>L\u2019on se souvient que l\u2019affaire Sano avait d\u00e9but\u00e9 \u00e0 la suite d\u2019un arr\u00eat\u00e9 du ministre des Mines, de l\u2019industrie et du d\u00e9veloppement technologique\u00a0\u00a0Gabriel Dodo Ndoke, datant du 4 mars 2021, qui mettait temporairement un terme aux activit\u00e9s de l\u2019entreprise Sano SA et pour cause \u00ab\u00a0le non-respect des normes d\u2019exploitation et de conditionnement des bouteilles et des bonbonnes d\u2019eau destin\u00e9es \u00e0 la consommation du public, en application des dispositions des articles 95, 213 et suivants de la loi n\u00b02016\/017 du 14 d\u00e9cembre 2016 portant Code minier\u00a0\u00bb. Cette suspension temporaire va \u00eatre suivie le 5 mars de la d\u00e9cision du ministre du Commerce Luc Magloire Mbarga Atangana du\u00a0\u00a0retrait des produits Sano sur le march\u00e9 camerounais.<\/p>\n<p><strong>Lire aussi<\/strong> : <strong><a href=\"https:\/\/ecomatin.net\/affaire-sano-lentreprise-defend-la-mineralite-de-son-eau\/\">Affaire Sano : l\u2019entreprise d\u00e9fend la min\u00e9ralit\u00e9 de son eau<\/a><\/strong><\/p>\n<p>Auteur: Amina MALLOUM<br \/>\n<a href=\"https:\/\/ecomatin.net\/le-gouvernement-gabonais-retire-leau-sano-de-ses-marchess\/\">Cliquez ici pour lire l&rsquo;article depuis sa source.<\/a><\/p>\n","protected":false},"excerpt":{"rendered":"<p>L\u2019affaire Sano continue de faire parler d\u2019elle. Cette fois-ci, c\u2019est au Gabon pays vers lequel l\u2019entreprise exportait son produit, que sa commercialisation a \u00e9t\u00e9 interdite. L\u2019on apprend du quotidien gabonais L\u2019Union que \u00ab\u00a0sur instructions du gouvernement, par l\u2019entremise du ministre du Commerce, des Petites et moyennes entreprises et de l\u2019industrie Hugues Mbadinga-Madiya, la Direction provinciale [&hellip;]<\/p>\n","protected":false},"author":1969,"featured_media":0,"comment_status":"closed","ping_status":"closed","sticky":false,"template":"","format":"standard","meta":{"fifu_image_url":"","fifu_image_alt":"","footnotes":""},"categories":[82,78],"tags":[],"class_list":["post-113840","post","type-post","status-publish","format-standard","hentry","category-cameroun","category-economie"],"_links":{"self":[{"href":"https:\/\/linitiative.ca\/International\/wp-json\/wp\/v2\/posts\/113840","targetHints":{"allow":["GET"]}}],"collection":[{"href":"https:\/\/linitiative.ca\/International\/wp-json\/wp\/v2\/posts"}],"about":[{"href":"https:\/\/linitiative.ca\/International\/wp-json\/wp\/v2\/types\/post"}],"author":[{"embeddable":true,"href":"https:\/\/linitiative.ca\/International\/wp-json\/wp\/v2\/users\/1969"}],"replies":[{"embeddable":true,"href":"https:\/\/linitiative.ca\/International\/wp-json\/wp\/v2\/comments?post=113840"}],"version-history":[{"count":0,"href":"https:\/\/linitiative.ca\/International\/wp-json\/wp\/v2\/posts\/113840\/revisions"}],"wp:attachment":[{"href":"https:\/\/linitiative.ca\/International\/wp-json\/wp\/v2\/media?parent=113840"}],"wp:term":[{"taxonomy":"category","embeddable":true,"href":"https:\/\/linitiative.ca\/International\/wp-json\/wp\/v2\/categories?post=113840"},{"taxonomy":"post_tag","embeddable":true,"href":"https:\/\/linitiative.ca\/International\/wp-json\/wp\/v2\/tags?post=113840"}],"curies":[{"name":"wp","href":"https:\/\/api.w.org\/{rel}","templated":true}]}}