{"id":113841,"date":"2021-03-28T08:04:52","date_gmt":"2021-03-28T12:04:52","guid":{"rendered":"https:\/\/linitiative.ca\/International\/el-jadida-macon-le-jour-et-cambrioleur-la-nuit\/"},"modified":"2021-03-28T08:04:52","modified_gmt":"2021-03-28T12:04:52","slug":"el-jadida-macon-le-jour-et-cambrioleur-la-nuit","status":"publish","type":"post","link":"https:\/\/linitiative.ca\/International\/el-jadida-macon-le-jour-et-cambrioleur-la-nuit\/","title":{"rendered":"El Jadida : Ma\u00e7on le jour et cambrioleur la nuit"},"content":{"rendered":"<header>\n<\/header>\n<div class=\"entry-content clearfix\" readability=\"46\">\n<figure class=\"post-thumbnail\" itemprop=\"associatedMedia\" itemscope=\"itemscope\" itemtype=\"http:\/\/schema.org\/ImageObject\"><img decoding=\"async\" class=\"post_layout_5_img\" src=\"http:\/\/aujourdhui.ma\/wp-content\/uploads\/2021\/03\/Macon.png\" alt=\"El Jadida : Ma\u00e7on le jour et cambrioleur la nuit\"\/><\/figure>\n<p><strong>Un ma\u00e7on doubl\u00e9 de cambrioleur a \u00e9t\u00e9 arr\u00eat\u00e9 par les \u00e9l\u00e9ments de la police judiciaire relevant de la s\u00fbret\u00e9 provinciale \u00e0 El Jadida.<\/strong><span id=\"more-372188\"\/> Ce dernier, un trentenaire, originaire de la ville de Youssoufia, profitait de la nuit pour cacher son visage par une cagoule et mettre des gants avant d\u2019ouvrir par effraction les locaux \u00e0 usage commercial.<\/p>\n<p>Il y acc\u00e9dait et mettait la main sur tout ce qu\u2019il pouvait porter avant de dispara\u00eetre. La derni\u00e8re op\u00e9ration effectu\u00e9e par ce malfrat qui s\u2019armait toujours d\u2019un marteau a cibl\u00e9 un caf\u00e9 situ\u00e9 au lotissement Al Boustane. Apr\u00e8s avoir bris\u00e9 le cadenas de la porte arri\u00e8re, il a pass\u00e9 \u00e0 la d\u00e9valisation. Seulement, il s\u2019est av\u00e9r\u00e9 qu\u2019il a oubli\u00e9 cette fois-ci de mettre les gants et laiss\u00e9 les traces de ses empreintes digitales sur le cadenas. Soumis aux interrogatoires, il a avou\u00e9 avoir cambriol\u00e9 d\u2019autres caf\u00e9s et locaux \u00e0 usage commercial.<\/p>\n<\/div>\n<p>Auteur: Abderrafii ALOUMLIKI<br \/>\n<a href=\"https:\/\/aujourdhui.ma\/faits-divers\/el-jadida-macon-le-jour-et-cambrioleur-la-nuit\">Cliquez ici pour lire l&rsquo;article depuis sa source.<\/a><\/p>\n","protected":false},"excerpt":{"rendered":"<p>Un ma\u00e7on doubl\u00e9 de cambrioleur a \u00e9t\u00e9 arr\u00eat\u00e9 par les \u00e9l\u00e9ments de la police judiciaire relevant de la s\u00fbret\u00e9 provinciale \u00e0 El Jadida. Ce dernier, un trentenaire, originaire de la ville de Youssoufia, profitait de la nuit pour cacher son visage par une cagoule et mettre des gants avant d\u2019ouvrir par effraction les locaux \u00e0 [&hellip;]<\/p>\n","protected":false},"author":1759,"featured_media":0,"comment_status":"closed","ping_status":"closed","sticky":false,"template":"","format":"standard","meta":{"fifu_image_url":"http:\/\/aujourdhui.ma\/wp-content\/uploads\/2021\/03\/Macon.png","fifu_image_alt":"El Jadida : Ma\u00e7on le jour et cambrioleur la nuit","footnotes":""},"categories":[73,54],"tags":[],"class_list":["post-113841","post","type-post","status-publish","format-standard","hentry","category-actualite","category-maroc"],"_links":{"self":[{"href":"https:\/\/linitiative.ca\/International\/wp-json\/wp\/v2\/posts\/113841","targetHints":{"allow":["GET"]}}],"collection":[{"href":"https:\/\/linitiative.ca\/International\/wp-json\/wp\/v2\/posts"}],"about":[{"href":"https:\/\/linitiative.ca\/International\/wp-json\/wp\/v2\/types\/post"}],"author":[{"embeddable":true,"href":"https:\/\/linitiative.ca\/International\/wp-json\/wp\/v2\/users\/1759"}],"replies":[{"embeddable":true,"href":"https:\/\/linitiative.ca\/International\/wp-json\/wp\/v2\/comments?post=113841"}],"version-history":[{"count":0,"href":"https:\/\/linitiative.ca\/International\/wp-json\/wp\/v2\/posts\/113841\/revisions"}],"wp:attachment":[{"href":"https:\/\/linitiative.ca\/International\/wp-json\/wp\/v2\/media?parent=113841"}],"wp:term":[{"taxonomy":"category","embeddable":true,"href":"https:\/\/linitiative.ca\/International\/wp-json\/wp\/v2\/categories?post=113841"},{"taxonomy":"post_tag","embeddable":true,"href":"https:\/\/linitiative.ca\/International\/wp-json\/wp\/v2\/tags?post=113841"}],"curies":[{"name":"wp","href":"https:\/\/api.w.org\/{rel}","templated":true}]}}