{"id":113845,"date":"2021-03-28T11:24:03","date_gmt":"2021-03-28T15:24:03","guid":{"rendered":"https:\/\/linitiative.ca\/International\/les-foyers-marocains-de-plus-en-plus-connectes-la-covid-19-a-accelere-la-smart-life\/"},"modified":"2021-03-28T11:24:03","modified_gmt":"2021-03-28T15:24:03","slug":"les-foyers-marocains-de-plus-en-plus-connectes-la-covid-19-a-accelere-la-smart-life","status":"publish","type":"post","link":"https:\/\/linitiative.ca\/International\/les-foyers-marocains-de-plus-en-plus-connectes-la-covid-19-a-accelere-la-smart-life\/","title":{"rendered":"Les foyers marocains de plus en plus connect\u00e9s : La Covid-19 a acc\u00e9l\u00e9r\u00e9 la \u00abSmart Life\u00bb"},"content":{"rendered":"<figure class=\"post-thumbnail\" itemprop=\"associatedMedia\" itemscope=\"itemscope\" itemtype=\"http:\/\/schema.org\/ImageObject\"><img decoding=\"async\" class=\"post_layout_5_img\" src=\"http:\/\/aujourdhui.ma\/wp-content\/uploads\/2021\/03\/Smart-Life.jpg\" alt=\"Les foyers marocains de plus en plus connect\u00e9s : La Covid-19 a acc\u00e9l\u00e9r\u00e9 la \u00abSmart Life\u00bb\"\/><\/figure>\n<p><span class=\"c5\"><strong>La p\u00e9riode du Covid-19 a acc\u00e9l\u00e9r\u00e9 l\u2019usage des \u00e9quipements connect\u00e9s.<\/strong><\/span><span id=\"more-372213\"\/><\/p>\n<p>Selon une r\u00e9cente \u00e9tude r\u00e9alis\u00e9e par le sp\u00e9cialiste de l\u2019\u00e9lectrom\u00e9nager la \u00abMaison Connect\u00e9e\u00bb s\u2019affirme. Men\u00e9e en ligne durant le mois de janvier 2021 au niveau national sur un \u00e9chantillon repr\u00e9sentatif de 500 m\u00e9nages, avec des personnes \u00e2g\u00e9es de 25 ans et plus, dont 52% sont des hommes et 48% des femmes, vivant au sein de familles compos\u00e9es en moyenne de 4 personnes, cette enqu\u00eate r\u00e9v\u00e8le que les \u00e9quipements intelligent et multifonctions prennent de plus en plus de place dans notre quotidien.<\/p>\n<p><span class=\"c6\"><strong>\u00c9quiper son domicile d\u2019objets \u00e9lectroniques<\/strong><\/span><\/p>\n<p>Pour surmonter les difficult\u00e9s de devoir effectuer plusieurs t\u00e2ches \u00e0 la fois durant cette p\u00e9riode du Covid, les foyers marocains s\u2019orientent alors vers les objets connect\u00e9s. 79% des Marocains r\u00e9v\u00e8lent avoir ressenti le besoin d\u2019\u00e9quiper davantage leur foyer depuis le d\u00e9but de l\u2019\u00e9pid\u00e9mie. Il s\u2019av\u00e8re que l\u2019\u00e9quipement \u00abWork at home\u00bb occupe la plus grande partie dans les investissements en \u00e9lectrom\u00e9nager des Marocains (37% des d\u00e9penses), suivi du \u00abEat at home\u00bb avec 24% des d\u00e9penses, \u00abBeauty &amp; groom at home\u00bb avec 17%, \u00abEntertainment at home\u00bb avec 12% et enfin \u00abClean at home\u00bb avec 10%. Ainsi, le top 5 des achats des m\u00e9nages dans la cat\u00e9gorie \u00abWork at home\u00bb, revient au smartphone (53% des r\u00e9pondants) suivi de l\u2019\u00e9quipement audio Bluetooth (36%), puis l\u2019ordinateur portable (27%), ensuite des Routeurs\/fibre optique (21%) et enfin des phablette (20%).<\/p>\n<p><span class=\"c6\"><strong>Augmentation des d\u00e9bits de connexion internet<\/strong><\/span><\/p>\n<p>En termes d\u2019investissements, les m\u00e9nages marocains choisissent les \u00e9quipements Smart. Selon cette \u00e9tude, cela confirme la migration des foyers vers la \u00abMaison Connect\u00e9e\u00bb et le \u00abSmart Life\u00bb. 96% des personnes questionn\u00e9es d\u00e9clarent avoir d\u00e9j\u00e0 utilis\u00e9 un \u00e9quipement Smart. \u00abCons\u00e9quence directe de la digitalisation du foyer marocain, la moiti\u00e9 des personnes interrog\u00e9es d\u00e9clare avoir augment\u00e9 le d\u00e9bit de leur connexion internet. Un tiers des m\u00e9nages a d\u00e9j\u00e0 bascul\u00e9 en fibre optique\u00bb, pr\u00e9cise la m\u00eame source soulignant que la \u00abSmart Life\u00bb, le t\u00e9l\u00e9travail et l\u2019\u00e9cole \u00e0 la maison modifient \u00e9galement la r\u00e9partition de l\u2019occupation de l\u2019espace au sein des foyers marocains. Pour ce qui est de l\u2019action d\u2019achat, les Marocains pr\u00e9f\u00e8rent les magasins sp\u00e9cialis\u00e9s avec 32%, suivis par les hyper\/supermarch\u00e9s \u00e0 19% et l\u2019e-commerce en troisi\u00e8me position avec 13%. Ils privil\u00e9gient le contact, les services propos\u00e9s ainsi que le conseil en magasin pour effectuer leurs achats \u00e9lectrom\u00e9nagers. \u00abEn termes d\u2019usages des r\u00e9seaux et des applications, WhatsApp et Facebook restent des r\u00e9seaux ind\u00e9tr\u00f4nables chez les Marocains. Tik-Tok fait une perc\u00e9e spectaculaire chez les jeunes tandis que les applications professionnelles comme Zoom et Teams se banalisent \u00e0 la fois pour le t\u00e9l\u00e9travail et pour l\u2019\u00e9cole \u00e0 distance\u00bb, souligne la m\u00eame source.<\/p>\n<p>Auteur: Ouchagour Leila<br \/>\n<a href=\"https:\/\/aujourdhui.ma\/high-tech\/les-foyers-marocains-de-plus-en-plus-connectes-la-covid-19-a-accelere-la-smart-life\">Cliquez ici pour lire l&rsquo;article depuis sa source.<\/a><\/p>\n","protected":false},"excerpt":{"rendered":"<p>La p\u00e9riode du Covid-19 a acc\u00e9l\u00e9r\u00e9 l\u2019usage des \u00e9quipements connect\u00e9s. Selon une r\u00e9cente \u00e9tude r\u00e9alis\u00e9e par le sp\u00e9cialiste de l\u2019\u00e9lectrom\u00e9nager la \u00abMaison Connect\u00e9e\u00bb s\u2019affirme. Men\u00e9e en ligne durant le mois de janvier 2021 au niveau national sur un \u00e9chantillon repr\u00e9sentatif de 500 m\u00e9nages, avec des personnes \u00e2g\u00e9es de 25 ans et plus, dont 52% sont [&hellip;]<\/p>\n","protected":false},"author":1759,"featured_media":0,"comment_status":"closed","ping_status":"closed","sticky":false,"template":"","format":"standard","meta":{"fifu_image_url":"http:\/\/aujourdhui.ma\/wp-content\/uploads\/2021\/03\/Smart-Life.jpg","fifu_image_alt":"Les foyers marocains de plus en plus connect\u00e9s : La Covid-19 a acc\u00e9l\u00e9r\u00e9 la \u00abSmart Life\u00bb","footnotes":""},"categories":[73,54],"tags":[],"class_list":["post-113845","post","type-post","status-publish","format-standard","hentry","category-actualite","category-maroc"],"_links":{"self":[{"href":"https:\/\/linitiative.ca\/International\/wp-json\/wp\/v2\/posts\/113845","targetHints":{"allow":["GET"]}}],"collection":[{"href":"https:\/\/linitiative.ca\/International\/wp-json\/wp\/v2\/posts"}],"about":[{"href":"https:\/\/linitiative.ca\/International\/wp-json\/wp\/v2\/types\/post"}],"author":[{"embeddable":true,"href":"https:\/\/linitiative.ca\/International\/wp-json\/wp\/v2\/users\/1759"}],"replies":[{"embeddable":true,"href":"https:\/\/linitiative.ca\/International\/wp-json\/wp\/v2\/comments?post=113845"}],"version-history":[{"count":0,"href":"https:\/\/linitiative.ca\/International\/wp-json\/wp\/v2\/posts\/113845\/revisions"}],"wp:attachment":[{"href":"https:\/\/linitiative.ca\/International\/wp-json\/wp\/v2\/media?parent=113845"}],"wp:term":[{"taxonomy":"category","embeddable":true,"href":"https:\/\/linitiative.ca\/International\/wp-json\/wp\/v2\/categories?post=113845"},{"taxonomy":"post_tag","embeddable":true,"href":"https:\/\/linitiative.ca\/International\/wp-json\/wp\/v2\/tags?post=113845"}],"curies":[{"name":"wp","href":"https:\/\/api.w.org\/{rel}","templated":true}]}}