{"id":113846,"date":"2021-03-28T09:59:12","date_gmt":"2021-03-28T13:59:12","guid":{"rendered":"https:\/\/linitiative.ca\/International\/aux-membres-de-la-famille-du-cineaste-marocain-feu-mohamed-ismail\/"},"modified":"2021-03-28T09:59:12","modified_gmt":"2021-03-28T13:59:12","slug":"aux-membres-de-la-famille-du-cineaste-marocain-feu-mohamed-ismail","status":"publish","type":"post","link":"https:\/\/linitiative.ca\/International\/aux-membres-de-la-famille-du-cineaste-marocain-feu-mohamed-ismail\/","title":{"rendered":"Aux membres de la famille du cin\u00e9aste marocain feu Mohamed Isma\u00efl"},"content":{"rendered":"<p class=\"c1\"><strong>Les condol\u00e9ances de Nabil Benabdallah<\/strong><\/p>\n<p><strong>C\u2019est avec une profonde \u00e9motion et une immense tristesse que nous avons appris le d\u00e9c\u00e8s du regrett\u00e9 r\u00e9alisateur et sc\u00e9nariste comp\u00e9tent, feu Mohamed Ismail, que Dieu le b\u00e9nisse de toute l\u2019\u00e9tendue de sa mis\u00e9ricorde.<\/strong><\/p>\n<p>En cette douloureuse circonstance, je vous pr\u00e9sente, en mon nom personnel et en celui des membres du bureau politique et du comit\u00e9 central du PPS ainsi qu\u2019au nom de l\u2019ensemble de ses militantes et militants, mes sinc\u00e8res condol\u00e9ances et ma sympathie \u00e0 vous et \u00e0 travers vous \u00e0 ses proches, amis et sa grande famille artistique, pour cette perte de l\u2019un des pionniers de la cin\u00e9matographie marocaine.<\/p>\n<p>Le 7<sup>\u00e8me<\/sup> art perd en lui l\u2019un des pionniers de la r\u00e9alisation cin\u00e9matographique au Maroc et un grand artiste qui a contribu\u00e9, tout au long de sa vie, \u00e0 la promotion et \u00e0 l\u2019am\u00e9lioration de l\u2019industrie cin\u00e9matographique nationale, \u00a0\u00e0 travers ses \u0153uvres \u00a0cr\u00e9atives aux niveaux national et international.<\/p>\n<p>Nous gardons \u00e0 l\u2019esprit les grandes qualit\u00e9s du d\u00e9funt, sa douceur cr\u00e9ative et le grand amour et l\u2019estime dont il jouissait, sa comp\u00e9tence, son esprit de d\u00e9vouement et de sinc\u00e9rit\u00e9 au service de son pays.<\/p>\n<p>Nous implorons le Tout-Puissant de bien accorder Sa sainte mis\u00e9ricorde au d\u00e9funt, et de vous inspirer patience, r\u00e9confort et compassion.<\/p>\n<p class=\"c1\"><strong>\u00abNous sommes \u00e0 Dieu et \u00a0\u00e0 Lui nous retournons\u00bb.<\/strong><\/p>\n<p>Auteur: M&rsquo;hammed rahal<br \/>\n<a href=\"http:\/\/albayane.press.ma\/aux-membres-de-la-famille-du-cineaste-marocain-feu-mohamed-ismail.html\">Cliquez ici pour lire l&rsquo;article depuis sa source.<\/a><\/p>\n","protected":false},"excerpt":{"rendered":"<p>Les condol\u00e9ances de Nabil Benabdallah C\u2019est avec une profonde \u00e9motion et une immense tristesse que nous avons appris le d\u00e9c\u00e8s du regrett\u00e9 r\u00e9alisateur et sc\u00e9nariste comp\u00e9tent, feu Mohamed Ismail, que Dieu le b\u00e9nisse de toute l\u2019\u00e9tendue de sa mis\u00e9ricorde. En cette douloureuse circonstance, je vous pr\u00e9sente, en mon nom personnel et en celui des membres [&hellip;]<\/p>\n","protected":false},"author":1760,"featured_media":0,"comment_status":"closed","ping_status":"closed","sticky":false,"template":"","format":"standard","meta":{"fifu_image_url":"","fifu_image_alt":"","footnotes":""},"categories":[73,54],"tags":[],"class_list":["post-113846","post","type-post","status-publish","format-standard","hentry","category-actualite","category-maroc"],"_links":{"self":[{"href":"https:\/\/linitiative.ca\/International\/wp-json\/wp\/v2\/posts\/113846","targetHints":{"allow":["GET"]}}],"collection":[{"href":"https:\/\/linitiative.ca\/International\/wp-json\/wp\/v2\/posts"}],"about":[{"href":"https:\/\/linitiative.ca\/International\/wp-json\/wp\/v2\/types\/post"}],"author":[{"embeddable":true,"href":"https:\/\/linitiative.ca\/International\/wp-json\/wp\/v2\/users\/1760"}],"replies":[{"embeddable":true,"href":"https:\/\/linitiative.ca\/International\/wp-json\/wp\/v2\/comments?post=113846"}],"version-history":[{"count":0,"href":"https:\/\/linitiative.ca\/International\/wp-json\/wp\/v2\/posts\/113846\/revisions"}],"wp:attachment":[{"href":"https:\/\/linitiative.ca\/International\/wp-json\/wp\/v2\/media?parent=113846"}],"wp:term":[{"taxonomy":"category","embeddable":true,"href":"https:\/\/linitiative.ca\/International\/wp-json\/wp\/v2\/categories?post=113846"},{"taxonomy":"post_tag","embeddable":true,"href":"https:\/\/linitiative.ca\/International\/wp-json\/wp\/v2\/tags?post=113846"}],"curies":[{"name":"wp","href":"https:\/\/api.w.org\/{rel}","templated":true}]}}