{"id":113849,"date":"2021-03-28T07:26:24","date_gmt":"2021-03-28T11:26:24","guid":{"rendered":"https:\/\/linitiative.ca\/International\/cnss-mobilisation-pour-reussir-la-protection-sociale\/"},"modified":"2021-03-28T07:26:24","modified_gmt":"2021-03-28T11:26:24","slug":"cnss-mobilisation-pour-reussir-la-protection-sociale","status":"publish","type":"post","link":"https:\/\/linitiative.ca\/International\/cnss-mobilisation-pour-reussir-la-protection-sociale\/","title":{"rendered":"CNSS: Mobilisation pour r\u00e9ussir la protection sociale"},"content":{"rendered":"<div readability=\"36\">\n<p>Marrakech \u2013 La Direction R\u00e9gionale de la Caisse Nationale de S\u00e9curit\u00e9 Sociale (CNSS) \u00e0 Marrakech demeure mobilis\u00e9e en vue de contribuer au succ\u00e8s de l\u2019op\u00e9ration relative \u00e0 la g\u00e9n\u00e9ralisation de la protection sociale dans le cadre du r\u00e9gime de la Contribution Professionnelle Unique (CPU), instaur\u00e9 par la Loi de Finances 2021.<\/p>\n<\/div>\n<div readability=\"115\">\n<p>Depuis le lancement de cette op\u00e9ration, la Direction de la CNSS a mobilis\u00e9 toutes ses ressources humaines, qui ont fait montre d\u2019un degr\u00e9 \u00e9lev\u00e9 d\u2019implication afin de contribuer \u00e0 la r\u00e9ussite de ce projet soci\u00e9tal d\u2019envergure, qui b\u00e9n\u00e9ficie du suivi et de l\u2019int\u00e9r\u00eat particuliers de Sa Majest\u00e9 le Roi Mohammed VI.<\/p>\n<p>Ainsi, les fonctionnaires de ladite Direction travaillent, d\u2019arrache-pied, afin de traiter les dossiers d\u2019inscription avec c\u00e9l\u00e9rit\u00e9 et efficacit\u00e9 notamment, pour une cat\u00e9gorie sociale qui a longtemps attendu afin de voir ce r\u00eave se concr\u00e9tiser dans les faits.<\/p>\n<p>Les personnes exer\u00e7ant une activit\u00e9 professionnelle et soumises au r\u00e9gime de la CPU continuent d\u2019affluer pour demander des renseignements et des conseils ou entreprendre les d\u00e9marches d\u2019immatriculation au r\u00e9gime de l\u2019Assurance Maladie Obligatoire (AMO) des ind\u00e9pendants, apr\u00e8s le d\u00e9p\u00f4t de leurs d\u00e9clarations fiscales aupr\u00e8s des \u00e9tablissements relevant de la Direction r\u00e9gionale des Imp\u00f4ts (DGI).<\/p>\n<p>Dans une d\u00e9claration \u00e0 la MAP, le directeur r\u00e9gional de la CNSS pour la r\u00e9gion Tensift-Atlantique, M. Abdelhamid Azouaoui, a soulign\u00e9 que le projet de la g\u00e9n\u00e9ralisation de la protection sociale, qui b\u00e9n\u00e9ficie du suivi et de l\u2019int\u00e9r\u00eat particuliers de Sa Majest\u00e9 le Roi Mohammed VI, repr\u00e9sente une v\u00e9ritable r\u00e9volution de nature \u00e0 contribuer \u00e0 l\u2019am\u00e9lioration des conditions de vie des citoyens et \u00e0 la protection des cat\u00e9gories vuln\u00e9rables, particuli\u00e8rement en temps de risques sanitaires et de conjonctures exceptionnelles.<\/p>\n<p>Et de faire savoir que ce r\u00e9gime permettra aux professionnels de b\u00e9n\u00e9ficier d\u2019un portefeuille de soins englobant tous les risques, dont les hospitalisations, les frais des m\u00e9dicaments, les analyses et soins divers, en plus des prises en charge de 86 m\u00e9dicaments co\u00fbteux aupr\u00e8s des pharmacies et aupr\u00e8s des cliniques.<\/p>\n<p>Le Taux de remboursement varie entre 70 et 100% notamment, pour les maladies chroniques dont les maladies oncologiques et les tumeurs (95%), les maladies h\u00e9patiques (94%), l\u2019h\u00e9modialyse (98%), certaines op\u00e9rations cardiologiques et greffes diverses (prises en charge pouvant atteindre les 100%), a-t-il expliqu\u00e9.<\/p>\n<p>Le responsable r\u00e9gional a tenu \u00e0 rappeler que les professionnels verseront, \u00e0 travers un droit compl\u00e9mentaire destin\u00e9 aux prestations sociales couvrant l\u2019AMO, entre 1.200 DH \u00e0 14.400 DH en fonction du chiffre d\u2019affaire et l\u2019Imp\u00f4t pay\u00e9 annuellement, indiquant que la CNSS a proc\u00e9d\u00e9 \u00e0 la mise en place d\u2019une proc\u00e9dure facile pour l\u2019immatriculation et la d\u00e9claration des membres de leur famille (enfants et conjoints) aupr\u00e8s de la CNSS, par le biais d\u2019un portail \u00e9lectronique mis en place \u00e0 cette fin.<\/p>\n<p>Instaur\u00e9e en vertu de la Loi de Finances 2021, la CPU permet d\u2019une part, aux professionnels auparavant soumis au r\u00e9gime du b\u00e9n\u00e9fice forfaitaire de s\u2019acquitter, d\u00e9sormais, d\u2019un seul imp\u00f4t rempla\u00e7ant l\u2019imp\u00f4t forfaitaire sur le revenu, la taxe professionnelle et la taxe des services communaux et, d\u2019autre part, elle leur assure une couverture m\u00e9dicale \u00e0 travers un droit compl\u00e9mentaire destin\u00e9 aux prestations sociales couvrant l\u2019assurance maladie obligatoire.<\/p>\n<p>Les personnes soumises \u00e0 la CPU, telle qu\u2019instaur\u00e9e par la loi de finances 2021, pourront, d\u00e9sormais, b\u00e9n\u00e9ficier de l\u2019AMO, en vertu de la loi organique n\u00b0 98-15 relative au r\u00e9gime de l\u2019assurance maladie obligatoire de base pour les cat\u00e9gories des professionnels, des travailleurs ind\u00e9pendants et des personnes non salari\u00e9es exer\u00e7ant une activit\u00e9 lib\u00e9rale, et qui garantit la m\u00eame couverture m\u00e9dicale pour les salari\u00e9s du secteur priv\u00e9.<\/p>\n<\/div>\n<p>Auteur: Meriem IGASS<br \/>\n<a href=\"http:\/\/www.mapmarrakech.ma\/fr\/cnss-mobilisation-pour-reussir-la-generalisation-de-la-protection-sociale\/\">Cliquez ici pour lire l&rsquo;article depuis sa source.<\/a><\/p>\n","protected":false},"excerpt":{"rendered":"<p>Marrakech \u2013 La Direction R\u00e9gionale de la Caisse Nationale de S\u00e9curit\u00e9 Sociale (CNSS) \u00e0 Marrakech demeure mobilis\u00e9e en vue de contribuer au succ\u00e8s de l\u2019op\u00e9ration relative \u00e0 la g\u00e9n\u00e9ralisation de la protection sociale dans le cadre du r\u00e9gime de la Contribution Professionnelle Unique (CPU), instaur\u00e9 par la Loi de Finances 2021. Depuis le lancement de [&hellip;]<\/p>\n","protected":false},"author":1788,"featured_media":0,"comment_status":"closed","ping_status":"closed","sticky":false,"template":"","format":"standard","meta":{"fifu_image_url":"","fifu_image_alt":"","footnotes":""},"categories":[54,76],"tags":[],"class_list":["post-113849","post","type-post","status-publish","format-standard","hentry","category-maroc","category-regions"],"_links":{"self":[{"href":"https:\/\/linitiative.ca\/International\/wp-json\/wp\/v2\/posts\/113849","targetHints":{"allow":["GET"]}}],"collection":[{"href":"https:\/\/linitiative.ca\/International\/wp-json\/wp\/v2\/posts"}],"about":[{"href":"https:\/\/linitiative.ca\/International\/wp-json\/wp\/v2\/types\/post"}],"author":[{"embeddable":true,"href":"https:\/\/linitiative.ca\/International\/wp-json\/wp\/v2\/users\/1788"}],"replies":[{"embeddable":true,"href":"https:\/\/linitiative.ca\/International\/wp-json\/wp\/v2\/comments?post=113849"}],"version-history":[{"count":0,"href":"https:\/\/linitiative.ca\/International\/wp-json\/wp\/v2\/posts\/113849\/revisions"}],"wp:attachment":[{"href":"https:\/\/linitiative.ca\/International\/wp-json\/wp\/v2\/media?parent=113849"}],"wp:term":[{"taxonomy":"category","embeddable":true,"href":"https:\/\/linitiative.ca\/International\/wp-json\/wp\/v2\/categories?post=113849"},{"taxonomy":"post_tag","embeddable":true,"href":"https:\/\/linitiative.ca\/International\/wp-json\/wp\/v2\/tags?post=113849"}],"curies":[{"name":"wp","href":"https:\/\/api.w.org\/{rel}","templated":true}]}}