{"id":113850,"date":"2021-03-28T10:01:37","date_gmt":"2021-03-28T14:01:37","guid":{"rendered":"https:\/\/linitiative.ca\/International\/focus-sur-le-role-de-la-dynastie-alaouite\/"},"modified":"2021-03-28T10:01:37","modified_gmt":"2021-03-28T14:01:37","slug":"focus-sur-le-role-de-la-dynastie-alaouite","status":"publish","type":"post","link":"https:\/\/linitiative.ca\/International\/focus-sur-le-role-de-la-dynastie-alaouite\/","title":{"rendered":"Focus sur le r\u00f4le de la Dynastie Alaouite"},"content":{"rendered":"<p><iframe loading=\"lazy\" width=\"1170\" height=\"658\" src=\"https:\/\/www.youtube.com\/embed\/ryDRnK82wxY?feature=oembed\" frameborder=\"0\" allow=\"accelerometer; autoplay; clipboard-write; encrypted-media; gyroscope; picture-in-picture\" allowfullscreen=\"allowfullscreen\">[embedded content]<\/iframe><\/p>\n<div class=\"single-post-excerpt post-excerpt-bc\" readability=\"39\">\n<p>Les participants \u00e0 une rencontre organis\u00e9e, mardi, \u00e0 la facult\u00e9 des lettres et des sciences humaines de Marrakech, ont mis en relief le r\u00f4le pionnier de la Dynastie Alaouite dans l\u2019\u00e9dification du Maroc de la modernit\u00e9, \u00e0 travers la sauvegarde de l\u2019identit\u00e9 nationale et la r\u00e9alisation du d\u00e9veloppement dans les diff\u00e9rents domaines.<\/p>\n<\/div>\n<p>Auteur: Meriem IGASS<br \/>\n<a href=\"http:\/\/www.mapmarrakech.ma\/fr\/focus-sur-le-role-de-la-dynastie-alaouite\/\">Cliquez ici pour lire l&rsquo;article depuis sa source.<\/a><\/p>\n","protected":false},"excerpt":{"rendered":"<p>[embedded content] Les participants \u00e0 une rencontre organis\u00e9e, mardi, \u00e0 la facult\u00e9 des lettres et des sciences humaines de Marrakech, ont mis en relief le r\u00f4le pionnier de la Dynastie Alaouite dans l\u2019\u00e9dification du Maroc de la modernit\u00e9, \u00e0 travers la sauvegarde de l\u2019identit\u00e9 nationale et la r\u00e9alisation du d\u00e9veloppement dans les diff\u00e9rents domaines. Auteur: [&hellip;]<\/p>\n","protected":false},"author":1788,"featured_media":0,"comment_status":"closed","ping_status":"closed","sticky":false,"template":"","format":"standard","meta":{"fifu_image_url":"","fifu_image_alt":"","footnotes":""},"categories":[54,76],"tags":[],"class_list":["post-113850","post","type-post","status-publish","format-standard","hentry","category-maroc","category-regions"],"_links":{"self":[{"href":"https:\/\/linitiative.ca\/International\/wp-json\/wp\/v2\/posts\/113850","targetHints":{"allow":["GET"]}}],"collection":[{"href":"https:\/\/linitiative.ca\/International\/wp-json\/wp\/v2\/posts"}],"about":[{"href":"https:\/\/linitiative.ca\/International\/wp-json\/wp\/v2\/types\/post"}],"author":[{"embeddable":true,"href":"https:\/\/linitiative.ca\/International\/wp-json\/wp\/v2\/users\/1788"}],"replies":[{"embeddable":true,"href":"https:\/\/linitiative.ca\/International\/wp-json\/wp\/v2\/comments?post=113850"}],"version-history":[{"count":0,"href":"https:\/\/linitiative.ca\/International\/wp-json\/wp\/v2\/posts\/113850\/revisions"}],"wp:attachment":[{"href":"https:\/\/linitiative.ca\/International\/wp-json\/wp\/v2\/media?parent=113850"}],"wp:term":[{"taxonomy":"category","embeddable":true,"href":"https:\/\/linitiative.ca\/International\/wp-json\/wp\/v2\/categories?post=113850"},{"taxonomy":"post_tag","embeddable":true,"href":"https:\/\/linitiative.ca\/International\/wp-json\/wp\/v2\/tags?post=113850"}],"curies":[{"name":"wp","href":"https:\/\/api.w.org\/{rel}","templated":true}]}}