{"id":113851,"date":"2021-03-28T13:10:16","date_gmt":"2021-03-28T17:10:16","guid":{"rendered":"https:\/\/linitiative.ca\/International\/une-ecole-primaire-rebaptisee-au-nom-de-feu-mohamed-el-ouafa\/"},"modified":"2021-03-28T13:10:16","modified_gmt":"2021-03-28T17:10:16","slug":"une-ecole-primaire-rebaptisee-au-nom-de-feu-mohamed-el-ouafa","status":"publish","type":"post","link":"https:\/\/linitiative.ca\/International\/une-ecole-primaire-rebaptisee-au-nom-de-feu-mohamed-el-ouafa\/","title":{"rendered":"Une \u00e9cole primaire rebaptis\u00e9e au nom de feu Mohamed El Ouafa"},"content":{"rendered":"<div readability=\"38\">\n<p>Marrakech \u2013 Une \u00e9cole publique relevant de la direction provinciale de l\u2019Education nationale \u00e0 Marrakech a \u00e9t\u00e9 rebaptis\u00e9e, r\u00e9cemment, au nom de feu Mohamed El Ouafa, homme politique et ancien ministre, d\u00e9c\u00e9d\u00e9 r\u00e9cemment.<\/p>\n<\/div>\n<div readability=\"72\">\n<p>Ainsi, le ministre de l\u2019Education nationale, de la Formation professionnelle, de l\u2019Enseignement sup\u00e9rieur et de la Recherche scientifique, Saa\u00efd Amzazi, a effectu\u00e9 une visite \u00e0 l\u2019\u00e9cole primaire \u00ab\u00a0Al Jabal Al Akhdar\u00a0\u00bb dans la cit\u00e9 ocre, o\u00f9 il a \u00e9t\u00e9 proc\u00e9d\u00e9 au d\u00e9voilement des plaques comm\u00e9morative et celle portant la nouvelle appellation de l\u2019\u00e9tablissement scolaire, en pr\u00e9sence du secr\u00e9taire g\u00e9n\u00e9ral du d\u00e9partement de l\u2019Education nationale au minist\u00e8re, du directeur de l\u2019Acad\u00e9mie r\u00e9gionale de l\u2019Education et de la Formation, du directeur provincial de l\u2019Education nationale et de membres de la famille du d\u00e9funt.<\/p>\n<p>L\u2019initiative de rebaptiser un \u00e9tablissement scolaire au nom de feu Mohamed El Ouafa se veut un signe de reconnaissance des efforts consentis par le regrett\u00e9 et de son patriotisme sinc\u00e8re dans l\u2019accomplissement des nombreuses missions dont il s\u2019est acquitt\u00e9 aussi bien \u00e0 l\u2019int\u00e9rieur du Royaume qu\u2019\u00e0 l\u2019\u00e9tranger.<\/p>\n<p>Cet \u00e9v\u00e9nement a aussi offert l\u2019occasion au ministre et \u00e0 la d\u00e9l\u00e9gation l\u2019accompagnant de prendre connaissance des structures, des espaces ainsi que des comp\u00e9tences p\u00e9dagogiques dont regorge cette \u00e9cole publique, \u00e0 travers les activit\u00e9s et les pratiques professionnelles men\u00e9es par les clubs de la lecture et des ressources num\u00e9riques, de la tol\u00e9rance et de la coexistence ainsi que celui \u00e9cologique et sanitaire.<\/p>\n<p>M. Azmazi a \u00e9galement visit\u00e9 le pavillon de l\u2019enseignement g\u00e9n\u00e9ral ainsi qu\u2019une classe du pr\u00e9scolaire et les salles des ressources de l\u2019\u00e9ducation inclusive, et suivi des explications sur la production d\u2019un kit pilote qui peut \u00eatre utilis\u00e9 dans l\u2019enseignement pr\u00e9scolaire et la formation des \u00e9ducatrices, dans le cadre d\u2019un partenariat et d\u2019une coop\u00e9ration entre l\u2019AREF et l\u2019Ecole nationale sup\u00e9rieure de Marrakech.<\/p>\n<p>Le ministre et la d\u00e9l\u00e9gation l\u2019accompagnant ont, en outre, assist\u00e9 \u00e0 une pi\u00e8ce de th\u00e9\u00e2tre pour faire conna\u00eetre le code de la circulation dans le cadre d\u2019un atelier sur la s\u00e9curit\u00e9 routi\u00e8re, et \u00e0 l\u2019interpr\u00e9tation d\u2019un morceau de musique c\u00e9l\u00e9brant la tol\u00e9rance et la coexistence.<\/p>\n<\/div>\n<p>Auteur: Meriem IGASS<br \/>\n<a href=\"http:\/\/www.mapmarrakech.ma\/fr\/une-ecole-primaire-rebaptisee-au-nom-de-feu-mohamed-el-ouafa\/\">Cliquez ici pour lire l&rsquo;article depuis sa source.<\/a><\/p>\n","protected":false},"excerpt":{"rendered":"<p>Marrakech \u2013 Une \u00e9cole publique relevant de la direction provinciale de l\u2019Education nationale \u00e0 Marrakech a \u00e9t\u00e9 rebaptis\u00e9e, r\u00e9cemment, au nom de feu Mohamed El Ouafa, homme politique et ancien ministre, d\u00e9c\u00e9d\u00e9 r\u00e9cemment. Ainsi, le ministre de l\u2019Education nationale, de la Formation professionnelle, de l\u2019Enseignement sup\u00e9rieur et de la Recherche scientifique, Saa\u00efd Amzazi, a effectu\u00e9 [&hellip;]<\/p>\n","protected":false},"author":1788,"featured_media":0,"comment_status":"closed","ping_status":"closed","sticky":false,"template":"","format":"standard","meta":{"fifu_image_url":"","fifu_image_alt":"","footnotes":""},"categories":[54,76],"tags":[],"class_list":["post-113851","post","type-post","status-publish","format-standard","hentry","category-maroc","category-regions"],"_links":{"self":[{"href":"https:\/\/linitiative.ca\/International\/wp-json\/wp\/v2\/posts\/113851","targetHints":{"allow":["GET"]}}],"collection":[{"href":"https:\/\/linitiative.ca\/International\/wp-json\/wp\/v2\/posts"}],"about":[{"href":"https:\/\/linitiative.ca\/International\/wp-json\/wp\/v2\/types\/post"}],"author":[{"embeddable":true,"href":"https:\/\/linitiative.ca\/International\/wp-json\/wp\/v2\/users\/1788"}],"replies":[{"embeddable":true,"href":"https:\/\/linitiative.ca\/International\/wp-json\/wp\/v2\/comments?post=113851"}],"version-history":[{"count":0,"href":"https:\/\/linitiative.ca\/International\/wp-json\/wp\/v2\/posts\/113851\/revisions"}],"wp:attachment":[{"href":"https:\/\/linitiative.ca\/International\/wp-json\/wp\/v2\/media?parent=113851"}],"wp:term":[{"taxonomy":"category","embeddable":true,"href":"https:\/\/linitiative.ca\/International\/wp-json\/wp\/v2\/categories?post=113851"},{"taxonomy":"post_tag","embeddable":true,"href":"https:\/\/linitiative.ca\/International\/wp-json\/wp\/v2\/tags?post=113851"}],"curies":[{"name":"wp","href":"https:\/\/api.w.org\/{rel}","templated":true}]}}