{"id":113852,"date":"2021-03-28T07:30:52","date_gmt":"2021-03-28T11:30:52","guid":{"rendered":"https:\/\/linitiative.ca\/International\/un-reseau-marocain-dintelligence-artificielle-en-oncologie-lance\/"},"modified":"2021-03-28T07:30:52","modified_gmt":"2021-03-28T11:30:52","slug":"un-reseau-marocain-dintelligence-artificielle-en-oncologie-lance","status":"publish","type":"post","link":"https:\/\/linitiative.ca\/International\/un-reseau-marocain-dintelligence-artificielle-en-oncologie-lance\/","title":{"rendered":"Un r\u00e9seau marocain d&rsquo;intelligence artificielle en oncologie lanc\u00e9"},"content":{"rendered":"<p class=\"rtejustify\">Le r\u00e9seau marocain de Big Data et d&rsquo;intelligence artificielle (IA) en oncologie a \u00e9t\u00e9 cr\u00e9\u00e9, samedi \u00e0 Rabat, lors d&rsquo;une rencontre organis\u00e9e par l\u2019\u00c9cole nationale sup\u00e9rieure d\u2019arts et m\u00e9tiers (ENSAM) de Rabat.<\/p>\n<p class=\"rtejustify\">Ce noyau de chercheurs multidisciplinaires a \u00e9t\u00e9 cr\u00e9\u00e9 lors de la \u00ab\u00a0Premi\u00e8re journ\u00e9e nationale sur l\u2019intelligence artificielle en Oncologie\u00a0\u00bb, organis\u00e9e sous format hybride par l&rsquo;ENSAM de Rabat, en collaboration avec l\u2019Institut de recherche sur le cancer (IRC), l\u2019Universit\u00e9 Euro- M\u00e9diterran\u00e9enne de F\u00e8s (UEMF), l\u2019Equipe de recherche en oncologie translationnelle (EROT) et l&rsquo;association Marocaine de Formation et de Recherche en Oncologie M\u00e9dicale organisent (AMFROM). Ce r\u00e9seau va \u00e0 l&rsquo;adresse du patient marocain et du syst\u00e8me de la sant\u00e9 pour une meilleure prise en charge des patients canc\u00e9reux, a expliqu\u00e9 le directeur de l&rsquo;Institut de recherche sur le cancer, Karim Ouldim. \u00ab\u00a0L&rsquo;objectif est de f\u00e9d\u00e9rer les efforts de tous les intervenants dans le domaine de la recherche et de l&rsquo;innovation afin de mettre en place une strat\u00e9gie et un plan d&rsquo;action \u00e0 travers une approche f\u00e9d\u00e9ratrice de d\u00e9veloppement et de partenariat public priv\u00e9\u00a0\u00bb, a expliqu\u00e9 Ouldim.<\/p>\n<p>Auteur: hgueye<br \/>\n<a href=\"https:\/\/www.leconomiste.com\/flash-infos\/un-reseau-marocain-d-intelligence-artificielle-en-oncologie-lance\">Cliquez ici pour lire l&rsquo;article depuis sa source.<\/a><\/p>\n","protected":false},"excerpt":{"rendered":"<p>Le r\u00e9seau marocain de Big Data et d&rsquo;intelligence artificielle (IA) en oncologie a \u00e9t\u00e9 cr\u00e9\u00e9, samedi \u00e0 Rabat, lors d&rsquo;une rencontre organis\u00e9e par l\u2019\u00c9cole nationale sup\u00e9rieure d\u2019arts et m\u00e9tiers (ENSAM) de Rabat. Ce noyau de chercheurs multidisciplinaires a \u00e9t\u00e9 cr\u00e9\u00e9 lors de la \u00ab\u00a0Premi\u00e8re journ\u00e9e nationale sur l\u2019intelligence artificielle en Oncologie\u00a0\u00bb, organis\u00e9e sous format hybride [&hellip;]<\/p>\n","protected":false},"author":1763,"featured_media":0,"comment_status":"closed","ping_status":"closed","sticky":false,"template":"","format":"standard","meta":{"fifu_image_url":"","fifu_image_alt":"","footnotes":""},"categories":[78,54],"tags":[],"class_list":["post-113852","post","type-post","status-publish","format-standard","hentry","category-economie","category-maroc"],"_links":{"self":[{"href":"https:\/\/linitiative.ca\/International\/wp-json\/wp\/v2\/posts\/113852","targetHints":{"allow":["GET"]}}],"collection":[{"href":"https:\/\/linitiative.ca\/International\/wp-json\/wp\/v2\/posts"}],"about":[{"href":"https:\/\/linitiative.ca\/International\/wp-json\/wp\/v2\/types\/post"}],"author":[{"embeddable":true,"href":"https:\/\/linitiative.ca\/International\/wp-json\/wp\/v2\/users\/1763"}],"replies":[{"embeddable":true,"href":"https:\/\/linitiative.ca\/International\/wp-json\/wp\/v2\/comments?post=113852"}],"version-history":[{"count":0,"href":"https:\/\/linitiative.ca\/International\/wp-json\/wp\/v2\/posts\/113852\/revisions"}],"wp:attachment":[{"href":"https:\/\/linitiative.ca\/International\/wp-json\/wp\/v2\/media?parent=113852"}],"wp:term":[{"taxonomy":"category","embeddable":true,"href":"https:\/\/linitiative.ca\/International\/wp-json\/wp\/v2\/categories?post=113852"},{"taxonomy":"post_tag","embeddable":true,"href":"https:\/\/linitiative.ca\/International\/wp-json\/wp\/v2\/tags?post=113852"}],"curies":[{"name":"wp","href":"https:\/\/api.w.org\/{rel}","templated":true}]}}