{"id":113853,"date":"2021-03-28T07:39:30","date_gmt":"2021-03-28T11:39:30","guid":{"rendered":"https:\/\/linitiative.ca\/International\/une-malienne-enceinte-de-septuples-attendue-au-maroc\/"},"modified":"2021-03-28T07:39:30","modified_gmt":"2021-03-28T11:39:30","slug":"une-malienne-enceinte-de-septuples-attendue-au-maroc","status":"publish","type":"post","link":"https:\/\/linitiative.ca\/International\/une-malienne-enceinte-de-septuples-attendue-au-maroc\/","title":{"rendered":"Une Malienne enceinte de septupl\u00e9s attendue au Maroc"},"content":{"rendered":"<p class=\"rtejustify\">Une Malienne de 25 ans enceinte de septupl\u00e9s est attendue ce week-end au Maroc pour y poursuivre sa grossesse, a indiqu\u00e9 vendredi dernier le minist\u00e8re malien de la Sant\u00e9. La jeun femme, originaire de Tombouctou, est prise en charge depuis deux semaines au Centre Hospitalier Universitaire du Point G \u00e0 Bamako. Mais pour un \u00ab\u00a0meilleur suivi de cette grossesse qui sort de l&rsquo;ordinaire\u00a0\u00bb, ses m\u00e9decins pr\u00e9f\u00e8rent qu&rsquo;elle soit suivie \u00e0 l&rsquo;\u00e9tranger, a indiqu\u00e9 le minist\u00e8re de la Sant\u00e9 dans un communiqu\u00e9. \u00ab\u00a0Elle devra en principe s&rsquo;envoler ce week-end pour le Maroc o\u00f9 elle devra poursuivre sa prise en charge\u00a0\u00bb, indique le minist\u00e8re.<\/p>\n<p class=\"rtejustify\">La jeune femme serait \u00e0 son sixi\u00e8me mois de grossesse et les sp\u00e9cialistes s&rsquo;inqui\u00e8tent pour sa sant\u00e9 et sur les chances de survie des foetus. Elle sera accompagn\u00e9e au Maroc par son m\u00e9decin et deux membres de sa famille. Le voyage est financ\u00e9 par le gouvernement malien, avec une contribution personnelle du pr\u00e9sident de transition, Bah Ndaw, selon le minist\u00e8re.<\/p>\n<p class=\"rtejustify\"><em>Avec AFP<\/em><\/p>\n<p>Auteur: hgueye<br \/>\n<a href=\"https:\/\/www.leconomiste.com\/flash-infos\/une-malienne-enceinte-de-septuples-attendue-au-maroc\">Cliquez ici pour lire l&rsquo;article depuis sa source.<\/a><\/p>\n","protected":false},"excerpt":{"rendered":"<p>Une Malienne de 25 ans enceinte de septupl\u00e9s est attendue ce week-end au Maroc pour y poursuivre sa grossesse, a indiqu\u00e9 vendredi dernier le minist\u00e8re malien de la Sant\u00e9. La jeun femme, originaire de Tombouctou, est prise en charge depuis deux semaines au Centre Hospitalier Universitaire du Point G \u00e0 Bamako. Mais pour un \u00ab\u00a0meilleur [&hellip;]<\/p>\n","protected":false},"author":1763,"featured_media":0,"comment_status":"closed","ping_status":"closed","sticky":false,"template":"","format":"standard","meta":{"fifu_image_url":"","fifu_image_alt":"","footnotes":""},"categories":[78,54],"tags":[],"class_list":["post-113853","post","type-post","status-publish","format-standard","hentry","category-economie","category-maroc"],"_links":{"self":[{"href":"https:\/\/linitiative.ca\/International\/wp-json\/wp\/v2\/posts\/113853","targetHints":{"allow":["GET"]}}],"collection":[{"href":"https:\/\/linitiative.ca\/International\/wp-json\/wp\/v2\/posts"}],"about":[{"href":"https:\/\/linitiative.ca\/International\/wp-json\/wp\/v2\/types\/post"}],"author":[{"embeddable":true,"href":"https:\/\/linitiative.ca\/International\/wp-json\/wp\/v2\/users\/1763"}],"replies":[{"embeddable":true,"href":"https:\/\/linitiative.ca\/International\/wp-json\/wp\/v2\/comments?post=113853"}],"version-history":[{"count":0,"href":"https:\/\/linitiative.ca\/International\/wp-json\/wp\/v2\/posts\/113853\/revisions"}],"wp:attachment":[{"href":"https:\/\/linitiative.ca\/International\/wp-json\/wp\/v2\/media?parent=113853"}],"wp:term":[{"taxonomy":"category","embeddable":true,"href":"https:\/\/linitiative.ca\/International\/wp-json\/wp\/v2\/categories?post=113853"},{"taxonomy":"post_tag","embeddable":true,"href":"https:\/\/linitiative.ca\/International\/wp-json\/wp\/v2\/tags?post=113853"}],"curies":[{"name":"wp","href":"https:\/\/api.w.org\/{rel}","templated":true}]}}