{"id":113857,"date":"2021-03-28T15:14:26","date_gmt":"2021-03-28T19:14:26","guid":{"rendered":"https:\/\/linitiative.ca\/International\/equipe-dalgerie-la-selection-nationale-poursuit-sa-preparation-en-vue-du-match-face-au-botswana\/"},"modified":"2021-03-28T15:14:26","modified_gmt":"2021-03-28T19:14:26","slug":"equipe-dalgerie-la-selection-nationale-poursuit-sa-preparation-en-vue-du-match-face-au-botswana","status":"publish","type":"post","link":"https:\/\/linitiative.ca\/International\/equipe-dalgerie-la-selection-nationale-poursuit-sa-preparation-en-vue-du-match-face-au-botswana\/","title":{"rendered":"Equipe d&rsquo;Alg\u00e9rie : La s\u00e9lection nationale poursuit sa pr\u00e9paration en vue du match face au Botswana"},"content":{"rendered":"<div readability=\"32\">\n<p>Auteur : <span class=\"time\">dimanche 28 mars 2021 08:31<\/span><\/p>\n<\/div>\n<div id=\"post_core\" readability=\"40\">\n<p>D\u00e9j\u00e0 priv\u00e9e de Mehdi Abeid qui a regagn\u00e9 son club directement \u00e0 partir de Lusaka, l&rsquo;\u00e9quipe d&rsquo;Alg\u00e9rie a particip\u00e9 \u00e0 sa deuxi\u00e8me s\u00e9ance d&rsquo;entrainement depuis son retour de Zambie sans Rachid Ghezzal, bless\u00e9 lors du match de la cinqui\u00e8me journ\u00e9e. Mahrez et ses co\u00e9quipiers ont d\u00e9but\u00e9 leur s\u00e9ance \u00e0 partir de 17h ce qui devrait \u00e9galement \u00eatre le cas ce dimanche avec une s\u00e9ance pr\u00e9vue en fin de journ\u00e9e.<\/p>\n<p>Rappelons que les Verts seront oppos\u00e9s au Botswana ce lundi en cl\u00f4ture de la phase de qualification pour la CAN 2021.<\/p>\n<p><strong>Publi\u00e9 dans :<\/strong> <span>algerie<\/span><\/p>\n<\/div>\n<p>Auteur:<br \/>\n<a href=\"http:\/\/www.lebuteur.com\/article\/detail?titre=la-selection-nationale-poursuit-sa-preparation-en-vue-du-match-face-au-botswana&#038;id=99535&#038;utm_source=feedburner&#038;utm_medium=feed&#038;utm_campaign=Feed%3A+GalerieFArtciles+%28Les+derniers+articles++-+lebuteur.com%29\">Cliquez ici pour lire l&rsquo;article depuis sa source.<\/a><\/p>\n","protected":false},"excerpt":{"rendered":"<p>Auteur : dimanche 28 mars 2021 08:31 D\u00e9j\u00e0 priv\u00e9e de Mehdi Abeid qui a regagn\u00e9 son club directement \u00e0 partir de Lusaka, l&rsquo;\u00e9quipe d&rsquo;Alg\u00e9rie a particip\u00e9 \u00e0 sa deuxi\u00e8me s\u00e9ance d&rsquo;entrainement depuis son retour de Zambie sans Rachid Ghezzal, bless\u00e9 lors du match de la cinqui\u00e8me journ\u00e9e. Mahrez et ses co\u00e9quipiers ont d\u00e9but\u00e9 leur s\u00e9ance [&hellip;]<\/p>\n","protected":false},"author":1738,"featured_media":0,"comment_status":"closed","ping_status":"closed","sticky":false,"template":"","format":"standard","meta":{"fifu_image_url":"\/\/cdn.lebuteur.com\/data\/images\/article\/thumbs\/large-la-selection-nationale-poursuit-sa-preparation-en-vue-du-match-face-au-botswana-d88cd.jpg","fifu_image_alt":"Equipe d'Alg\u00e9rie : La s\u00e9lection nationale poursuit sa pr\u00e9paration en vue du match face au Botswana","footnotes":""},"categories":[53,75],"tags":[],"class_list":["post-113857","post","type-post","status-publish","format-standard","hentry","category-algerie","category-sport"],"_links":{"self":[{"href":"https:\/\/linitiative.ca\/International\/wp-json\/wp\/v2\/posts\/113857","targetHints":{"allow":["GET"]}}],"collection":[{"href":"https:\/\/linitiative.ca\/International\/wp-json\/wp\/v2\/posts"}],"about":[{"href":"https:\/\/linitiative.ca\/International\/wp-json\/wp\/v2\/types\/post"}],"author":[{"embeddable":true,"href":"https:\/\/linitiative.ca\/International\/wp-json\/wp\/v2\/users\/1738"}],"replies":[{"embeddable":true,"href":"https:\/\/linitiative.ca\/International\/wp-json\/wp\/v2\/comments?post=113857"}],"version-history":[{"count":0,"href":"https:\/\/linitiative.ca\/International\/wp-json\/wp\/v2\/posts\/113857\/revisions"}],"wp:attachment":[{"href":"https:\/\/linitiative.ca\/International\/wp-json\/wp\/v2\/media?parent=113857"}],"wp:term":[{"taxonomy":"category","embeddable":true,"href":"https:\/\/linitiative.ca\/International\/wp-json\/wp\/v2\/categories?post=113857"},{"taxonomy":"post_tag","embeddable":true,"href":"https:\/\/linitiative.ca\/International\/wp-json\/wp\/v2\/tags?post=113857"}],"curies":[{"name":"wp","href":"https:\/\/api.w.org\/{rel}","templated":true}]}}