{"id":113858,"date":"2021-03-28T15:14:28","date_gmt":"2021-03-28T19:14:28","guid":{"rendered":"https:\/\/linitiative.ca\/International\/international-le-real-pourraient-se-separer-de-six-joueurs-pour-haaland-et-mbappe\/"},"modified":"2021-03-28T15:14:28","modified_gmt":"2021-03-28T19:14:28","slug":"international-le-real-pourraient-se-separer-de-six-joueurs-pour-haaland-et-mbappe","status":"publish","type":"post","link":"https:\/\/linitiative.ca\/International\/international-le-real-pourraient-se-separer-de-six-joueurs-pour-haaland-et-mbappe\/","title":{"rendered":"International : Le Real pourraient se s\u00e9parer de six joueurs pour Haaland et Mbapp\u00e9"},"content":{"rendered":"<div readability=\"32\">\n<p>Auteur : <span class=\"time\">dimanche 28 mars 2021 13:38<\/span><\/p>\n<\/div>\n<div id=\"post_core\" readability=\"54\">\n<p>Afin de signer \u00e0 la fois la star du Borussia Dortmund Haaland et l&rsquo;as du PSG Mbapp\u00e9, les dirigeants merengue doivent r\u00e9duire massivement leur masse salariale actuelle et vider effectif.<\/p>\n<p>A en croire Mundo Deportivo que rapporte Goal, six joueurs actuels du Real sont en instance de d\u00e9part. Sans surprise, les deux premiers noms de la liste sont les deux meilleurs revenus du club: Hazard &#8211; qui a lutt\u00e9 avec de multiple blessures au cours des deux derni\u00e8res ann\u00e9es &#8211; et Gareth Bale, actuellement pr\u00eat\u00e9 \u00e0 Tottenham.<\/p>\n<p>Les quatre autres internationaux qui partiront sont Sergio Ramos, Raphael Varane, Isco et Marcelo.<\/p>\n<p>Effacer autant d&rsquo;acteurs \u00e9tablis lib\u00e9rerait sans aucun doute de l&rsquo;argent pour les salaires. Cependant, cela signifierait que le Real perdrait trois d\u00e9fenseurs exp\u00e9riment\u00e9s, tout en signant deux attaquants.<\/p>\n<p><strong>Publi\u00e9 dans :<\/strong> <span>real madrid<\/span><\/p>\n<\/div>\n<p>Auteur:<br \/>\n<a href=\"http:\/\/www.lebuteur.com\/article\/detail?titre=le-real-pourraient-se-separer-de-six-joueurs-pour-haaland-et-mbappe&#038;id=99537&#038;utm_source=feedburner&#038;utm_medium=feed&#038;utm_campaign=Feed%3A+GalerieFArtciles+%28Les+derniers+articles++-+lebuteur.com%29\">Cliquez ici pour lire l&rsquo;article depuis sa source.<\/a><\/p>\n","protected":false},"excerpt":{"rendered":"<p>Auteur : dimanche 28 mars 2021 13:38 Afin de signer \u00e0 la fois la star du Borussia Dortmund Haaland et l&rsquo;as du PSG Mbapp\u00e9, les dirigeants merengue doivent r\u00e9duire massivement leur masse salariale actuelle et vider effectif. A en croire Mundo Deportivo que rapporte Goal, six joueurs actuels du Real sont en instance de d\u00e9part. [&hellip;]<\/p>\n","protected":false},"author":1738,"featured_media":0,"comment_status":"closed","ping_status":"closed","sticky":false,"template":"","format":"standard","meta":{"fifu_image_url":"\/\/cdn.lebuteur.com\/data\/images\/article\/thumbs\/large-le-real-pourraient-se-separer-de-six-joueurs-pour-haaland-et-mbappe-9c69f.jpg","fifu_image_alt":"International : Le Real pourraient se s\u00e9parer de six joueurs pour Haaland et Mbapp\u00e9","footnotes":""},"categories":[53,75],"tags":[],"class_list":["post-113858","post","type-post","status-publish","format-standard","hentry","category-algerie","category-sport"],"_links":{"self":[{"href":"https:\/\/linitiative.ca\/International\/wp-json\/wp\/v2\/posts\/113858","targetHints":{"allow":["GET"]}}],"collection":[{"href":"https:\/\/linitiative.ca\/International\/wp-json\/wp\/v2\/posts"}],"about":[{"href":"https:\/\/linitiative.ca\/International\/wp-json\/wp\/v2\/types\/post"}],"author":[{"embeddable":true,"href":"https:\/\/linitiative.ca\/International\/wp-json\/wp\/v2\/users\/1738"}],"replies":[{"embeddable":true,"href":"https:\/\/linitiative.ca\/International\/wp-json\/wp\/v2\/comments?post=113858"}],"version-history":[{"count":0,"href":"https:\/\/linitiative.ca\/International\/wp-json\/wp\/v2\/posts\/113858\/revisions"}],"wp:attachment":[{"href":"https:\/\/linitiative.ca\/International\/wp-json\/wp\/v2\/media?parent=113858"}],"wp:term":[{"taxonomy":"category","embeddable":true,"href":"https:\/\/linitiative.ca\/International\/wp-json\/wp\/v2\/categories?post=113858"},{"taxonomy":"post_tag","embeddable":true,"href":"https:\/\/linitiative.ca\/International\/wp-json\/wp\/v2\/tags?post=113858"}],"curies":[{"name":"wp","href":"https:\/\/api.w.org\/{rel}","templated":true}]}}