{"id":113860,"date":"2021-03-28T15:14:32","date_gmt":"2021-03-28T19:14:32","guid":{"rendered":"https:\/\/linitiative.ca\/International\/ligue-1-2-ligue-1-mise-a-jour-le-crb-accroche-par-le-wat-1-1\/"},"modified":"2021-03-28T15:14:32","modified_gmt":"2021-03-28T19:14:32","slug":"ligue-1-2-ligue-1-mise-a-jour-le-crb-accroche-par-le-wat-1-1","status":"publish","type":"post","link":"https:\/\/linitiative.ca\/International\/ligue-1-2-ligue-1-mise-a-jour-le-crb-accroche-par-le-wat-1-1\/","title":{"rendered":"Ligue 1 &amp; 2 : Ligue 1 \u2013 Mise \u00e0 jour : le CRB accroch\u00e9 par le WAT (1-1)"},"content":{"rendered":"<div readability=\"32\">\n<p>Auteur : <span class=\"time\">dimanche 28 mars 2021 16:39<\/span><\/p>\n<\/div>\n<div id=\"post_core\" readability=\"42\">\n<p>Le CR Belouizdad a \u00e9t\u00e9 tenu en \u00e9chec par le WA Tlemcen (1-1), ce dimanche au stade du 20 Ao\u00fbt 1955 (Alger), en match de mise \u00e0 jour de la 13e journ\u00e9e du championnat national de Ligue 1. Le Chabab a \u00e9t\u00e9 le premier \u00e0 prendre l\u2019avantage dans cette partie en ouvrant le score juste avant la pause par l\u2019entremise de Belkhir (43\u2019). De leur c\u00f4t\u00e9, les visiteurs ont attendu le temps additionnel pour planter le but \u00e9galisateur par l\u2019interm\u00e9diaire de A\u00efchi (90+3\u2019). \u00c0 la suite de ce r\u00e9sultat nul, le CRB reste \u00e0 la 10e position avec 26 points et 4 matchs de retard. Les Rouge et Blanc se d\u00e9placement \u00e0 deux reprises, pour donner la r\u00e9plique au NC Magra et au CA Bordj Bou Arreridj, et accueilleront la JS Saoura et l\u2019USM Alger. Pour sa part, le WAT rejoint l\u2019ASO Chlef \u00e0 la 13e position (20 pts) et s\u2019\u00e9loigne quelque peu de la zone de turbulences.<\/p>\n<p><strong>Publi\u00e9 dans :<\/strong> <span>CRB<\/span> <span>WAT<\/span><\/p>\n<\/div>\n<p>Auteur:<br \/>\n<a href=\"http:\/\/www.lebuteur.com\/article\/detail?titre=ligue-1-mise-a-jour-le-crb-accroche-par-le-wat-1-1&#038;id=99538&#038;utm_source=feedburner&#038;utm_medium=feed&#038;utm_campaign=Feed%3A+GalerieFArtciles+%28Les+derniers+articles++-+lebuteur.com%29\">Cliquez ici pour lire l&rsquo;article depuis sa source.<\/a><\/p>\n","protected":false},"excerpt":{"rendered":"<p>Auteur : dimanche 28 mars 2021 16:39 Le CR Belouizdad a \u00e9t\u00e9 tenu en \u00e9chec par le WA Tlemcen (1-1), ce dimanche au stade du 20 Ao\u00fbt 1955 (Alger), en match de mise \u00e0 jour de la 13e journ\u00e9e du championnat national de Ligue 1. Le Chabab a \u00e9t\u00e9 le premier \u00e0 prendre l\u2019avantage dans [&hellip;]<\/p>\n","protected":false},"author":1738,"featured_media":0,"comment_status":"closed","ping_status":"closed","sticky":false,"template":"","format":"standard","meta":{"fifu_image_url":"\/\/cdn.lebuteur.com\/data\/images\/article\/thumbs\/large-mise-a-jour-de-la-13e-journee-crb-0-wat-0-en-cours-429b5.jpg","fifu_image_alt":"Ligue 1 & 2 : Ligue 1 \u2013 Mise \u00e0 jour : le CRB accroch\u00e9 par le WAT (1-1)","footnotes":""},"categories":[53,75],"tags":[],"class_list":["post-113860","post","type-post","status-publish","format-standard","hentry","category-algerie","category-sport"],"_links":{"self":[{"href":"https:\/\/linitiative.ca\/International\/wp-json\/wp\/v2\/posts\/113860","targetHints":{"allow":["GET"]}}],"collection":[{"href":"https:\/\/linitiative.ca\/International\/wp-json\/wp\/v2\/posts"}],"about":[{"href":"https:\/\/linitiative.ca\/International\/wp-json\/wp\/v2\/types\/post"}],"author":[{"embeddable":true,"href":"https:\/\/linitiative.ca\/International\/wp-json\/wp\/v2\/users\/1738"}],"replies":[{"embeddable":true,"href":"https:\/\/linitiative.ca\/International\/wp-json\/wp\/v2\/comments?post=113860"}],"version-history":[{"count":0,"href":"https:\/\/linitiative.ca\/International\/wp-json\/wp\/v2\/posts\/113860\/revisions"}],"wp:attachment":[{"href":"https:\/\/linitiative.ca\/International\/wp-json\/wp\/v2\/media?parent=113860"}],"wp:term":[{"taxonomy":"category","embeddable":true,"href":"https:\/\/linitiative.ca\/International\/wp-json\/wp\/v2\/categories?post=113860"},{"taxonomy":"post_tag","embeddable":true,"href":"https:\/\/linitiative.ca\/International\/wp-json\/wp\/v2\/tags?post=113860"}],"curies":[{"name":"wp","href":"https:\/\/api.w.org\/{rel}","templated":true}]}}