{"id":113861,"date":"2021-03-28T15:14:34","date_gmt":"2021-03-28T19:14:34","guid":{"rendered":"https:\/\/linitiative.ca\/International\/international-edf-benzema-equipe-de-france-la-sortie-insolite-de-deschamps\/"},"modified":"2021-03-28T15:14:34","modified_gmt":"2021-03-28T19:14:34","slug":"international-edf-benzema-equipe-de-france-la-sortie-insolite-de-deschamps","status":"publish","type":"post","link":"https:\/\/linitiative.ca\/International\/international-edf-benzema-equipe-de-france-la-sortie-insolite-de-deschamps\/","title":{"rendered":"International : EdF: Benzema, \u00e9quipe de France\u2026 La sortie insolite de Deschamps !"},"content":{"rendered":"<div readability=\"32\">\n<p>Auteur : <span class=\"time\">dimanche 28 mars 2021 18:06<\/span><\/p>\n<\/div>\n<div id=\"post_core\" readability=\"44\">\n<p>Apr\u00e8s une contreperformance face \u00e0 l\u2019Ukraine (1-1), l\u2019\u00e9quipe de France s\u2019est bien reprise ce dimanche en disposant du Kazakhstan (2-0), sans Karim Benzema. Malgr\u00e9 ses prestations impressionnantes au Real Madrid, le prot\u00e9g\u00e9 de Zinedine Zidane est toujours mis \u00e0 l\u2019\u00e9cart par Didier Deschamps, qui ne l\u2019a plus appel\u00e9 depuis 2015. Alors que le s\u00e9lectionneur tricolore avait \u00e9chapp\u00e9 au sujet cette semaine, un journaliste kazakhstanais n\u2019a pas h\u00e9sit\u00e9 \u00e0 l\u2019interpeller sur l\u2019attaquant fran\u00e7ais. En conf\u00e9rence de presse, un journaliste kazakhstanais a en effet os\u00e9 interroger Didier Deschamps sur l\u2019absence de Karim Benzema, de quoi surprendre le s\u00e9lectionneur. \u00ab Oh non ! M\u00eame ici ! Allez, on restera sur les autres questions, a r\u00e9agi avec un \u00e9clat de rire Deschamps. Il y en a un qui vous l\u2019a souffl\u00e9e ! C\u2019est un journaliste fran\u00e7ais qui vous a souffl\u00e9 la question ! \u00bb Cela n\u2019a pas emp\u00each\u00e9 l\u2019entra\u00eeneur de prendre plusieurs photos dans la foul\u00e9e avec les journalistes locaux pr\u00e9sents dans la salle rapporte Le 10 Sport.<\/p>\n<p><strong>Publi\u00e9 dans :<\/strong> <span>benzema<\/span><\/p>\n<\/div>\n<p>Auteur:<br \/>\n<a href=\"http:\/\/www.lebuteur.com\/article\/detail?titre=edf-benzema-equipe-de-france%E2%80%A6-la-sortie-insolite-de-deschamps&#038;id=99539&#038;utm_source=feedburner&#038;utm_medium=feed&#038;utm_campaign=Feed%3A+GalerieFArtciles+%28Les+derniers+articles++-+lebuteur.com%29\">Cliquez ici pour lire l&rsquo;article depuis sa source.<\/a><\/p>\n","protected":false},"excerpt":{"rendered":"<p>Auteur : dimanche 28 mars 2021 18:06 Apr\u00e8s une contreperformance face \u00e0 l\u2019Ukraine (1-1), l\u2019\u00e9quipe de France s\u2019est bien reprise ce dimanche en disposant du Kazakhstan (2-0), sans Karim Benzema. Malgr\u00e9 ses prestations impressionnantes au Real Madrid, le prot\u00e9g\u00e9 de Zinedine Zidane est toujours mis \u00e0 l\u2019\u00e9cart par Didier Deschamps, qui ne l\u2019a plus appel\u00e9 [&hellip;]<\/p>\n","protected":false},"author":1738,"featured_media":0,"comment_status":"closed","ping_status":"closed","sticky":false,"template":"","format":"standard","meta":{"fifu_image_url":"\/\/cdn.lebuteur.com\/data\/images\/article\/thumbs\/large-edf-benzema-equipe-de-france\u2026-la-sortie-insolite-de-deschamps-ed0b9.jpg","fifu_image_alt":"International : EdF: Benzema, \u00e9quipe de France\u2026 La sortie insolite de Deschamps !","footnotes":""},"categories":[53,75],"tags":[],"class_list":["post-113861","post","type-post","status-publish","format-standard","hentry","category-algerie","category-sport"],"_links":{"self":[{"href":"https:\/\/linitiative.ca\/International\/wp-json\/wp\/v2\/posts\/113861","targetHints":{"allow":["GET"]}}],"collection":[{"href":"https:\/\/linitiative.ca\/International\/wp-json\/wp\/v2\/posts"}],"about":[{"href":"https:\/\/linitiative.ca\/International\/wp-json\/wp\/v2\/types\/post"}],"author":[{"embeddable":true,"href":"https:\/\/linitiative.ca\/International\/wp-json\/wp\/v2\/users\/1738"}],"replies":[{"embeddable":true,"href":"https:\/\/linitiative.ca\/International\/wp-json\/wp\/v2\/comments?post=113861"}],"version-history":[{"count":0,"href":"https:\/\/linitiative.ca\/International\/wp-json\/wp\/v2\/posts\/113861\/revisions"}],"wp:attachment":[{"href":"https:\/\/linitiative.ca\/International\/wp-json\/wp\/v2\/media?parent=113861"}],"wp:term":[{"taxonomy":"category","embeddable":true,"href":"https:\/\/linitiative.ca\/International\/wp-json\/wp\/v2\/categories?post=113861"},{"taxonomy":"post_tag","embeddable":true,"href":"https:\/\/linitiative.ca\/International\/wp-json\/wp\/v2\/tags?post=113861"}],"curies":[{"name":"wp","href":"https:\/\/api.w.org\/{rel}","templated":true}]}}