{"id":113863,"date":"2021-03-28T06:10:33","date_gmt":"2021-03-28T10:10:33","guid":{"rendered":"https:\/\/linitiative.ca\/International\/pr-kamel-djenouhat-president-de-la-societe-algerienne-dimmunologie-et-chef-de-service-a-lhopital-de-rouiba-on-ne-connait-pas-encore-la-duree-de-limmunite-acquise\/"},"modified":"2021-03-28T06:10:33","modified_gmt":"2021-03-28T10:10:33","slug":"pr-kamel-djenouhat-president-de-la-societe-algerienne-dimmunologie-et-chef-de-service-a-lhopital-de-rouiba-on-ne-connait-pas-encore-la-duree-de-limmunite-acquise","status":"publish","type":"post","link":"https:\/\/linitiative.ca\/International\/pr-kamel-djenouhat-president-de-la-societe-algerienne-dimmunologie-et-chef-de-service-a-lhopital-de-rouiba-on-ne-connait-pas-encore-la-duree-de-limmunite-acquise\/","title":{"rendered":"Pr Kamel Djenouhat. pr\u00e9sident de la Soci\u00e9t\u00e9 alg\u00e9rienne d\u2019immunologie et chef de service  \u00e0 l\u2019h\u00f4pital de Rouiba : \u00abOn ne conna\u00eet pas encore la dur\u00e9e de l\u2019immunit\u00e9 acquise\u00bb"},"content":{"rendered":"<h4 class=\"title-14\"\/>\n<div class=\"featured_image\"><img loading=\"lazy\" decoding=\"async\" width=\"431\" height=\"410\" src=\"https:\/\/www.elwatan.com\/wp-content\/uploads\/2021\/03\/Kamel-Djenouhat.gif\" class=\"attachment-post-thumbnail size-post-thumbnail wp-post-image\" alt=\"\"\/> <span class=\"featured-image-caption\">Le Pr Kamel Djenouhat &#8211; Photo : D. R.<\/span><\/div>\n<p class=\"p1\"><span class=\"s1\"><strong><em>Le P<sup>r<\/sup> Kamel Djenouhat, chef de service \u00e0 l\u2019h\u00f4pital de Rouiba et pr\u00e9sident de la Soci\u00e9t\u00e9 alg\u00e9rienne d\u2019immunologie, revient dans cet entretien sur le principe de l\u2019immunit\u00e9 collective, suite aux r\u00e9sultats de l\u2019\u00e9tude r\u00e9alis\u00e9e \u00e0 l\u2019h\u00f4pital de Rouiba, et met en garde contre le rel\u00e2chement vis-\u00e0-vis des mesures barri\u00e8res. Le P<sup>r<\/sup> Djenouhat n\u2019\u00e9carte pas une troisi\u00e8me vague, puisque l\u2019immunit\u00e9 acquise contre l\u2019ancien variant ne serait pas efficace contre les nouveaux.<\/em><\/strong><\/span><\/p>\n<ul>\n<li class=\"p3\"><em><strong><span class=\"s1\">Les r\u00e9sultats pr\u00e9liminaires d\u2019une \u00e9tude que vous avez initi\u00e9e ont montr\u00e9 que 50% de la population ont contract\u00e9 la Covid-19, ce qui expliquerait, selon vous, la d\u00e9crue du nombre de cas d\u2019infection. Avez-vous des r\u00e9sultats suppl\u00e9mentaires\u00a0?<\/span><\/strong><\/em><\/li>\n<\/ul>\n<p class=\"p3\"><span class=\"s1\">Effectivement, c\u2019est ce qu\u2019on a communiqu\u00e9 par rapport aux r\u00e9sultats pr\u00e9liminaires de notre \u00e9tude. Mais il faut juste savoir faire la diff\u00e9rence entre 50% de la population \u00e9tudi\u00e9e, qui est compos\u00e9e d\u2019environ 1000 donneurs de sang, et 50% de la population alg\u00e9rienne, chose qui m\u2019a \u00e9tonn\u00e9 en la lisant, et pourtant l\u2019enregistrement de l\u2019interview est toujours disponible sur le site de la radio de S\u00e9tif.<\/span><\/p>\n<p class=\"p3\"><span class=\"s1\">Nous sommes en train d\u2019\u00e9largir l\u2019effectif pour toucher d\u2019autres cat\u00e9gories de la population, et plus particuli\u00e8rement quelques entreprises de la zone industrielle de Rouiba. Les r\u00e9sultats ne sont pas tr\u00e8s loin de ceux relatifs aux donneurs de sang.<\/span><\/p>\n<ul>\n<li class=\"p3\"><em><strong><span class=\"s1\">La th\u00e8se de l\u2019immunit\u00e9 collective, que vous avez avanc\u00e9e en tant que donn\u00e9e scientifique, a \u00e9t\u00e9 largement relay\u00e9e par les sites \u00e9lectroniques et a eu un effet plut\u00f4t n\u00e9gatif sur le comportement de la population vis-\u00e0-vis des gestes barri\u00e8res. Quel est votre commentaire\u00a0?<\/span><\/strong><\/em><\/li>\n<\/ul>\n<p class=\"p3\"><span class=\"s1\">Afin de mieux cerner la probl\u00e9matique, je fais une analyse scientifique de notre travail. Le premier point, il s\u2019agit d\u2019une \u00e9tude monocentrique, m\u00eame si les participants \u00e0 cette \u00e9tude ne r\u00e9sident pas uniquement \u00e0 Rouiba, on doit s\u2019attendre \u00e0 avoir d\u2019autres r\u00e9sultats des autres r\u00e9gions de l\u2019est, l\u2019ouest et le sud du pays, pour avoir une meilleure visibilit\u00e9 du niveau de l\u2019immunit\u00e9 collective \u00e0 l\u2019\u00e9chelle nationale.<\/span><\/p>\n<p class=\"p3\"><span class=\"s1\">Le second point, qui reste \u00e0 mon humble avis crucial, et comme vous le savez bien, on ne trouve pas parmi les donneurs de sang des sujets ayant des pathologies chroniques ou \u00e2g\u00e9es de plus de 60 ans.<\/span><\/p>\n<p class=\"p3\"><span class=\"s1\">Or, cette fraction de la population constitue la cat\u00e9gorie la plus vuln\u00e9rable \u00e0 faire des formes s\u00e9v\u00e8res de l\u2019infection Covid-19 et reste \u00e9galement tr\u00e8s expos\u00e9e au d\u00e9c\u00e8s par cette maladie.<\/span><\/p>\n<p class=\"p3\"><span class=\"s1\">Donc, on n\u2019a pas le droit d\u2019extrapoler ce qu\u2019on a trouv\u00e9 sur cette cat\u00e9gorie, qui par peur, comme tout le monde le sait, est rest\u00e9e la plus pr\u00e9serv\u00e9e durant cette pand\u00e9mie.<\/span><\/p>\n<p class=\"p3\"><span class=\"s1\">Enfin, m\u00eame si la situation n\u2019est pas tr\u00e8s inqui\u00e9tante, Dieu merci, nous avons d\u00e9clar\u00e9 \u00e0 maintes reprises qu\u2019on doit pr\u00e9server ces acquis, qui sont le fruit d\u2019un combat de longue haleine durant l\u2019ann\u00e9e 2020, par le maintien des mesures barri\u00e8res et plus particuli\u00e8rement le port du masque et l\u2019adh\u00e9sion massive de la population \u00e0 la campagne vaccinale, si on veut vraiment esp\u00e9rer un meilleur futur.<\/span><\/p>\n<ul>\n<li class=\"p3\"><em><strong><span class=\"s1\">Les variants britannique et nig\u00e9rian se propagent \u00e0 travers le pays et inqui\u00e8tent les sp\u00e9cialistes. Ne doit-on pas appr\u00e9hender un rebond de l\u2019\u00e9pid\u00e9mie\u00a0?<\/span><\/strong><\/em><\/li>\n<\/ul>\n<p class=\"p3\"><span class=\"s1\">A ce jour, m\u00eame si le nombre de nouveaux cas de ces variants reste relativement ma\u00eetris\u00e9, puisqu\u2019on est toujours dans la situation de cas sporadiques et non pas de cluster, la vigilance reste de mise pour les deux principales raisons suivantes\u00a0: on ne conna\u00eet pas encore avec certitude la dur\u00e9e de l\u2019immunit\u00e9 acquise suite \u00e0 une infection Covid-19.<\/span><\/p>\n<p class=\"p3\"><span class=\"s1\">Par contre, il y a des \u00e9tudes r\u00e9centes qui ont prouv\u00e9 l\u2019inefficacit\u00e9 de l\u2019immunit\u00e9 acquise contre l\u2019ancien variant pour pr\u00e9venir les r\u00e9infections, c\u2019est d\u2019ailleurs le cas constat\u00e9 au Br\u00e9sil, o\u00f9 une \u00e9tude de s\u00e9ropr\u00e9valence en octobre 2020, dans la ville de Manaus, a montr\u00e9 que 70% de la population \u00e9taient immunis\u00e9s, alors qu\u2019ils ont vu la troisi\u00e8me vague tr\u00e8s violente arriver au mois de janvier 2021.<\/span><\/p>\n<p class=\"p3\"><span class=\"s1\">Donc, on est toujours devant un inconnu et nous continuons \u00e0 apprendre du jour en jour. Une chose est rest\u00e9e inchang\u00e9e depuis le d\u00e9but de la pand\u00e9mie, c\u2019est que les mesures barri\u00e8res prot\u00e8gent contre la propagation du virus.<\/span><\/p>\n<p class=\"p3 c4\"><em><strong><span class=\"s1\">Djamila kourta<\/span><\/strong><\/em><\/p>\n<p><span class=\"post-views-label\">Post Views:<\/span> <span class=\"post-views-count\">1\u00a0199<\/span><\/p>\n<p><br class=\"c2\"\/><\/p>\n<div class=\"ichhar-moneytagnative c5\" id=\"ichhar-1515112902\">\n<p>Advertisements<\/p>\n<\/div>\n<p><br class=\"c2\"\/><br \/>\n<br class=\"c6\"\/><\/p>\n<p>Auteur: Anis Khecheba<br \/>\n<a href=\"https:\/\/www.elwatan.com\/edition\/actualite\/on-ne-connait-pas-encore-la-duree-de-limmunite-acquise-28-03-2021\">Cliquez ici pour lire l&rsquo;article depuis sa source.<\/a><\/p>\n","protected":false},"excerpt":{"rendered":"<p>Le Pr Kamel Djenouhat &#8211; Photo : D. R. Le Pr Kamel Djenouhat, chef de service \u00e0 l\u2019h\u00f4pital de Rouiba et pr\u00e9sident de la Soci\u00e9t\u00e9 alg\u00e9rienne d\u2019immunologie, revient dans cet entretien sur le principe de l\u2019immunit\u00e9 collective, suite aux r\u00e9sultats de l\u2019\u00e9tude r\u00e9alis\u00e9e \u00e0 l\u2019h\u00f4pital de Rouiba, et met en garde contre le rel\u00e2chement vis-\u00e0-vis [&hellip;]<\/p>\n","protected":false},"author":1743,"featured_media":0,"comment_status":"closed","ping_status":"closed","sticky":false,"template":"","format":"standard","meta":{"fifu_image_url":"https:\/\/www.elwatan.com\/wp-content\/uploads\/2021\/03\/Kamel-Djenouhat.gif","fifu_image_alt":"Pr Kamel Djenouhat. pr\u00e9sident de la Soci\u00e9t\u00e9 alg\u00e9rienne d\u2019immunologie et chef de service  \u00e0 l\u2019h\u00f4pital de Rouiba : \u00abOn ne conna\u00eet pas encore la dur\u00e9e de l\u2019immunit\u00e9 acquise\u00bb","footnotes":""},"categories":[73,53],"tags":[],"class_list":["post-113863","post","type-post","status-publish","format-standard","hentry","category-actualite","category-algerie"],"_links":{"self":[{"href":"https:\/\/linitiative.ca\/International\/wp-json\/wp\/v2\/posts\/113863","targetHints":{"allow":["GET"]}}],"collection":[{"href":"https:\/\/linitiative.ca\/International\/wp-json\/wp\/v2\/posts"}],"about":[{"href":"https:\/\/linitiative.ca\/International\/wp-json\/wp\/v2\/types\/post"}],"author":[{"embeddable":true,"href":"https:\/\/linitiative.ca\/International\/wp-json\/wp\/v2\/users\/1743"}],"replies":[{"embeddable":true,"href":"https:\/\/linitiative.ca\/International\/wp-json\/wp\/v2\/comments?post=113863"}],"version-history":[{"count":0,"href":"https:\/\/linitiative.ca\/International\/wp-json\/wp\/v2\/posts\/113863\/revisions"}],"wp:attachment":[{"href":"https:\/\/linitiative.ca\/International\/wp-json\/wp\/v2\/media?parent=113863"}],"wp:term":[{"taxonomy":"category","embeddable":true,"href":"https:\/\/linitiative.ca\/International\/wp-json\/wp\/v2\/categories?post=113863"},{"taxonomy":"post_tag","embeddable":true,"href":"https:\/\/linitiative.ca\/International\/wp-json\/wp\/v2\/tags?post=113863"}],"curies":[{"name":"wp","href":"https:\/\/api.w.org\/{rel}","templated":true}]}}