{"id":113865,"date":"2021-03-28T09:32:32","date_gmt":"2021-03-28T13:32:32","guid":{"rendered":"https:\/\/linitiative.ca\/International\/memory-kelthoum-de-la-metteuse-en-scene-tounes-ait-ali-la-diva-revient-au-theatre-ce-soir\/"},"modified":"2021-03-28T09:32:32","modified_gmt":"2021-03-28T13:32:32","slug":"memory-kelthoum-de-la-metteuse-en-scene-tounes-ait-ali-la-diva-revient-au-theatre-ce-soir","status":"publish","type":"post","link":"https:\/\/linitiative.ca\/International\/memory-kelthoum-de-la-metteuse-en-scene-tounes-ait-ali-la-diva-revient-au-theatre-ce-soir\/","title":{"rendered":"\u00abMemory-Kelthoum\u00bb de la metteuse\u00a0en sc\u00e8ne\u00a0Toun\u00e8s A\u00eft-Ali\u00a0: La diva revient au th\u00e9\u00e2tre ce soir"},"content":{"rendered":"<h4 class=\"title-14\"\/>\n<div class=\"featured_image\"><img loading=\"lazy\" decoding=\"async\" width=\"512\" height=\"256\" src=\"https:\/\/www.elwatan.com\/wp-content\/uploads\/2021\/03\/MEMORY-KELTOUM1.jpg\" class=\"attachment-post-thumbnail size-post-thumbnail wp-post-image\" alt=\"\u00abMemory-Kelthoum\u00bb de la metteuse\u00a0en sc\u00e8ne\u00a0Toun\u00e8s A\u00eft-Ali\" srcset=\"https:\/\/www.elwatan.com\/wp-content\/uploads\/2021\/03\/MEMORY-KELTOUM1.jpg 512w, https:\/\/www.elwatan.com\/wp-content\/uploads\/2021\/03\/MEMORY-KELTOUM1-300x150.jpg 300w\" sizes=\"auto, (max-width: 512px) 100vw, 512px\"\/><\/div>\n<p class=\"p4\"><strong>A l\u2019occasion de<span class=\"Apple-converted-space\">\u00a0<\/span>la Journ\u00e9e internationale du<span class=\"Apple-converted-space\">\u00a0<\/span>Th\u00e9\u00e2tre, et<span class=\"Apple-converted-space\">\u00a0<\/span>en<span class=\"Apple-converted-space\">\u00a0<\/span>hommage<span class=\"Apple-converted-space\">\u00a0<\/span>\u00e0<span class=\"Apple-converted-space\">\u00a0<\/span>la<span class=\"Apple-converted-space\">\u00a0<\/span>grande<span class=\"Apple-converted-space\">\u00a0<\/span>dame<span class=\"Apple-converted-space\">\u00a0<\/span>du<span class=\"Apple-converted-space\">\u00a0<\/span>th\u00e9\u00e2tre<span class=\"Apple-converted-space\">\u00a0<\/span> alg\u00e9rien, Kelthoum, la pi\u00e8ce th\u00e9\u00e2trale \u00ab\u00a0<em>Memory-Kelthoum<\/em>\u00ab\u00a0, mise en sc\u00e8ne par Tounes A\u00eft-Ali, \u00e9tait \u00e0 l\u2019affiche, samedi soir, au Th\u00e9\u00e2tre national alg\u00e9rien,\u00a0\u00e0 Alger.\u00a0<\/strong><\/p>\n<p class=\"p4\">\u00ab\u00a0Memory-Kelthoum\u00bb dont la metteuse<span class=\"Apple-converted-space\">\u00a0<\/span>en sc\u00e8ne est Toun\u00e8s A\u00eft-Ali-qui n\u2019est plus \u00e0 pr\u00e9senter ( <span class=\"s1\"><em>La Chambre jaune, L\u2019Attente des femmes, le Michoir, Sekta<\/em>, ou encore <em>Boussadia Sound<\/em>\u2026)- est<span class=\"Apple-converted-space\">\u00a0<\/span>\u00e9crite<span class=\"Apple-converted-space\">\u00a0<\/span>par<span class=\"Apple-converted-space\">\u00a0<\/span><\/span>Djamila Mustapha-Zega\u00ef<span class=\"Apple-converted-space\">\u00a0<\/span>et<span class=\"Apple-converted-space\">\u00a0<\/span>produite<span class=\"Apple-converted-space\">\u00a0<\/span>par<span class=\"Apple-converted-space\">\u00a0<\/span>la coop\u00e9rative artistique<span class=\"Apple-converted-space\">\u00a0<\/span>du<span class=\"Apple-converted-space\">\u00a0<\/span>th\u00e9\u00e2tre \u00ab\u00a0Port-Sa\u00efd\u00a0\u00bb (avec le soutien du TNA). Ainsi, l\u2019ange de<span class=\"Apple-converted-space\">\u00a0<\/span>Kelthoum (1916-2010)<span class=\"Apple-converted-space\">\u00a0<\/span>a<span class=\"Apple-converted-space\">\u00a0<\/span>fait r\u00e9sonner<span class=\"Apple-converted-space\">\u00a0<\/span>et<span class=\"Apple-converted-space\">\u00a0<\/span>vibrer<span class=\"Apple-converted-space\">\u00a0<\/span> les planches de<span class=\"Apple-converted-space\">\u00a0<\/span> la salle Mustapha-Kateb du TNA. C\u2019est un huis-clos, intimiste et feutr\u00e9 o\u00f9 Kelthoum, la diva<span class=\"Apple-converted-space\">\u00a0<\/span> du<span class=\"Apple-converted-space\">\u00a0<\/span> th\u00e9\u00e2tre<span class=\"Apple-converted-space\">\u00a0<\/span>et<span class=\"Apple-converted-space\">\u00a0<\/span>son valet, son \u00ab\u00a0nounou\u00a0\u00bb se donnent la r\u00e9plique. Elle jette un coup d\u2019\u0153il sur le r\u00e9troviseur de sa vie, sa carri\u00e8re et lui, \u00e9crit et d\u00e9crit les grandes dates de sa vie. Ses souvenirs, douloureux, tristes ou jubilatoires. Et ce, entre \u00e9changes enflamm\u00e9s, percutants, confidences, tranches de vie\u2026<\/p>\n<p class=\"p4\">Une conversation outre-tombe<span class=\"Apple-converted-space\">\u00a0<\/span>tr\u00e8s vivante et hilarante. Ressuscitant Lili Boniche et<span class=\"Apple-converted-space\">\u00a0<\/span>son \u00ab\u00a0Alger, Alger\u00a0\u00bb, Dahmane El Harrachi, El Hachemi Guerrouabi\u2026 Un flash-back nostalgique, subtil de Toun\u00e8s A\u00eft-Ali, r\u00e9v\u00e9lant les non-dits<span class=\"Apple-converted-space\">\u00a0<\/span> de<span class=\"Apple-converted-space\">\u00a0<\/span> Kelthoum,<span class=\"Apple-converted-space\">\u00a0<\/span>de<span class=\"Apple-converted-space\">\u00a0<\/span>sa<span class=\"Apple-converted-space\">\u00a0<\/span>personnalit\u00e9, son<span class=\"Apple-converted-space\">\u00a0<\/span>personnage entier<span class=\"Apple-converted-space\">\u00a0<\/span> pas du tout \u00ab\u00a0fake\u00a0\u00bb.<span class=\"Apple-converted-space\">\u00a0<\/span>Une \u00e9vocation o\u00f9 Kelthoum<span class=\"Apple-converted-space\">\u00a0<\/span>se rem\u00e9more<span class=\"Apple-converted-space\">\u00a0<\/span> Mahieddine<span class=\"Apple-converted-space\">\u00a0<\/span>Bachtarzi, son \u00ab\u00a0d\u00e9couvreur\u00a0 et<span class=\"Apple-converted-space\">\u00a0<\/span> protecteur\u00a0\u00bb, Abdelhalim Ra\u00efs, un grand homme de th\u00e9\u00e2tre<span class=\"Apple-converted-space\">\u00a0<\/span> (cin\u00e9ma), son r\u00f4le crevant l\u2019\u00e9cran dans<span class=\"Apple-converted-space\">\u00a0<\/span>le mythique <span class=\"s1\">Le Vent des Aur\u00e8s\u00a0(1966) de\u00a0Mohammed Lakhdar-Hamina, son mariage pr\u00e9coce, \u00e0 18 ans, sa fiert\u00e9 d\u2019exhiber<span class=\"Apple-converted-space\">\u00a0<\/span>l\u2019embl\u00e8me national en France, son refus d\u2019incarner \u00ab\u00a0la fatma\u00a0\u00bb, la vassale\u2026 Tounes A\u00eft Ali a su arracher ce cri de douleur muette qui hantait Kelthoum<span class=\"Apple-converted-space\">\u00a0<\/span>et<span class=\"Apple-converted-space\">\u00a0<\/span> c\u2019\u00e9tait tr\u00e8s \u00e9mouvant. Ce soliloque s\u2019adressant \u00e0 sa m\u00e8re\u00a0: \u00ab\u00a0<em>Je ne danse pas, je n\u2019aguiche pas avec mes hanches, je fais un m\u00e9tier noble et honorable, le th\u00e9\u00e2tre\u2026 Acceptez-moi comme je suis\u00a0! Ma m\u00e8re m\u2019a chass\u00e9e du domicile familial\u2026\u00a0<\/em>\u00bb. <\/span><\/p>\n<p class=\"p6\">C\u2019\u00e9tait difficile, dur et \u00e2pre, dans les ann\u00e9es 1950, d\u2019\u00eatre une femme et de surcro\u00eet,<span class=\"Apple-converted-space\">\u00a0<\/span>artiste. <strong>\u00ab<\/strong><em>La famille c\u2019est le fardeau le plus lourd \u00e0 porter. Si tu perds la famille, tu perds tous les rep\u00e8res. Comme elle le dit dans la pi\u00e8ce, o\u00f9 elle fait le choix douloureux d\u2019\u00eatre artiste, en le proclamant : \u2018\u2018Je ne suis plus Z\u2019hor, je suis d\u00e9sormais Kelthoum (l\u2019artiste).\u2019\u2019 Pour moi, c\u2019est un combat \u00e9norme\u2026\u00bb.<\/em> Saluera Tounes A\u00ef-Ali<strong><span class=\"Apple-converted-space\">\u00a0<\/span><\/strong>la<span class=\"Apple-converted-space\">\u00a0<\/span>m\u00e9moire de<span class=\"Apple-converted-space\">\u00a0<\/span>Kelthoum<strong>.<\/strong><\/p>\n<p class=\"p6\">A propos de l\u2019id\u00e9e du projet de la pi\u00e8ce Memory-Keltoum, Tounes rebondira : \u00ab<em>Je vous le dis sinc\u00e8rement, j\u2019ai vu en France le spectacle de Sarah Bernhardt qui se joue depuis 5O ans, c\u2019est toujours le m\u00eame, mais il n\u2019y a que la com\u00e9dienne qui change. Cela s\u2019appelle<\/em> Ma double vie : m\u00e9moires de Sarah Bernhardt<em>\u2026 Bon, le CV de Sarah Bernhardt et celui de Kelhtoum diff\u00e8rent\u2026 J\u2019ai trouv\u00e9 cela \u00e9norme\u2026\u00bb<\/em>.<\/p>\n<p class=\"p6\">Aussi, Tounes s\u2019est-elle interrog\u00e9e : pourquoi ne parle-t-on pas de nos piliers du th\u00e9\u00e2tre de cette mani\u00e8re ? En voyant <em>Ma double vie : m\u00e9moires de Sarah Bernhardt<\/em> au th\u00e9\u00e2tre o\u00f9 elle d\u00e9couvre le personnage (de Sarah Bernhardt) jouant avec sa nounou (nourrice). Tounes fut tellement \u00e9mue et touch\u00e9e par l\u2019histoire de Sarah Bernhardt, qu\u2019elle voulait camper ce r\u00f4le. Et elle le jouera en France. Une nouvelle adaptation au th\u00e9\u00e2tre de l\u2019Od\u00e9on, \u00e0 Paris.<\/p>\n<p class=\"p6\">Parce qu\u2019elle \u00e9tait tomb\u00e9e amoureuse du texte, de la th\u00e9matique. Car elle aime l\u2019\u00e9criture sc\u00e9nique. Une id\u00e9e avait germ\u00e9. Un projet se profilait. Alors, elle a d\u00e9voil\u00e9 l\u2019id\u00e9e \u00e0 son amie Zega\u00ef-ayant offici\u00e9 ensemble d\u00e9j\u00e0-qui \u00e9crivait et comprenait son travail en lui remettant le livre <em>Ma double vie : m\u00e9moires de Sarah Bernhardt<\/em> pour une \u00e9ventuelle adaptation cal\u00e9e sur le personnage de Kelthoum, la diva du th\u00e9\u00e2tre. Il y eut plusieurs \u00e9critures, et puis la sienne. Une r\u00e9\u00e9criture \u00e0 sa mani\u00e8re, sc\u00e9nique. \u00abMemory-Kelthoum\u00bb devrait tourner \u00e0 travers les salles et les th\u00e9\u00e2tres r\u00e9gionaux. A bon entendeur\u00a0!<\/p>\n<p><span class=\"post-views-label\">Post Views:<\/span> <span class=\"post-views-count\">115<\/span><\/p>\n<p><br class=\"c2\"\/><\/p>\n<div class=\"ichhar-moneytagnative c4\" id=\"ichhar-1615420427\">\n<p>Advertisements<\/p>\n<\/div>\n<p><br class=\"c2\"\/><br \/>\n<br class=\"c5\"\/><\/p>\n<p>Auteur: Mohand Yahiaoui<br \/>\n<a href=\"https:\/\/www.elwatan.com\/edition\/culture\/memory-kelthoum-de-la-metteuse-en-scene-tounes-ait-ali-la-diva-revient-au-theatre-ce-soir-28-03-2021\">Cliquez ici pour lire l&rsquo;article depuis sa source.<\/a><\/p>\n","protected":false},"excerpt":{"rendered":"<p>A l\u2019occasion de\u00a0la Journ\u00e9e internationale du\u00a0Th\u00e9\u00e2tre, et\u00a0en\u00a0hommage\u00a0\u00e0\u00a0la\u00a0grande\u00a0dame\u00a0du\u00a0th\u00e9\u00e2tre\u00a0 alg\u00e9rien, Kelthoum, la pi\u00e8ce th\u00e9\u00e2trale \u00ab\u00a0Memory-Kelthoum\u00ab\u00a0, mise en sc\u00e8ne par Tounes A\u00eft-Ali, \u00e9tait \u00e0 l\u2019affiche, samedi soir, au Th\u00e9\u00e2tre national alg\u00e9rien,\u00a0\u00e0 Alger.\u00a0 \u00ab\u00a0Memory-Kelthoum\u00bb dont la metteuse\u00a0en sc\u00e8ne est Toun\u00e8s A\u00eft-Ali-qui n\u2019est plus \u00e0 pr\u00e9senter ( La Chambre jaune, L\u2019Attente des femmes, le Michoir, Sekta, ou encore Boussadia Sound\u2026)- [&hellip;]<\/p>\n","protected":false},"author":1743,"featured_media":0,"comment_status":"closed","ping_status":"closed","sticky":false,"template":"","format":"standard","meta":{"fifu_image_url":"https:\/\/www.elwatan.com\/wp-content\/uploads\/2021\/03\/MEMORY-KELTOUM1.jpg","fifu_image_alt":"\u00abMemory-Kelthoum\u00bb de la metteuse\u00a0en sc\u00e8ne\u00a0Toun\u00e8s A\u00eft-Ali\u00a0: La diva revient au th\u00e9\u00e2tre ce soir","footnotes":""},"categories":[73,53],"tags":[],"class_list":["post-113865","post","type-post","status-publish","format-standard","hentry","category-actualite","category-algerie"],"_links":{"self":[{"href":"https:\/\/linitiative.ca\/International\/wp-json\/wp\/v2\/posts\/113865","targetHints":{"allow":["GET"]}}],"collection":[{"href":"https:\/\/linitiative.ca\/International\/wp-json\/wp\/v2\/posts"}],"about":[{"href":"https:\/\/linitiative.ca\/International\/wp-json\/wp\/v2\/types\/post"}],"author":[{"embeddable":true,"href":"https:\/\/linitiative.ca\/International\/wp-json\/wp\/v2\/users\/1743"}],"replies":[{"embeddable":true,"href":"https:\/\/linitiative.ca\/International\/wp-json\/wp\/v2\/comments?post=113865"}],"version-history":[{"count":0,"href":"https:\/\/linitiative.ca\/International\/wp-json\/wp\/v2\/posts\/113865\/revisions"}],"wp:attachment":[{"href":"https:\/\/linitiative.ca\/International\/wp-json\/wp\/v2\/media?parent=113865"}],"wp:term":[{"taxonomy":"category","embeddable":true,"href":"https:\/\/linitiative.ca\/International\/wp-json\/wp\/v2\/categories?post=113865"},{"taxonomy":"post_tag","embeddable":true,"href":"https:\/\/linitiative.ca\/International\/wp-json\/wp\/v2\/tags?post=113865"}],"curies":[{"name":"wp","href":"https:\/\/api.w.org\/{rel}","templated":true}]}}