{"id":113867,"date":"2021-03-28T12:48:00","date_gmt":"2021-03-28T16:48:00","guid":{"rendered":"https:\/\/linitiative.ca\/International\/dans-une-epoque-de-corruption-labsence-et-lexces-sont-egalement-dangereux\/"},"modified":"2021-03-28T12:48:00","modified_gmt":"2021-03-28T16:48:00","slug":"dans-une-epoque-de-corruption-labsence-et-lexces-sont-egalement-dangereux","status":"publish","type":"post","link":"https:\/\/linitiative.ca\/International\/dans-une-epoque-de-corruption-labsence-et-lexces-sont-egalement-dangereux\/","title":{"rendered":"Dans une \u00e9poque de corruption, l\u2019absence et l\u2019exc\u00e8s sont \u00e9galement dangereux"},"content":{"rendered":"<p class=\"c3\"><span class=\"c2\"><em><strong><img decoding=\"async\" src=\"\/uploads\/FCK_files\/Monji-Ben-Ra\u00efes(1).jpg\" alt=\"\" width=\"20%\" vspace=\"5\" hspace=\"5\" align=\"left\"\/>Par Monji Ben Raies &#8211;<\/strong><\/em><\/span> La nuit tombe, l\u2019espace s\u2019efface, le temps s\u2019\u00e9paissit ou se distend. Face aux diff\u00e9rents registres de l\u2019avenir, face \u00e0 ces heures fig\u00e9es dans l\u2019\u00e9ternit\u00e9 et les pendules en mouvement, il n\u2019y a que l\u2019angoisse, la lassitude, le courage et l\u2019espoir. C\u2019est aussi l\u2019\u00e9poque du d\u00e9doublement, de l\u2019angoisse et du d\u00e9cha\u00eenement qui se d\u00e9ploient dans la p\u00e9nombre nuiteuse. Le d\u00e9roulement nocturne est un temps limit\u00e9 qui am\u00e8ne un lendemain que l\u2019on esp\u00e8re meilleur par un effet de pacification. L\u2019intensit\u00e9 de la charge \u00e9motive exprim\u00e9e est li\u00e9e \u00e0 ce que ces moments d\u00e9rivent ordinairement des t\u00e2ches parentales. Heureusement, depuis toujours la musicalit\u00e9 des mots comme leur m\u00e9lodie, sont des aides pr\u00e9cieuses dans ces moments de transition o\u00f9 il faut accepter de s\u2019abandonner.<\/p>\n<p class=\"c3\">Apaiser au moment o\u00f9 il faut quitter la s\u00e9curit\u00e9 d\u2019un environnement connu et s\u2019enfoncer dans l\u2019inconnu. Balancement des mots qui se r\u00e9p\u00e8tent dans la pens\u00e9e, succession d\u2019images qui jouent entre couleurs et noir et blanc. Invitation donc \u00e0 aborder ce moment difficile paisiblement sous un \u00e9clairage en un clair-obscur. De cette lumi\u00e8re att\u00e9nu\u00e9e na\u00eet une s\u00e9r\u00e9nit\u00e9 qu\u2019accompagne une suite renouvel\u00e9e de ces paroles qui racontent les endormissements ; la Nation peut alors se laisser gagner par le sommeil r\u00e9parateur en toute s\u00e9curit\u00e9. Il est difficile de trouver les mots dans ce genre de situation. Ceux qui me viennent sont plein de rage ou de tristesse, ou tr\u00e8s dur je l\u2019avoue, mais je sais qu\u2019ils ne nous aideront pas. J\u2019ai de la peine au c\u0153ur et je suis d\u00e9sol\u00e9 que notre pays ait \u00e0 traverser de telles \u00e9preuves. Quand cela arrive on r\u00e9alise \u00e0 quel point on a peur de l\u2019avenir, \u00e0 quel point la vie peut \u00eatre bouleversante et boulevers\u00e9e. On a envie de dire que l\u2019on comprend, que l\u2019on imagine combien ce peut \u00eatre dur \u00e0 vivre, mais on ne sait comment le dire. On se r\u00e9signe, on compatit, mais on se rend compte \u00e0 quel point c\u2019est insuffisant. On se sent impuissant, honteux, coupable m\u00eame parfois de ne pas pouvoir aider, soulager, Gu\u00e9rir ; en col\u00e8re aussi, devant cette injustice. Et puis on se sent \u00e9go\u00efste de s\u2019autoriser \u00e0 penser et \u00e0 ressentir tout cela alors que l\u2019entit\u00e9 malade ce n\u2019est pas nous, c\u2019est notre pays. Oui, c\u2019est la soci\u00e9t\u00e9, c\u2019est la Tunisie, qui ont le droit de dire tout cela, de d\u00e9verser leur tristesse, leur ressentiment, leur col\u00e8re, leur rage, leur impuissance contre une classe politique synonyme d\u2019adversit\u00e9.<\/p>\n<p class=\"c3\"><span class=\"c4\"><strong>La Divina Commedia dell&rsquo;Arte tunisienne<\/strong><\/span><\/p>\n<p class=\"c3\">Depuis plusieurs semaines se joue sur la sc\u00e8ne politique, avec l\u2019Etat pour th\u00e9\u00e2tre, un vaudeville tragi-comique dans lequel tous nos gouvernants ont un r\u00f4le.\u00a0 Sans surprise, ils promettent \u00e0 cor et \u00e0 cris avec force vocif\u00e9rations, mais ne donnent rien, si ce n\u2019est exc\u00e8s, mensonges, sensations, violence et extravagances. Et sur les planches, le baron de l\u2019Assembl\u00e9e des Repr\u00e9sentants du Peuple, assist\u00e9 du f\u00e9lon Ganelon, le Pr\u00e9sident du gouvernement, assi\u00e8gent le bastion d\u2019ivoire de la Pr\u00e9sidence de la R\u00e9publique dans la guerre d\u2019usure qu\u2019ils livrent contre le Chef de l\u2019Etat ; leurs g\u00e9n\u00e9raux, les dirigeants des extr\u00eames droites, celles religieuses et celle la\u00efque, de la gauche, ceux sans \u00e9tiquette, auxquels s\u2019ajoutent l\u2019\u00e9tat-major des syndicats d\u2019ob\u00e9dience UGTT ; il faut compter aussi les mercenaires-d\u00e9put\u00e9s d\u2019Al-Karama, sbires instables et versatiles, qui jouent tant\u00f4t la carte de l\u2019all\u00e9geance aux couleurs d\u2019Ennahdha et tant\u00f4t font cavalier seuls, et\u00a0 qui abandonnent toute \u00e9l\u00e9gance et toute d\u00e9cence pour arracher leur part de cette triste cur\u00e9e. Depuis quatre ann\u00e9es cons\u00e9cutives, chaque jour, ces mafieux, sans foi ni loi, mixent de nouvelles frasques, de nouveaux complots, sans playlist pr\u00e9d\u00e9finie, sachant comment manipuler la foule de leurs partisans respectifs pour tel ou tel effet th\u00e9\u00e2tral. Dr\u00f4les d\u2019excentricit\u00e9s, les shows commencent souvent par des tirades et d\u00e9clarations m\u00e9diatis\u00e9es, des sit-in et parfois, c\u2019est l\u2019apoth\u00e9ose des prouesses des Harlequins, colombines et pantalons de cette Divina Commedia dell&rsquo;Arte tunisienne.<\/p>\n<p class=\"c3\">Les acteurs, l\u2019une avec sa longue et lisse chevelure brune, l\u2019autre, un sinistre filou, fruste et sans \u00e9l\u00e9gance, au comportement de bandit de grands chemins et de coupe jarret sans scrupule ; il y a aussi, tapit dans l\u2019ombre, un vieillard aigri et plein d\u2019amertume qui ne r\u00eave que de la revanche qu\u2019il doit prendre contre le peuple et l\u2019Etat. Tous les c\u0153urs battent au rythme des vibrations des invectives et effets discursivis\u00e9s. Des ambiances diff\u00e9rentes, mais toujours autant de monde pour les suivre. Dans cette houle humaine, ils ne craignent pas les \u00e9claboussures, ni les contacts, involontaire ou, plus souvent, volontaire contre les factions adverses ou contre la soldatesque de l\u2019ordre \u00e9tabli. Ils se sentent invincibles.<\/p>\n<p class=\"c3\"><span class=\"c4\"><strong>Cycle des vicissitudes de la vie humaine, \u00e0 partir des vertus et des vices<\/strong><\/span><\/p>\n<p class=\"c3\">La nouvelle politique tunisienne s\u2019attache aux images de l\u2019exc\u00e8s, de la transgression et de l\u2019impunit\u00e9, qui sont une fa\u00e7on de renouer avec la catharsis antique et les all\u00e9gories. Le miroir de la folie est le d\u00e9nominateur commun de beaucoup de ces estampes r\u00e9elles qui se rattachent \u00e0 la th\u00e9matique du monde \u00e0 l\u2019envers, \u00e0 l\u2019art de l\u2019allusion satirique et \u00e0 la parodie burlesque. Certains des motifs du discours visuel sont r\u00e9currents et tombent dans l\u2019extr\u00eame vulgaire pour en subvertir le sens et en sonder sans doute les limites. Tous se m\u00ealent \u00e0 la parade, la reine Argent, Regina Pecunia, assise sur son char de triomphe et qui, sous sa robe, cache le crime sous les traits de la Meurtri\u00e8re Rapine (Latrocinium, le Vol) ; sa main est pos\u00e9e lourdement sur un globe terrestre, signifiant le pouvoir qu\u2019elle exerce sur le monde, d\u2019une poigne de fer. La reine est accompagn\u00e9e de Pandemia, la pestilence r\u00e9pandue sur le monde entier, plac\u00e9e sous son emprise ; et elle porte sur la t\u00eate le symbole du monde \u00e0 l\u2019envers rappelant ce qui rend blanc le noir, beau le laid, franchise le mensonge, juste l\u2019injuste et service la corruption. Son char est suivi par Stultitia, la Sottise, Invidia, l\u2019Envie ; \u00e0 quelques pas d\u2019elle, Periculum, le danger, et Pauor, la peur, marchent comme savent le faire les dangers et vices du pouvoir corrompu et dysfonctionnel.<\/p>\n<p class=\"c3\">En un sombre cort\u00e8ge, c\u2019est la procession des agissements de ceux des humains qui ont du pouvoir, lieux communs de l\u2019exc\u00e8s qui contient en lui-m\u00eame son propre d\u00e9clin par le mal ou les vices m\u00eame qu\u2019il entra\u00eene en son sillage, tout comme, en l\u2019occurrence, les conflits intestins. Dominant ce spectacle fantasmagorique, la pand\u00e9mie, fl\u00e9au universel, affecte riches et pauvres, hommes femmes et enfants, \u00e0 tous les \u00e2ges de la vie. Elle constitue depuis, le premier facteur de maladie et de mort, pesant plus lourd que la pollution de l\u2019air, le SIDA ou le Cancer sur le devenir de l\u2019humanit\u00e9. Sur toute la plan\u00e8te, le fardeau macabre reste \u00e9lev\u00e9 et les progr\u00e8s sont lents, nous mettant trop t\u00f4t face \u00e0 l\u2019inacceptable sort de la vie. Ainsi, il apparait que la plupart des pays semblent avoir peu de chances d\u2019atteindre les cibles d\u00e9finies par l\u2019Organisation Mondiale de la Sant\u00e9 (OMS) dont la Tunisie ; la pand\u00e9mie est devenue affaire de puissance, de pouvoir, de politique et surtout de gros sous, manne c\u00e9leste pour les laboratoires, dans cette travers\u00e9e du d\u00e9sert des peuples du monde.<\/p>\n<p class=\"c3\">On ne parle plus d\u2019humanit\u00e9 ni de d\u00e9cence, mais d\u2019influence. La d\u00e9mographie se nourrit de nombres toujours en croissance, \u00e9gren\u00e9s par des compteurs infatigables et impersonnels, alors que les populations s\u2019amenuisent en effectifs. Aucun pays n\u2019a la vraie solution, ni n\u2019est sur la bonne trajectoire, aucun n\u2019a accompli de progr\u00e8s vers l\u2019accomplissement. Ils s\u2019enorgueillissent tout bonnement de quelques avanc\u00e9es, alors que le constat g\u00e9n\u00e9ral est sombre. Chaque jour, des dizaines de d\u00e9clarations d\u2019effets ind\u00e9sirables des vaccins contre le Sars-CoV-2 sont tus par des experts \u00e0 la solde des officiels. Des signalements de troubles de la coagulation et des cas de thromboses multiples, formation de caillots sanguins dans les art\u00e8res, sont survenus apr\u00e8s vaccination qui font l\u2019objet de d\u00e9mentis \u00e9hont\u00e9s. En guise d\u2019actif, on nous dit qu\u2019individuellement comme collectivement, la balance b\u00e9n\u00e9fice\/risque des vaccins reste tr\u00e8s largement en leur faveur comme meilleur espoir, \u00e0 court terme, de sortir de la crise, alors que la probabilit\u00e9 que le vaccin soit li\u00e9 \u00e0 ces \u00e9v\u00e9nements cliniques est r\u00e9elle ; ce serait comme jouer \u00e0 la roulette russe. Aussi est-il primordial de d\u00e9montrer ce qu\u2019il en est, afin de rassurer la population et qu\u2019elle choisisse en connaissance de cause.<\/p>\n<p class=\"c3\">Les populations sont pass\u00e9es de l&rsquo;hypervigilance en mati\u00e8re de respect des gestes barri\u00e8res \u00e0 la lassitude, les mesures de lutte contre la pand\u00e9mie jouant avec la sant\u00e9 mentale des individus. R\u00e9pondant collectivement \u00e0 l&rsquo;anxi\u00e9t\u00e9 tous ont adopt\u00e9 des comportements de pr\u00e9cautions extr\u00eames et mim\u00e9tiques qui r\u00e9trospectivement apparaissent un peu absurdes. Les restrictions sont formellement toujours en vigueur \u00e0 divers degr\u00e9s en fonction des r\u00e9gions pour tenter d&rsquo;endiguer le virus, et du chemin a \u00e9t\u00e9 fait mais pas toujours dans la bonne direction. Les populations ont ensuite montr\u00e9 leur flexibilit\u00e9 vis-\u00e0-vis des gestes barri\u00e8res ; Quand la circulation virale est \u00e9lev\u00e9e, on observe une meilleure adh\u00e9sion, un meilleur suivi des mesures de pr\u00e9vention. A l&rsquo;inverse, quand la situation \u00e9pid\u00e9miologique se calme, on observe un rel\u00e2chement progressif et surtout une d\u00e9corr\u00e9lation au fil du temps entre les dynamiques \u00e9pid\u00e9miques et l&rsquo;adh\u00e9sion aux mesures de pr\u00e9vention recommand\u00e9es par les pouvoirs publics. En Tunisie, le Comit\u00e9 Sup\u00e9rieur de Lutte Contre le Coronavirus ment \u00e0 la population, par le biais des annonces m\u00e9diatis\u00e9es de la directrice de l\u2019Observatoire national des maladies nouvelles et \u00e9mergentes et porte-parole du Minist\u00e8re de la sant\u00e9, sur la situation sanitaire r\u00e9elle et l\u2019augmentation exponentielle des contaminations par des souches mutantes du virus. Ce faisant, il y a p\u00e9ril en la demeure et la justice doit intervenir \u00e0 l\u2019encontre des coupables et enrayer cette menace \u00e0 la s\u00e9curit\u00e9 nationale. Il est grand temps de mettre fin \u00e0 cette mascarade et \u00e0 la dictature de cette instance. La pand\u00e9mie a aussi r\u00e9v\u00e9l\u00e9 que les pays qui ont le moins investi dans leur syst\u00e8me de sant\u00e9, sont aussi ceux qui ont connu la plus importante surmortalit\u00e9 durant les diff\u00e9rentes vagues de l&rsquo;\u00e9pid\u00e9mie de Covid-19.<\/p>\n<p class=\"c3\">Ce param\u00e8tre est un indicateur qui comptabilise non seulement les d\u00e9c\u00e8s dus directement au virus Sars-CoV-2, mais aussi ceux indirects, toutes causes confondues, qui ne seraient pas survenus s\u2019il n\u2019y avait pas eu de pand\u00e9mie. Il peut s\u2019agir de personnes souffrant d\u2019autres maladies graves, n\u2019ayant pu avoir acc\u00e8s aux soins ad\u00e9quats faute de place \u00e0 l\u2019h\u00f4pital, ou b\u00e9n\u00e9ficier d\u2019un encadrement appropri\u00e9 par manque de personnel disponible ou encore de victimes de violences domestiques durant le confinement ; c\u2019est aussi le cas de l\u2019augmentation du nombre de suicides chez des personnes psychologiquement fragiles. Estimer la surmortalit\u00e9 est un param\u00e8tre beaucoup plus fiable pour \u00e9valuer les ravages r\u00e9els de la pand\u00e9mie et de ses cons\u00e9quences que les statistiques officielles, tous modes de computation confondus.<\/p>\n<p class=\"c3\">Il souligne entre-autre les graves cons\u00e9quences, en temps de pand\u00e9mie, de la d\u00e9gradation de la protection sociale et du manque de modernisation des infrastructures sanitaires qui ont \u00e9t\u00e9 d\u00e9laiss\u00e9es par le gouvernement. C\u2019est le m\u00e9decin tu\u00e9 dans la cage d\u2019un ascenseur d\u00e9fectueux. Pour autant, on ne sait pas encore quels seront les effets r\u00e9els \u00e0 moyen et long terme des mesures comme le confinement, dont le co\u00fbt \u00e9conomique peut aussi avoir des cons\u00e9quences sanitaires lourdes \u00e0 venir. Les \u00c9tats dont les syst\u00e8mes de sant\u00e9 sont bien financ\u00e9s ont travers\u00e9 cette p\u00e9riode en enregistrant beaucoup moins de d\u00e9c\u00e8s, toutes causes confondues. Il en ressort la r\u00e8gle que le recours au confinement doit rester la solution de dernier recours. C\u2019est le signe que les autres politiques ont \u00e9chou\u00e9. La le\u00e7on des premiers mois de la pand\u00e9mie est qu\u2019au-del\u00e0 des mesures d\u2019urgence \u00e0 prendre pour faire face aux prochaines vagues, il est imp\u00e9ratif de se focaliser sur les investissements \u00e0 long terme dans les syst\u00e8mes de sant\u00e9 nationaux ; et surtout, d\u2019\u00e9viter de chercher \u00e0 faire des \u00e9conomies de bouts de chandelles concernant les \u00e9quipements, la logistique et le personnel des h\u00f4pitaux lorsqu\u2019il sera de nouveau question de r\u00e9duire les d\u00e9ficits des finances publiques.\u00a0\u00a0<\/p>\n<p class=\"c3\"><span class=\"c4\"><strong>La Tunisie est en danger\u2026 Le rejet des symboles nationaux<\/strong><\/span><\/p>\n<p class=\"c3\">Dans le m\u00eame registre des maux de ce monde, depuis la pand\u00e9mie, le paysage politique tunisien semble avoir perdu toute raison, \u00e9tant chamboul\u00e9 et plus morcel\u00e9 que jamais ; pour la premi\u00e8re fois depuis longtemps, tout est possible, m\u00eame l\u2019invraisemblable et l\u2019absurde. Tout ne tourne plus seulement autour de la traditionnelle bilat\u00e9ralit\u00e9 droite-gauche s\u2019opposant dans une comp\u00e9tition politicienne saine et sens\u00e9e. La Tunisie est en grand danger et est devenue un Etat failli. Faillite politique, les institutions potentielles ne fonctionnent plus au point que l\u2019on parle de caducit\u00e9 du parlement, du fait de l\u2019ajournement de ses travaux quotidiennement.<\/p>\n<p class=\"c3\">La pr\u00e9sidence de la r\u00e9publique s\u2019occupe de mondanit\u00e9s scientifiques et a l\u2019esprit dans les \u00e9toiles, alors que sa maison br\u00fble. Le gouvernement est absent \u00e0 l\u2019appel, son chef fomentant quelques complots avec ses alli\u00e9s du moment, n\u2019\u00e9tant pas conscient d\u2019\u00eatre un simple pr\u00eate nom, un homme de paille dans une op\u00e9ration de plus grande envergure qui se pr\u00e9pare dans l\u2019ombre. En Tunisie, apr\u00e8s le choc pand\u00e9mique, c\u2019est le chaos orchestr\u00e9 par des ennemis qui abhorrent notre pays, par ceux qui ha\u00efssent ses personnages illustres et son histoire. Leur haine des grands hommes de ce pays, de son histoire s\u2019est emm\u00eal\u00e9e avec celle d\u2019une autre Tunisie sombre, tourment\u00e9e, celle de personnes qui aujourd\u2019hui leur tourne r\u00e9solument le dos car ils n\u2019ont aucune histoire, ni aucune existence l\u00e9gitime.<\/p>\n<p class=\"c3\">Ce sont des criminels, des marginaux, des terroristes, des fanatiques n\u2019usant que de l\u00e2chet\u00e9 pour s\u2019exprimer dans un sinistre langage de terreur\u2026 C\u2019est un d\u00e9sastre pour les d\u00e9mocrates traditionnels, le scandale \u00e9claboussant toutes les formations sans faire d\u2019exception. L\u2019ind\u00e9pendance est pass\u00e9e sous silence et son 65\u00e8me anniversaire dans l\u2019indiff\u00e9rence institutionnelle. Si google a rendu hommage \u00e0 la Tunisie, si les chutes du Niagara se sont illumin\u00e9es aux couleurs du drapeau tunisien, sous nos cieux, aucun signe visible de la f\u00eate nationale, et aucun discours officiel \u00e0 la Nation n\u2019a \u00e9t\u00e9 prononc\u00e9 pour la post\u00e9rit\u00e9. Les dissensions conjoncturelles au sommet de l\u2019Etat ne sauraient servir d\u2019alibi pour expliquer ni excuser cette attitude qui va \u00e0 l\u2019encontre de la responsabilit\u00e9 morale commune du Pr\u00e9sident de la R\u00e9publique, du Pr\u00e9sident du Parlement et de son complice du gouvernement. Le rejet de ces symboles nationaux, rajoute aux malheurs, aux frustrations, \u00e0 la d\u00e9sillusion et \u00e0 l\u2019abattement du peuple, r\u00e9duit \u00e0 l\u2019\u00e9tat d\u2019instrument \u00e9lectoral, apr\u00e8s une d\u00e9cennie de d\u00e9boires et d\u2019\u00e9checs sans pr\u00e9c\u00e9dent dans l\u2019histoire de la Tunisie depuis l\u2019ind\u00e9pendance. Entre inqui\u00e9tudes l\u00e9gitimes et d\u00e9sinformation volontaire et amplifi\u00e9e sur les r\u00e9seaux sociaux, il est parfois difficile de faire la part du vrai et du mensonge. Les attentes du peuple, sans cesse d\u00e9\u00e7ues, risquent d\u2019exacerber les tensions, parmi les partisans d\u2019un m\u00eame camp, entre ceux qui se rallient \u00e0 la r\u00e9alit\u00e9, et ceux qui optent pour une \u00ab r\u00e9alit\u00e9 alternative \u00bb, encourag\u00e9s par le triomphalisme de leurs idoles.<\/p>\n<p class=\"c3\">C&rsquo;est en substance ce que l&rsquo;on peut voir et entendre \u00e0 longueur de slogans et de vid\u00e9os sur internet, relay\u00e9s par ceux qui se r\u00e9clament de la mouvance fondamentaliste, et au-del\u00e0, par une n\u00e9buleuse de groupuscules li\u00e9s \u00e0 l\u2019extr\u00eame droite radicale et aux supr\u00e9macistes islamistes r\u00e9trogrades. Une partie de ce public s\u2019attend au retour de la gouvernance d\u2019Ennahdha \u00e0 la faveur d\u2019un coup d\u2019\u00c9tat, signant la mise aux arr\u00eats de tous les responsables d\u00e9mocrates et de leurs \u00ab complices \u00bb dans les m\u00e9dias et les milieux de la communication, de l\u2019\u00e9ducation et du spectacle.<\/p>\n<p class=\"c3\"><span class=\"c4\"><strong>La cr\u00e9ature \u00e9chappe peu \u00e0 peu au contr\u00f4le de son cr\u00e9ateur<\/strong><\/span><\/p>\n<p class=\"c3\">Ce qui s\u2019est pass\u00e9 ce 15 mars 2021 \u00e0 l\u2019a\u00e9roport de Tunis-Carthage est un aper\u00e7u du vrai visage de cette faction indigne et sans honneur qui usurpe le nom de Al-Karama. La cr\u00e9ature \u00e9chappe peu \u00e0 peu au contr\u00f4le de son cr\u00e9ateur, Ennahdha. Cette organisation entretient des liens \u00e9troits avec des groupes terroristes et de fortes pr\u00e9somptions portent \u00e0 croire que la personne que les sbires d\u2019Ennahdha ont d\u00e9fendu avec tant de hargne est fich\u00e9e pour ses liens fortement pr\u00e9sum\u00e9s avec le terrorisme international. Elle devait d\u2019ailleurs se rendre en Turquie pour contacter Hosni Jelassi, un extr\u00e9miste, qui a partie-li\u00e9e avec le terrorisme islamiste, recherch\u00e9 par la brigade antiterroriste. Le chef du parti Al-Karama a lui-m\u00eame des liens avec cet individu puisque c\u2019est lui qui l\u2019a accueillie sur le territoire tunisien lors de son extradition d\u2019Alg\u00e9rie.<\/p>\n<p class=\"c3\">Cette personne n\u2019ayant pas \u00e9t\u00e9 d\u00e9f\u00e9r\u00e9e devant la justice par le d\u00e9put\u00e9 qui l\u2019a r\u00e9ceptionn\u00e9e \u00e0 la fronti\u00e8re, ce fait constitue \u00e0 l\u2019encontre dudit \u00e9lu tunisien un d\u00e9lit de recel de malfaiteur et d\u2019association de malfaiteur et de complicit\u00e9 avec une organisation terroriste. Les \u00e9v\u00e8nements du 15 mars 2021 \u00e0 l\u2019a\u00e9roport de Tunis-Carthage pourraient fort bien constituer un \u00e9pisode d\u2019un complot terroriste contre la Tunisie. Une vid\u00e9o, circulant sur les r\u00e9seaux sociaux, montre la dame incrimin\u00e9e en train de glisser un t\u00e9l\u00e9phone portable dans la poche du dirigeant de Al-Karama, probablement pour dissimuler des preuves la confondant. En cons\u00e9quence il y aurait aussi obstruction au bon d\u00e9roulement d\u2019une enqu\u00eate et \u00e0 la justice par dissimulation de preuves pertinentes.<\/p>\n<p class=\"c3\">La d\u00e9monstration de force a d\u00e9g\u00e9n\u00e9r\u00e9 en une confrontation violente avec la police et les syndicalistes. Face \u00e0 l\u2019ampleur qu\u2019a prise l\u2019incident, le chef du gouvernement, aussi ministre de l\u2019Int\u00e9rieur par int\u00e9rim en toute ill\u00e9galit\u00e9, a \u00e9t\u00e9 contraint de se d\u00e9placer sur les lieux pour afficher hypocritement un soutien de fa\u00e7ade \u00e0 la police des fronti\u00e8res. Son ton va-t\u2019en guerre n\u2019a convaincu personne et n\u2019a fait qu\u2019ajouter \u00e0 la confusion du d\u00e9bat public, ce qui \u00e9tait sans doute le but recherch\u00e9. Il ressort que le terrorisme islamiste frappe, autant qu\u2019il le peut, pour faire mal \u00e0 la beaut\u00e9, \u00e0 l\u2019esprit, au savoir, \u00e0 l\u2019ordre, \u00e0 la culture, \u00e0 la raison, la science et la vie. A vocation h\u00e9g\u00e9moniste, sa strat\u00e9gie de conqu\u00eate ne repose que sur la haine hiss\u00e9e au rang d\u2019id\u00e9ologie. Apr\u00e8s plus de vingt ans de fanatisme islamiste, il est temps de ne plus seulement prendre en consid\u00e9ration le djihadisme, mais aussi d\u2019aborder l\u2019id\u00e9ologie de l\u2019islam politique qui se trouve derri\u00e8re.<\/p>\n<p class=\"c3\">Et il est temps de prendre au s\u00e9rieux ce qu\u2019elle est, une id\u00e9ologie totalitaire comparable au nazisme, au communisme des goulags et d\u2019autres encore. L\u2019islamisme radical poursuit une id\u00e9ologie meurtri\u00e8re qui ne fait aucun cas de la vie humaine. L\u2019incident du 15 mars 2021 ne peut provoquer que sid\u00e9ration et col\u00e8re face \u00e0 une atteinte totalitaire \u00e0 l\u2019int\u00e9grit\u00e9 d\u2019une soci\u00e9t\u00e9 libertaire comme la n\u00f4tre. Ils peuvent se faire appeler Al-Karama, ils ne seront qu\u2019un parti croupion d\u2019Ennahdha et ne repr\u00e9senteront pas moins que l\u2019indignit\u00e9 de terroristes radicalis\u00e9s qui, aveugl\u00e9s par leur id\u00e9ologie, assouvissent leurs fantasmes autoritaires d\u00e9cal\u00e9s. Ils poursuivent le but de se hisser au-dessus des autres pour se sentir puissants en perp\u00e9trant un acte barbare, croyant ainsi devenir des stars dans l\u2019univers des djihadistes et \u00e9branler toute une soci\u00e9t\u00e9. Ils ex\u00e8crent cette zone floue du vivre-ensemble dans la tol\u00e9rance et le respect de l\u2019autre, m\u00eame s\u2019il est non musulman ou ath\u00e9e. Les islamistes ont ceci en commun avec une autre partie radicale du spectre politique, les extr\u00e9mistes de droite. Djihadistes islamistes et extr\u00e9mistes de droite haineux de l&rsquo;islam sont interd\u00e9pendants et vont ensemble car tous deux ennemis d&rsquo;une soci\u00e9t\u00e9 lib\u00e9rale et inclusive. L&rsquo;islamisme int\u00e9griste doit \u00eatre poursuivi et \u00e9radiqu\u00e9 par les autorit\u00e9s et les forces de s\u00e9curit\u00e9 qui doivent rester en alerte, contre d\u2019\u00e9ventuels rassemblements ou manifestations violentes.<\/p>\n<p class=\"c3\">Les Etats ont grand mal \u00e0 parler de religion dans la vie publique, et ils le font d\u2019une fa\u00e7on que d\u2019autres d\u00e9mocraties multiculturelles ont souvent du mal \u00e0 comprendre. La libert\u00e9 de conscience c\u2019est le droit de croire et de ne pas croire, mais aussi celui de critiquer toute croyance religieuse, sans avoir \u00e0 craindre pour sa s\u00e9curit\u00e9. Facebook, Twitter et YouTube ont multipli\u00e9 les mesures de lutte contre les radicalisateurs du Darkweb, les acad\u00e9mies islamistes sur Internet, la d\u00e9sinformation et tout ce qui pouvait constituer des incitations \u00e0 la violence, supprimant des dizaines de milliers de comptes. Mais cela n\u2019a fait que d\u00e9placer le probl\u00e8me. Les th\u00e9ories conspirationnistes ont sans doute perdu en visibilit\u00e9 sur les grandes plateformes, mais leurs adeptes se retrouvent d\u00e9sormais ailleurs, notamment sur les r\u00e9seaux sociaux, et d\u2019autres plateformes, sans mod\u00e9ration, qui ne savent pas emp\u00eacher les incitations \u00e0 la violence, et que les h\u00e9bergeurs, Amazon, Apple et Google ont d\u00e9cid\u00e9 de bannir. Ces r\u00e9seaux sont tr\u00e8s pris\u00e9s des partisans politiques les plus extr\u00eames, ce qui a eu pour effet de relancer les attaques contre les big tech, accus\u00e9s de faire le jeu des d\u00e9mocrates et des satanistes. C\u2019est donc devenu une menace tr\u00e8s concr\u00e8te pour l\u2019administration politique tunisienne d\u00e9mocrate, non seulement en terme informationnel, mais aussi parce que gravitent autour de cette mouvance fondamentaliste de droite, ou de droite alternative, des groupes radicalis\u00e9s, capables de passer \u00e0 l\u2019acte, comme on a pu le voir le 27 f\u00e9vrier dans la capitale ou le 15 mars \u00e0 l\u2019a\u00e9roport de Tunis-Carthage. L\u2019inqui\u00e9tude des autorit\u00e9s doit se nourrir \u00e9galement du fait que les diff\u00e9rentes composantes de cette mouvance se retrouvent autour d\u2019une passion commune belliciste pour la violence. Alors qu\u2019aucune issue \u00e0 la catastrophe \u00e9conomique n\u2019est en vue, et apr\u00e8s des manifestations violentes au moment des dix ans de la r\u00e9bellion, le 14 janvier dernier, les islamistes dont les trublions de Al-Karama, qui font partie de ceux qui gouvernent le pays, font tout ce qu\u2019ils peuvent pour accroitre la fragilit\u00e9 de l\u2019\u00c9tat et des institutions. Retranch\u00e9 derri\u00e8re sa charge usurp\u00e9e de pr\u00e9sident du Parlement, l\u2019\u00e9minence grise d\u2019Ennhdha feint de prendre de la hauteur alors qu\u2019en r\u00e9alit\u00e9, il joue la rue. Il fait paradoxalement prosp\u00e9rer le \u00ab Parti destourien libre \u00bb qui se r\u00e9clame de l\u2019h\u00e9ritage bourguibien et se pr\u00e9sente comme la seule alternative \u00e0 l\u2019islamo-populisme de Ghannouchi et au l\u00e9galisme tout autant populiste du pr\u00e9sident Sa\u00efed, deux faces d\u2019une m\u00eame m\u00e9daille qui se compl\u00e8tent si bien.<\/p>\n<p class=\"c3\"><span class=\"c4\"><strong>Le devoir de m\u00e9moire<\/strong><\/span><\/p>\n<p class=\"c3\">Les communaut\u00e9s ont coutume de se r\u00e9clamer des \u00e9pisodes glorieux de leur histoire ; mais elles doivent aussi parfois savoir en affronter les plus difficiles. Les groupes sociaux ont une relation particuli\u00e8re, et donc une responsabilit\u00e9 morale, quoique non criminelle, pour ce que font leurs membres, en particulier lorsque ces personnes pr\u00e9tendent parler ou commettre des actes r\u00e9pr\u00e9hensibles criminels au nom du groupe et d\u00e9fendre ses valeurs. Bien qu&rsquo;ils ne participent pas \u00e0 ces crimes ou ne les soutiennent pas, ils les voient et doivent les traiter comme une tare honteuse qui impr\u00e8gne leur histoire et leur vision d&rsquo;eux-m\u00eames en tant que groupe. Tout comme les Tunisiens d&rsquo;aujourd&rsquo;hui ont le droit d&rsquo;\u00eatre fiers de leurs r\u00e9alisations des temps pass\u00e9s, m\u00eame s&rsquo;ils n&rsquo;y ont pas contribu\u00e9, il est naturel pour eux de ressentir de la honte et se sentir timides face aux crimes du terrorisme, commis par des musulmans et au nom de l\u2019islam, m\u00eame s\u2019ils n\u2019y avaient aucun r\u00f4le. Il est plus que n\u00e9cessaire que les Tunisiens r\u00e9examinent leur soci\u00e9t\u00e9 et leur culture dans un effort pour comprendre l\u2019\u00e9poque et la p\u00e9riode qu\u2019ils traversent afin de ne pas r\u00e9p\u00e9ter les erreurs et renouveler cette exp\u00e9rience p\u00e9nible ou quelque chose de similaire \u00e0 l\u2019avenir. R\u00e9aliser un objectif qui va au-del\u00e0 de la sp\u00e9cification des responsabilit\u00e9s et des raisons et d&rsquo;\u00e9viter la r\u00e9p\u00e9tition, c&rsquo;est aussi une forme d&rsquo;excuse et\/ou de regret public pour ce qui s&rsquo;est pass\u00e9 et s&rsquo;en \u00e9loigner concr\u00e8tement. Des voix \u00e9mergent affirmant qu&rsquo;il y a une crise au sein de la soci\u00e9t\u00e9 tunisienne et des valeurs qui y r\u00e8gnent. L&rsquo;absence de cette sensibilit\u00e9 aux crimes de la part des autorit\u00e9s gouvernantes concern\u00e9es, et leur r\u00e9ticence \u00e0 assumer la responsabilit\u00e9 dans son sens le plus profond et le plus significatif, renforceraient le populisme croissant et la d\u00e9rive de l\u2019Etat.<\/p>\n<p class=\"c3\"><span class=\"c4\"><strong>C\u2019est dans le creuset du d\u00e9s\u0153uvrement que les groupes int\u00e9gristes viennent puiser leur renfort<\/strong><\/span><\/p>\n<p class=\"c3\">Aujourd\u2019hui en Tunisie, le taux de ch\u00f4mage d\u00e9passe les 19%, toujours en progression et le taux de sous-utilisation de la main-d\u2019\u0153uvre d\u2019environ 25% \u00e0 30%, selon la mesure la plus large. C\u2019est dans le creuset du d\u00e9s\u0153uvrement que les groupes int\u00e9gristes viennent puiser leur renfort. Quelques mots pour s\u00e9duire et de l\u2019argent facile et la chose est enlev\u00e9e par cette jeunesse d\u00e9laiss\u00e9e par la soci\u00e9t\u00e9 et qui ont le sentiment qu\u2019elle ne veut pas d\u2019eux. Dans leur extr\u00eame vuln\u00e9rabilit\u00e9, ils sont pr\u00eats \u00e0 tout, m\u00eame \u00e0 l\u2019ultime sacrifice, pour d\u00e9crocher un ticket pour le paradis par devers et contre la soci\u00e9t\u00e9 qui les a ignor\u00e9s. Tous les sp\u00e9cialistes \u00e9conomistes et tous les sociologues connaissent cette r\u00e9alit\u00e9. Pourtant, le d\u00e9bat public se focalise toujours sur la r\u00e9duction des d\u00e9ficits publics plut\u00f4t que sur les politiques de r\u00e9duction du ch\u00f4mage. Les \u00e9conomistes de la pens\u00e9e dominante, souvent ceux-l\u00e0 m\u00eames qui ont contribu\u00e9 \u00e0 cr\u00e9er cette crise, mettent l\u2019accent sur la n\u00e9cessit\u00e9 de r\u00e9duire les d\u00e9ficits et les dettes publiques, solution d\u00e9montrant une compr\u00e9hension tr\u00e8s limit\u00e9e du syst\u00e8me mon\u00e9taire moderne, dans lequel les \u00c9tats du monde ont v\u00e9cu durant les quatre derni\u00e8res d\u00e9cennies et qui a atteint ses limites depuis. Concernant les causes et les cons\u00e9quences des d\u00e9ficits publics souverains, la plupart des experts confondent la solvabilit\u00e9 avec un degr\u00e9 relatif de soutenabilit\u00e9, reposant sur des crit\u00e8res plut\u00f4t arbitraires de ratios de d\u00e9ficit et de dette rapport\u00e9s au PIB.<\/p>\n<p class=\"c3\">Ces ratios pourraient avoir une signification dans les r\u00e9gimes de taux de change fixe ou d\u2019\u00e9talon-or, mais ils sont obsol\u00e8tes et ne sont pas ou plus pertinents pour des pays ayant leur propre monnaie flottante et\/ou non convertible comme la plupart des pays du monde dont la Tunisie. Par ailleurs, il n\u2019existe ni ratio magique pertinent pour tous les Etats et toutes les p\u00e9riodes, ni seuils qui, une fois franchis, seraient insoutenables ou r\u00e9duiraient la croissance \u00e9conomique du pays. L\u2019\u00e9quilibre budg\u00e9taire est, dans la plupart des pays avanc\u00e9s, hautement endog\u00e8ne et n\u2019est que le reflet \u00e9ph\u00e9m\u00e8re de l\u2019\u00e9quilibre des comptes du secteur priv\u00e9. Le d\u00e9ficit public est une fatalit\u00e9 qui r\u00e9sulte de la volont\u00e9 du secteur priv\u00e9, notamment les banques, d\u2019\u00e9pargner et de sp\u00e9culer plus qu\u2019il n\u2019investit et d\u2019importer davantage qu\u2019il n\u2019exporte. Les gouvernants en charge de ces questions interpr\u00e8tent souvent la th\u00e9orie mon\u00e9taire moderne, comme celle selon laquelle l\u2019\u00c9tat peut d\u00e9penser sans limite r\u00e9elle et devrait maintenir des d\u00e9ficits publics. Mais en fait, il y a une limite aux d\u00e9penses publiques, et bien s\u00fbr, l\u2019\u00c9tat ne devrait pas d\u00e9penser sans limite, m\u00eame si un \u00c9tat souverain n\u2019est pas contraint financi\u00e8rement, ce qui signifie qu\u2019il ne sera jamais face \u00e0 un probl\u00e8me de solvabilit\u00e9 ou plut\u00f4t d\u2019insolvabilit\u00e9. N\u00e9anmoins, il est contraint en termes r\u00e9els, ce qui signifie qu\u2019il se trouve en face d\u2019autres probl\u00e8mes de soutenabilit\u00e9 ; la fraction des ressources nationales qui devrait \u00eatre utilis\u00e9e par l\u2019\u00c9tat et, l\u2019ampleur du d\u00e9ficit public, compte tenu du niveau de ressources dont le secteur priv\u00e9 a besoin.<\/p>\n<p class=\"c3\">S\u2019il y a du ch\u00f4mage involontaire et du sous-emploi, cela signifie que le d\u00e9ficit public est trop faible. L\u2019\u00c9tat doit donc, soit diminuer les imp\u00f4ts, soit augmenter les d\u00e9penses, sans entrer dans le d\u00e9bat sur la meilleure politique \u00e0 mener. Mais le niveau de solde public n\u2019a, par lui-m\u00eame, aucune cons\u00e9quence ; ce qui est important c\u2019est l\u2019impact \u00e9conomique des d\u00e9penses publiques et de la fiscalit\u00e9. Lorsque le total des d\u00e9penses de l\u2019\u00e9conomie, y compris les d\u00e9penses publiques, d\u00e9passe ce que l\u2019\u00e9conomie est capable de produire au plein emploi, l\u2019\u00c9tat doit soit r\u00e9duire ses d\u00e9penses soit augmenter les imp\u00f4ts directs et\/ou indirects. \u00c0 d\u00e9faut, ce faire conduit irr\u00e9m\u00e9diablement \u00e0 de l\u2019inflation. Ainsi, c\u2019est l\u2019inflation qui est la v\u00e9ritable limite aux d\u00e9penses publiques et non un manque de financement. Les institutions financi\u00e8res internationales, usant d\u2019une logique banqui\u00e8re ont choisi la premi\u00e8re option dans leur conception des plans d\u2019ajustement structurels auxquels ont souscrit les pays en d\u00e9veloppement. Mais r\u00e9duire les d\u00e9penses publiques impose de r\u00e9duire l\u2019effectif des agents publics et de limiter le recrutement par contingentement et des compressions budg\u00e9taires, ainsi que de proc\u00e9der \u00e0 des plans sociaux couteux en vies humaines. Ceci s\u2019applique aussi \u00e0 la dette publique qui n\u2019est que la r\u00e9sultante du d\u00e9ficit public.<\/p>\n<p class=\"c3\">En moyenne annuelle, l\u2019inflation s\u2019est stabilis\u00e9e \u00e0 5,6% en 2020. Cette stabilit\u00e9 s\u2019explique, d\u2019une part, par l\u2019acc\u00e9l\u00e9ration du rythme d\u2019augmentations des prix de l\u2019alimentation de 4,4% et des produits et services de la sant\u00e9 de 7,5%, l\u2019augmentation des prix des l\u00e9gumes de 5,9%, des fromages et \u0153ufs de 5,8%, de l\u2019huile d\u2019olive de 2,9%, du groupe confiture, miel, chocolat et confiserie de 5%, des poissons de 4,6% et des d\u00e9riv\u00e9s de c\u00e9r\u00e9ales de 4,2%. Sur un an, les prix des produits manufactur\u00e9s ont progress\u00e9 de 4,9% en raison de la hausse des prix des produits d\u2019entretien courant du foyer de 6,9% et des prix des mat\u00e9riaux de construction de 5,7%. Pour les services, leurs prix ont augment\u00e9 de 5,3% sur un an en raison de la hausse des prix des services de sant\u00e9, des loyers de 4,9% et des tarifs des services publics de 3%. S\u2019agissant de l\u2019inflation sous-jacente (hors produits alimentaires et \u00e9nergie), elle s\u2019est stabilis\u00e9e \u00e0 5,9%. Quant aux prix des produits libres (non administr\u00e9s), ils ont augment\u00e9 de 4,9%. Les produits alimentaires libres et \u00e0 prix encadr\u00e9s ont connu une augmentation de 4,3%.<\/p>\n<p class=\"c3\">La crise sanitaire, de son c\u00f4t\u00e9 vient alimenter le ch\u00f4mage dans le secteur priv\u00e9. Avec l\u2019arr\u00eat de l\u2019\u00e9conomie ou son fonctionnement au ralentit, beaucoup d\u2019entreprises ne peuvent tenir la route et sont pouss\u00e9es \u00e0 la faillite ou \u00e0 adopter des plans sociaux. Il en r\u00e9sulte autant de candidats m\u00e9contents et d\u00e9\u00e7us pour grossir les rangs de Daech ou de l\u2019extr\u00e9misme radical et terroriste auxquels la Tunisie a pay\u00e9 un lourd tribut.<\/p>\n<p class=\"c6\"><strong>Monji Ben Raies<\/strong><br \/><span class=\"c5\"><em>Universitaire, Juriste et politiste<br \/>Enseignant et chercheur en Droit Public et Sciences Politiques;<br \/>Universit\u00e9 de Tunis El Manar<br \/>Facult\u00e9 de Droit et des Sciences Politiques de Tunis<\/em><\/span><br \/>\u00a0<\/p>\n<p>Auteur:<br \/>\n<a href=\"https:\/\/www.leaders.com.tn\/article\/31633-dans-une-epoque-de-corruption-l-absence-et-l-exces-sont-egalement-dangereux\">Cliquez ici pour lire l&rsquo;article depuis sa source.<\/a><\/p>\n","protected":false},"excerpt":{"rendered":"<p>Par Monji Ben Raies &#8211; La nuit tombe, l\u2019espace s\u2019efface, le temps s\u2019\u00e9paissit ou se distend. Face aux diff\u00e9rents registres de l\u2019avenir, face \u00e0 ces heures fig\u00e9es dans l\u2019\u00e9ternit\u00e9 et les pendules en mouvement, il n\u2019y a que l\u2019angoisse, la lassitude, le courage et l\u2019espoir. C\u2019est aussi l\u2019\u00e9poque du d\u00e9doublement, de l\u2019angoisse et du d\u00e9cha\u00eenement [&hellip;]<\/p>\n","protected":false},"author":1772,"featured_media":0,"comment_status":"closed","ping_status":"closed","sticky":false,"template":"","format":"standard","meta":{"fifu_image_url":"\/uploads\/FCK_files\/Monji-Ben-Ra\u00efes(1).jpg","fifu_image_alt":"Dans une \u00e9poque de corruption, l\u2019absence et l\u2019exc\u00e8s sont \u00e9galement dangereux","footnotes":""},"categories":[73,55],"tags":[],"class_list":["post-113867","post","type-post","status-publish","format-standard","hentry","category-actualite","category-tunisie"],"_links":{"self":[{"href":"https:\/\/linitiative.ca\/International\/wp-json\/wp\/v2\/posts\/113867","targetHints":{"allow":["GET"]}}],"collection":[{"href":"https:\/\/linitiative.ca\/International\/wp-json\/wp\/v2\/posts"}],"about":[{"href":"https:\/\/linitiative.ca\/International\/wp-json\/wp\/v2\/types\/post"}],"author":[{"embeddable":true,"href":"https:\/\/linitiative.ca\/International\/wp-json\/wp\/v2\/users\/1772"}],"replies":[{"embeddable":true,"href":"https:\/\/linitiative.ca\/International\/wp-json\/wp\/v2\/comments?post=113867"}],"version-history":[{"count":0,"href":"https:\/\/linitiative.ca\/International\/wp-json\/wp\/v2\/posts\/113867\/revisions"}],"wp:attachment":[{"href":"https:\/\/linitiative.ca\/International\/wp-json\/wp\/v2\/media?parent=113867"}],"wp:term":[{"taxonomy":"category","embeddable":true,"href":"https:\/\/linitiative.ca\/International\/wp-json\/wp\/v2\/categories?post=113867"},{"taxonomy":"post_tag","embeddable":true,"href":"https:\/\/linitiative.ca\/International\/wp-json\/wp\/v2\/tags?post=113867"}],"curies":[{"name":"wp","href":"https:\/\/api.w.org\/{rel}","templated":true}]}}