{"id":113871,"date":"2021-03-28T06:00:00","date_gmt":"2021-03-28T10:00:00","guid":{"rendered":"https:\/\/linitiative.ca\/International\/lespagne-et-la-france-deja-en-appel\/"},"modified":"2021-03-28T06:00:00","modified_gmt":"2021-03-28T10:00:00","slug":"lespagne-et-la-france-deja-en-appel","status":"publish","type":"post","link":"https:\/\/linitiative.ca\/International\/lespagne-et-la-france-deja-en-appel\/","title":{"rendered":"L&rsquo;Espagne et la France d\u00e9j\u00e0 en appel"},"content":{"rendered":"<p>Apr\u00e8s des d\u00e9buts poussifs, les \u00e9quipes de France et d&rsquo;Espagne, deux nations fortes du football mondial, devront se ressaisir respectivement contre le Kazakhstan et la G\u00e9orgie, aujourd\u2019hui dans le cadre de la 2e journ\u00e9e de la phase de qualification pour le Mondial-2022.<br \/>La Roja, qui a d\u00fb partager les points \u00e0 Grenade face \u00e0 la modeste Gr\u00e8ce (1-1), ira se frotter aux G\u00e9orgiens entra\u00een\u00e9s par le Fran\u00e7ais Willy Sagnol, ex-lat\u00e9ral droit du Bayern Munich, qui vient de prendre les r\u00eanes de la s\u00e9lection caucasienne.<br \/>Les joueurs de Luis Enrique devront se m\u00e9fier de jeunes G\u00e9orgiens qui ont fait bonne impression en Su\u00e8de lors de la 1re journ\u00e9e, o\u00f9 ils n&rsquo;ont c\u00e9d\u00e9 que 1-0. Les Bleus, champions du monde, ont \u00e9galement commenc\u00e9 la campagne pour la d\u00e9fense de leur titre par une contre-performance en conc\u00e9dant le nul (1-1) face \u00e0 l&rsquo;Ukraine au Stade de France. Ils iront affronter aux confins de l&rsquo;Europe, sur terrain synth\u00e9tique et sous une neige annonc\u00e9e, sans leur poumon N&rsquo;Golo Kant\u00e9 bless\u00e9, le modeste Kazakhstan, dans une rencontre qui rassemble tous les ingr\u00e9dients du \u00abmatch-pi\u00e8ge\u00bb. Aucun gros choc ne figure \u00e0 l&rsquo;affiche de ces matchs dominicaux, si ce n&rsquo;est un Roumanie-Allemagne entre les deux premiers d&rsquo;un groupe J \u00e0 six. Les Allemands, qui ont bien d\u00e9but\u00e9 en battant 3-0 l&rsquo;Islande, pourraient profiter des largesses d\u00e9fensives des Roumains, qui ont \u00e9galement inscrit 3 buts contre la Mac\u00e9doine du Nord, mais en ont aussi encaiss\u00e9 deux.<\/p>\n<p><strong>Programme<br \/>Groupe B<br \/><\/strong> G\u00e9orgie \u2013 Espagne (17h)<br \/>Kosovo \u2013 Su\u00e8de (19h45)<br \/><strong>Groupe C<br \/><\/strong> Bulgarie \u2013 Italie (19h45)<br \/>Suisse \u2013 Lituanie (19h45)<br \/><strong>Groupe D<br \/><\/strong> Kazakhstan \u2013 France (14h)<br \/>Ukraine \u2013 Finlande (19h45)<br \/><strong>Groupe F<br \/><\/strong> Danemark \u2013 Moldavie (17h)<br \/>Isra\u00ebl \u2013 Ecosse (19h45)<br \/>Autriche \u2013 Iles F\u00e9ro\u00e9 (19h45)<br \/><strong>Groupe I<br \/><\/strong> Albanie \u2013 Angleterre (17h)<br \/>Pologne \u2013 Andorre (19h45)<br \/>Saint-Marin \u2013 Hongrie<br \/><strong>Groupe J<br \/><\/strong> Arm\u00e9nie \u2013 Islande (17h)<br \/>Roumanie \u2013 Allemagne (19h45)<br \/>Mac\u00e9doine du Nord \u2013 Liechtenstein (19h45).<\/p>\n<p>Auteur:<br \/>\n<a href=\"https:\/\/www.lesoirdalgerie.com\/sports\/lespagne-et-la-france-deja-en-appel-58626\">Cliquez ici pour lire l&rsquo;article depuis sa source.<\/a><\/p>\n","protected":false},"excerpt":{"rendered":"<p>Apr\u00e8s des d\u00e9buts poussifs, les \u00e9quipes de France et d&rsquo;Espagne, deux nations fortes du football mondial, devront se ressaisir respectivement contre le Kazakhstan et la G\u00e9orgie, aujourd\u2019hui dans le cadre de la 2e journ\u00e9e de la phase de qualification pour le Mondial-2022.La Roja, qui a d\u00fb partager les points \u00e0 Grenade face \u00e0 la modeste [&hellip;]<\/p>\n","protected":false},"author":1741,"featured_media":0,"comment_status":"closed","ping_status":"closed","sticky":false,"template":"","format":"standard","meta":{"fifu_image_url":"","fifu_image_alt":"","footnotes":""},"categories":[73,53],"tags":[],"class_list":["post-113871","post","type-post","status-publish","format-standard","hentry","category-actualite","category-algerie"],"_links":{"self":[{"href":"https:\/\/linitiative.ca\/International\/wp-json\/wp\/v2\/posts\/113871","targetHints":{"allow":["GET"]}}],"collection":[{"href":"https:\/\/linitiative.ca\/International\/wp-json\/wp\/v2\/posts"}],"about":[{"href":"https:\/\/linitiative.ca\/International\/wp-json\/wp\/v2\/types\/post"}],"author":[{"embeddable":true,"href":"https:\/\/linitiative.ca\/International\/wp-json\/wp\/v2\/users\/1741"}],"replies":[{"embeddable":true,"href":"https:\/\/linitiative.ca\/International\/wp-json\/wp\/v2\/comments?post=113871"}],"version-history":[{"count":0,"href":"https:\/\/linitiative.ca\/International\/wp-json\/wp\/v2\/posts\/113871\/revisions"}],"wp:attachment":[{"href":"https:\/\/linitiative.ca\/International\/wp-json\/wp\/v2\/media?parent=113871"}],"wp:term":[{"taxonomy":"category","embeddable":true,"href":"https:\/\/linitiative.ca\/International\/wp-json\/wp\/v2\/categories?post=113871"},{"taxonomy":"post_tag","embeddable":true,"href":"https:\/\/linitiative.ca\/International\/wp-json\/wp\/v2\/tags?post=113871"}],"curies":[{"name":"wp","href":"https:\/\/api.w.org\/{rel}","templated":true}]}}