{"id":113874,"date":"2021-03-28T07:57:48","date_gmt":"2021-03-28T11:57:48","guid":{"rendered":"https:\/\/linitiative.ca\/International\/dematerialisation-de-la-declaration-provisionnelle-en-douane-les-operateurs-obtiennent-un-delai-supplementaire\/"},"modified":"2021-03-28T07:57:48","modified_gmt":"2021-03-28T11:57:48","slug":"dematerialisation-de-la-declaration-provisionnelle-en-douane-les-operateurs-obtiennent-un-delai-supplementaire","status":"publish","type":"post","link":"https:\/\/linitiative.ca\/International\/dematerialisation-de-la-declaration-provisionnelle-en-douane-les-operateurs-obtiennent-un-delai-supplementaire\/","title":{"rendered":"D\u00e9mat\u00e9rialisation de la d\u00e9claration provisionnelle en douane : les op\u00e9rateurs obtiennent un d\u00e9lai suppl\u00e9mentaire"},"content":{"rendered":"<p><strong>Pr\u00e9vue depuis le 12 mars dernier pour entrer en vigueur avant-hier vendredi 27 mars, la d\u00e9mat\u00e9rialisation de la d\u00e9claration provisionnelle en douane a \u00e9t\u00e9 repouss\u00e9e \u00e0 la derni\u00e8re minute suite \u00e0 la demande des op\u00e9rateurs \u00e9conomiques.<\/strong><\/p>\n<div class=\"c10\">\n<\/div>\n<p>Par circulaire dat\u00e9e du 12 mars dernier, la Douane a d\u00e9cid\u00e9 de d\u00e9mat\u00e9rialiser la\u00a0d\u00e9claration provisionnelle\u00a0\u00e0 compter du vendredi 27 mars 2021, pour les op\u00e9rations r\u00e9alis\u00e9es sous les r\u00e9gimes de transit ainsi que tous les r\u00e9gimes ne donnant pas lieu \u00e0 ouverture d\u2019un compte de r\u00e9gimes \u00e9conomiques en\u00a0douane. Mais suite \u00e0 cette diffusion, certains op\u00e9rateurs \u00e9conomiques ont sollicit\u00e9 l\u2019octroi d\u2019un d\u00e9lai suppl\u00e9mentaire leur permettant de prendre les dispositions n\u00e9cessaires pour mieux s\u2019adapter aux exigences de la nouvelle proc\u00e9dure. Bonne nouvelle pour ces op\u00e9rateurs, la Douane a acc\u00e9d\u00e9 \u00e0 leur requ\u00eate \u00e0 travers une circulaire publi\u00e9e le jour m\u00eame de l\u2019entr\u00e9e en vigueur de cette nouvelle mesure. \u00ab\u00a0Il a \u00e9t\u00e9 d\u00e9cid\u00e9, \u00e0 pr\u00e9sent, de maintenir le mode de gestion des d\u00e9clarations provisionnelles avant le 26 mars 2021 pendant un d\u00e9lai suppl\u00e9mentaire de deux mois, soit jusqu\u2019au 26 mai 2021, en parall\u00e8le avec la proc\u00e9dure d\u00e9mat\u00e9rialis\u00e9e\u00a0\u00bb, indique la nouvelle circulaire dat\u00e9e du 26 mars 2021. Le document sign\u00e9 par le directeur g\u00e9n\u00e9ral de la Douane, Nabyl Lakhdar, justifie ce d\u00e9lai suppl\u00e9mentaire par la \u00ab\u00a0dol\u00e9ance des op\u00e9rateurs \u00e9conomiques et la conduite du changement\u00a0\u00bb.<\/p>\n<p><strong>Lire aussi|<a href=\"https:\/\/www.challenge.ma\/le-service-de-streaming-en-direct-de-facebook-debarque-au-maroc-179710\/\">Le service de streaming en direct de Facebook d\u00e9barque au Maroc<\/a><\/strong><\/p>\n<p>Pour autant l\u2019Administration des Douanes et Imp\u00f4ts indirects a invit\u00e9 dans sa circulaire les op\u00e9rateurs susvis\u00e9s, autant que faire se peut, \u00e0 faire usage du mode provisionnel d\u00e9mat\u00e9rialis\u00e9 et remonter \u00e0 cette administration, via la boite \u00e9lectronique <a href=\"\/cdn-cgi\/l\/email-protection#6c0203191a090000091c1e031a051f05030202090000092c0803190d0209420b031a42010d\"><span class=\"__cf_email__\" data-cfemail=\"deb0b1aba8bbb2b2bbaeacb1a8b7adb7b1b0b0bbb2b2bb9ebab1abbfb0bbf0b9b1a8f0b3bf\">[email\u00a0protected]<\/span><\/a> toute difficult\u00e9 rencontr\u00e9e et toute proposition \u00e9ventuelle d\u2019am\u00e9lioration. Selon la Douane, ce d\u00e9lai suppl\u00e9mentaire ne concerne pas les r\u00e9gimes 085, 855 et 060 qui doivent \u00eatre obligatoirement d\u00e9clar\u00e9s selon le mode provisionnel d\u00e9mat\u00e9rialis\u00e9. Pour rappel, les d\u00e9clarations provisionnelles ont \u00e9t\u00e9 con\u00e7ues pour faciliter la t\u00e2che aux importateurs et exportateurs de marchandises en vrac, solides ou liquides, comme les huiles, les minerais, les c\u00e9r\u00e9ales.<\/p>\n<p><strong>Lire aussi| <a href=\"https:\/\/www.challenge.ma\/obligations-fiscales-un-surcout-a-eviter-179547\/\">Obligations fiscales, un surco\u00fbt \u00e0 \u00e9viter<\/a><\/strong><\/p>\n<p>Auteur: Adama Sylla<br \/>\n<a href=\"https:\/\/www.challenge.ma\/dematerialisation-de-la-declaration-provisionnelle-en-douane-les-operateurs-obtiennent-un-delai-supplementaire-179715\/\">Cliquez ici pour lire l&rsquo;article depuis sa source.<\/a><\/p>\n","protected":false},"excerpt":{"rendered":"<p>Pr\u00e9vue depuis le 12 mars dernier pour entrer en vigueur avant-hier vendredi 27 mars, la d\u00e9mat\u00e9rialisation de la d\u00e9claration provisionnelle en douane a \u00e9t\u00e9 repouss\u00e9e \u00e0 la derni\u00e8re minute suite \u00e0 la demande des op\u00e9rateurs \u00e9conomiques. Par circulaire dat\u00e9e du 12 mars dernier, la Douane a d\u00e9cid\u00e9 de d\u00e9mat\u00e9rialiser la\u00a0d\u00e9claration provisionnelle\u00a0\u00e0 compter du vendredi 27 [&hellip;]<\/p>\n","protected":false},"author":1787,"featured_media":0,"comment_status":"closed","ping_status":"closed","sticky":false,"template":"","format":"standard","meta":{"fifu_image_url":"","fifu_image_alt":"","footnotes":""},"categories":[78,54],"tags":[],"class_list":["post-113874","post","type-post","status-publish","format-standard","hentry","category-economie","category-maroc"],"_links":{"self":[{"href":"https:\/\/linitiative.ca\/International\/wp-json\/wp\/v2\/posts\/113874","targetHints":{"allow":["GET"]}}],"collection":[{"href":"https:\/\/linitiative.ca\/International\/wp-json\/wp\/v2\/posts"}],"about":[{"href":"https:\/\/linitiative.ca\/International\/wp-json\/wp\/v2\/types\/post"}],"author":[{"embeddable":true,"href":"https:\/\/linitiative.ca\/International\/wp-json\/wp\/v2\/users\/1787"}],"replies":[{"embeddable":true,"href":"https:\/\/linitiative.ca\/International\/wp-json\/wp\/v2\/comments?post=113874"}],"version-history":[{"count":0,"href":"https:\/\/linitiative.ca\/International\/wp-json\/wp\/v2\/posts\/113874\/revisions"}],"wp:attachment":[{"href":"https:\/\/linitiative.ca\/International\/wp-json\/wp\/v2\/media?parent=113874"}],"wp:term":[{"taxonomy":"category","embeddable":true,"href":"https:\/\/linitiative.ca\/International\/wp-json\/wp\/v2\/categories?post=113874"},{"taxonomy":"post_tag","embeddable":true,"href":"https:\/\/linitiative.ca\/International\/wp-json\/wp\/v2\/tags?post=113874"}],"curies":[{"name":"wp","href":"https:\/\/api.w.org\/{rel}","templated":true}]}}